{"id":18613,"date":"2023-02-07T10:07:42","date_gmt":"2023-02-07T09:07:42","guid":{"rendered":"https:\/\/serveiseducatius.xtec.cat\/vallesoriental4\/?p=18613"},"modified":"2023-02-07T10:08:17","modified_gmt":"2023-02-07T09:08:17","slug":"escola-destiu-biblioteca-i-escola-escola-destiu-2023","status":"publish","type":"post","link":"https:\/\/serveiseducatius.xtec.cat\/vallesoriental4\/portada\/escola-destiu-biblioteca-i-escola-escola-destiu-2023\/","title":{"rendered":"Escola d&#8217;Estiu Biblioteca i escola &#8211; Escola d&#8217;Estiu 2023"},"content":{"rendered":"<p><img loading=\"lazy\" decoding=\"async\" class=\" wp-image-18614 alignleft\" src=\"https:\/\/serveiseducatius.xtec.cat\/vallesoriental4\/wp-content\/uploads\/usu1133\/2023\/02\/escola-estiu-300x66.jpg\" alt=\"\" width=\"382\" height=\"84\" srcset=\"https:\/\/serveiseducatius.xtec.cat\/vallesoriental4\/wp-content\/uploads\/usu1133\/2023\/02\/escola-estiu-300x66.jpg 300w, https:\/\/serveiseducatius.xtec.cat\/vallesoriental4\/wp-content\/uploads\/usu1133\/2023\/02\/escola-estiu-768x170.jpg 768w, https:\/\/serveiseducatius.xtec.cat\/vallesoriental4\/wp-content\/uploads\/usu1133\/2023\/02\/escola-estiu.jpg 900w\" sizes=\"auto, (max-width: 382px) 100vw, 382px\" \/><\/p>\n<p class=\"CDt4Ke zfr3Q\" dir=\"ltr\">Harold Howe II deia &#8220;el que una escola pensa sobre la seva biblioteca, \u00e9s un referent de qu\u00e8 sent sobre l&#8217;educaci\u00f3&#8221;.<\/p>\n<p class=\"CDt4Ke zfr3Q\" dir=\"ltr\">Si ets docent, bibliotecari o persona vinculada al m\u00f3n de les biblioteques p\u00fabliques o escolars i aquesta frase et ressona, est\u00e0s en el lloc adequat! Si has arribat fins aqu\u00ed \u00e9s perqu\u00e8 mostres inter\u00e8s a saber qu\u00e8 es teixir\u00e0 a la <strong>II Escola d&#8217;Estiu Biblioteca i Escola <\/strong>i, fins i tot, potser et ve de gust participar-hi de forma activa.<\/p>\n<p class=\"CDt4Ke zfr3Q\" dir=\"ltr\">D&#8217;una manera o altra t&#8217;oferim la possibilitat de <a class=\"XqQF9c rXJpyf\" href=\"https:\/\/docs.google.com\/forms\/d\/e\/1FAIpQLSf-DmX2s04k_vLuybEPf1eJg5zbRmrBxKd2oVYbSds5xzM0HQ\/viewform\" target=\"_blank\" rel=\"noopener\"><strong>preinscriure&#8217;t<\/strong><\/a> i seguir tot el que estem preparant per vosaltres.<\/p>\n<p class=\"CDt4Ke zfr3Q\" dir=\"ltr\">A mesura que anem definint el programa el farem visible en aquest espai.<\/p>\n<p dir=\"ltr\">Escola d&#8217;Estiu Biblioteca i Escola 2023:\u00a0 \u00a0<a class=\"XqQF9c\" href=\"https:\/\/docs.google.com\/spreadsheets\/d\/e\/2PACX-1vSbIqJ_Pw9Llt761d5WKupD-eCqRB-rthqfaGY8hZQH7C-h7swZQqxFKOk7uzO-HtQSb6qACwMntr6e\/pubhtml?gid=1352989328&amp;single=true\" target=\"_blank\" rel=\"noopener\"><em>EL PROGRAMA\u00a0<\/em><\/a><\/p>\n<p dir=\"ltr\">\n","protected":false},"excerpt":{"rendered":"<p>Harold Howe II deia &#8220;el que una escola pensa sobre la seva biblioteca, \u00e9s un referent de qu\u00e8 sent sobre l&#8217;educaci\u00f3&#8221;. Si ets docent, bibliotecari o persona vinculada al m\u00f3n de les biblioteques p\u00fabliques o escolars i aquesta frase et ressona, est\u00e0s en el lloc adequat! Si has arribat fins aqu\u00ed \u00e9s perqu\u00e8 mostres inter\u00e8s [&hellip;]<\/p>\n","protected":false},"author":1,"featured_media":18614,"comment_status":"open","ping_status":"closed","sticky":false,"template":"","format":"standard","meta":{"_bbp_topic_count":0,"_bbp_reply_count":0,"_bbp_total_topic_count":0,"_bbp_total_reply_count":0,"_bbp_voice_count":0,"_bbp_anonymous_reply_count":0,"_bbp_topic_count_hidden":0,"_bbp_reply_count_hidden":0,"_bbp_forum_subforum_count":0,"site-sidebar-layout":"default","site-content-layout":"","ast-site-content-layout":"","site-content-style":"default","site-sidebar-style":"default","ast-global-header-display":"","ast-banner-title-visibility":"","ast-main-header-display":"","ast-hfb-above-header-display":"","ast-hfb-below-header-display":"","ast-hfb-mobile-header-display":"","site-post-title":"","ast-breadcrumbs-content":"","ast-featured-img":"","footer-sml-layout":"","theme-transparent-header-meta":"","adv-header-id-meta":"","stick-header-meta":"","header-above-stick-meta":"","header-main-stick-meta":"","header-below-stick-meta":"","astra-migrate-meta-layouts":"default","ast-page-background-enabled":"default","ast-page-background-meta":{"desktop":{"background-color":"var(--ast-global-color-4)","background-image":"","background-repeat":"repeat","background-position":"center center","background-size":"auto","background-attachment":"scroll","background-type":"","background-media":"","overlay-type":"","overlay-color":"","overlay-opacity":"","overlay-gradient":""},"tablet":{"background-color":"","background-image":"","background-repeat":"repeat","background-position":"center center","background-size":"auto","background-attachment":"scroll","background-type":"","background-media":"","overlay-type":"","overlay-color":"","overlay-opacity":"","overlay-gradient":""},"mobile":{"background-color":"","background-image":"","background-repeat":"repeat","background-position":"center center","background-size":"auto","background-attachment":"scroll","background-type":"","background-media":"","overlay-type":"","overlay-color":"","overlay-opacity":"","overlay-gradient":""}},"ast-content-background-meta":{"desktop":{"background-color":"var(--ast-global-color-5)","background-image":"","background-repeat":"repeat","background-position":"center center","background-size":"auto","background-attachment":"scroll","background-type":"","background-media":"","overlay-type":"","overlay-color":"","overlay-opacity":"","overlay-gradient":""},"tablet":{"background-color":"var(--ast-global-color-5)","background-image":"","background-repeat":"repeat","background-position":"center center","background-size":"auto","background-attachment":"scroll","background-type":"","background-media":"","overlay-type":"","overlay-color":"","overlay-opacity":"","overlay-gradient":""},"mobile":{"background-color":"var(--ast-global-color-5)","background-image":"","background-repeat":"repeat","background-position":"center center","background-size":"auto","background-attachment":"scroll","background-type":"","background-media":"","overlay-type":"","overlay-color":"","overlay-opacity":"","overlay-gradient":""}},"footnotes":""},"categories":[81,29],"tags":[],"class_list":["post-18613","post","type-post","status-publish","format-standard","has-post-thumbnail","hentry","category-biblioteca-escolar","category-portada"],"post_mailing_queue_ids":[],"_links":{"self":[{"href":"https:\/\/serveiseducatius.xtec.cat\/vallesoriental4\/wp-json\/wp\/v2\/posts\/18613","targetHints":{"allow":["GET"]}}],"collection":[{"href":"https:\/\/serveiseducatius.xtec.cat\/vallesoriental4\/wp-json\/wp\/v2\/posts"}],"about":[{"href":"https:\/\/serveiseducatius.xtec.cat\/vallesoriental4\/wp-json\/wp\/v2\/types\/post"}],"author":[{"embeddable":true,"href":"https:\/\/serveiseducatius.xtec.cat\/vallesoriental4\/wp-json\/wp\/v2\/users\/1"}],"replies":[{"embeddable":true,"href":"https:\/\/serveiseducatius.xtec.cat\/vallesoriental4\/wp-json\/wp\/v2\/comments?post=18613"}],"version-history":[{"count":3,"href":"https:\/\/serveiseducatius.xtec.cat\/vallesoriental4\/wp-json\/wp\/v2\/posts\/18613\/revisions"}],"predecessor-version":[{"id":18618,"href":"https:\/\/serveiseducatius.xtec.cat\/vallesoriental4\/wp-json\/wp\/v2\/posts\/18613\/revisions\/18618"}],"wp:featuredmedia":[{"embeddable":true,"href":"https:\/\/serveiseducatius.xtec.cat\/vallesoriental4\/wp-json\/wp\/v2\/media\/18614"}],"wp:attachment":[{"href":"https:\/\/serveiseducatius.xtec.cat\/vallesoriental4\/wp-json\/wp\/v2\/media?parent=18613"}],"wp:term":[{"taxonomy":"category","embeddable":true,"href":"https:\/\/serveiseducatius.xtec.cat\/vallesoriental4\/wp-json\/wp\/v2\/categories?post=18613"},{"taxonomy":"post_tag","embeddable":true,"href":"https:\/\/serveiseducatius.xtec.cat\/vallesoriental4\/wp-json\/wp\/v2\/tags?post=18613"}],"curies":[{"name":"wp","href":"https:\/\/api.w.org\/{rel}","templated":true}]}}