{"id":18387,"date":"2022-12-13T12:58:03","date_gmt":"2022-12-13T11:58:03","guid":{"rendered":"https:\/\/serveiseducatius.xtec.cat\/vallesoriental4\/?p=18387"},"modified":"2022-12-13T12:58:03","modified_gmt":"2022-12-13T11:58:03","slug":"quan-la-fotografia-es-art-visites-i-recursos-educatius-per-primaria-i-secundaria","status":"publish","type":"post","link":"https:\/\/serveiseducatius.xtec.cat\/vallesoriental4\/general\/quan-la-fotografia-es-art-visites-i-recursos-educatius-per-primaria-i-secundaria\/","title":{"rendered":"&#8220;Quan la fotografia \u00e9s art&#8221;, visites i recursos educatius per prim\u00e0ria i secund\u00e0ria."},"content":{"rendered":"<p><img loading=\"lazy\" decoding=\"async\" class=\"size-medium wp-image-18388 alignleft\" src=\"https:\/\/serveiseducatius.xtec.cat\/vallesoriental4\/wp-content\/uploads\/usu1133\/2022\/12\/unnamed-13-300x126.jpg\" alt=\"\" width=\"300\" height=\"126\" srcset=\"https:\/\/serveiseducatius.xtec.cat\/vallesoriental4\/wp-content\/uploads\/usu1133\/2022\/12\/unnamed-13-300x126.jpg 300w, https:\/\/serveiseducatius.xtec.cat\/vallesoriental4\/wp-content\/uploads\/usu1133\/2022\/12\/unnamed-13-1024x431.jpg 1024w, https:\/\/serveiseducatius.xtec.cat\/vallesoriental4\/wp-content\/uploads\/usu1133\/2022\/12\/unnamed-13-768x323.jpg 768w, https:\/\/serveiseducatius.xtec.cat\/vallesoriental4\/wp-content\/uploads\/usu1133\/2022\/12\/unnamed-13-1536x646.jpg 1536w, https:\/\/serveiseducatius.xtec.cat\/vallesoriental4\/wp-content\/uploads\/usu1133\/2022\/12\/unnamed-13.jpg 1600w\" sizes=\"auto, (max-width: 300px) 100vw, 300px\" \/><\/p>\n<p><img loading=\"lazy\" decoding=\"async\" class=\"\" src=\"https:\/\/ci4.googleusercontent.com\/proxy\/NdeD4ed3FR6W4bRN7ei790ha63PxFrbBLrs2XBIMJn4Vc2FvjhyRhdVu519tuOR-_p4f59Zz3XrzKrA2putGrinEIpMzhqz6VwXPYw3FLpzjxRpj9OyEVxi8Yb_vCFcuD2WVaqpdFn43_M4kKEWURFV6PuYnvA=s0-d-e1-ft#https:\/\/mcusercontent.com\/80c600852af53f54a53f48ba9\/images\/afb8d2fc-0280-01f5-35eb-9872645ee89f.png\" width=\"353\" height=\"104\" \/><\/p>\n<p>Des de l&#8217;\u00e0rea educativa del\u00a0<strong><span style=\"color: #ff0000;\">centre de fotografia KBr<\/span>\u00a0<\/strong>de Fundaci\u00f3n MAPFRE volem\u00a0donar-vos a con\u00e8ixer\u00a0les nostres\u00a0<strong>activitats educatives del programa<em>\u00a0Quan la fotografia \u00e9s art.\u00a0<\/em><\/strong><\/p>\n<p>A continuaci\u00f3, us detallem informaci\u00f3 pr\u00e0ctica i d&#8217;acc\u00e9s de reserva:<\/p>\n<p><strong><span style=\"color: #ff0000;\">Activitat:<\/span>\u00a0<\/strong>visites-taller\u00a0que tenen l&#8217;objectiu d&#8217;apropar\u00a0les claus de la fotografia i generar una experi\u00e8ncia estimulant en una sala d&#8217;exposicions.<\/p>\n<p><span style=\"color: #ff0000;\"><strong>Lloc:\u00a0<\/strong><\/span>KBr Fundaci\u00f3 MAPFRE, al Port Ol\u00edmpic. Avinguda del Litoral, 30, 08005, Barcelona.<\/p>\n<p><span style=\"color: #ff0000;\"><strong>Reserva:<\/strong><\/span><strong>\u00a0<\/strong>El grup\u00a0haur\u00e0 d&#8217;acordar dia i hora de la visita amb la instituci\u00f3 (<a href=\"mailto:edukbr@fundacionmapfre.org\">edukbr@fundacionmapfre.org<\/a>\u00a0o\u00a0666 40 13 84).<\/p>\n<p><a class=\"m_-1949112059955584180mcnButton\" title=\"\ud83d\udcde Per a m\u00e9s informaci\u00f3 telefona'ns al 666401384 o escriu-nos a edukbr@fundacionmapfre.org\" href=\"mailto:edukbr@fundacionmapfre.org\" target=\"_blank\" rel=\"noopener\"><img loading=\"lazy\" decoding=\"async\" class=\"an1\" src=\"https:\/\/fonts.gstatic.com\/s\/e\/notoemoji\/15.0\/1f4de\/72.png\" alt=\"\ud83d\udcde\" width=\"27\" height=\"27\" data-emoji=\"\ud83d\udcde\" aria-label=\"\ud83d\udcde\" \/>\u00a0Per a m\u00e9s informaci\u00f3 telefona&#8217;ns al 666401384 o escriu-nos a edukbr@fundacionmapfre.org<\/a><\/p>\n<p><a class=\"m_-1949112059955584180mcnButton\" title=\"\ud83d\udc41\ufe0f Descobreix les nostres exposicions!\" href=\"https:\/\/fundacionmapfre.us11.list-manage.com\/track\/click?u=80c600852af53f54a53f48ba9&amp;id=2aa108c6d9&amp;e=5efbef5992\" target=\"_blank\" rel=\"noopener\" data-saferedirecturl=\"https:\/\/www.google.com\/url?q=https:\/\/fundacionmapfre.us11.list-manage.com\/track\/click?u%3D80c600852af53f54a53f48ba9%26id%3D2aa108c6d9%26e%3D5efbef5992&amp;source=gmail&amp;ust=1671009827922000&amp;usg=AOvVaw1-MLJMvSl-2UpapDukX6EL\"><img loading=\"lazy\" decoding=\"async\" class=\"an1\" src=\"https:\/\/fonts.gstatic.com\/s\/e\/notoemoji\/15.0\/1f441_fe0f\/72.png\" alt=\"\ud83d\udc41\ufe0f\" width=\"31\" height=\"31\" data-emoji=\"\ud83d\udc41\ufe0f\" aria-label=\"\ud83d\udc41\ufe0f\" \/>\u00a0Descobreix les nostres exposicions!<\/a><\/p>\n<p><a class=\"m_-1949112059955584180mcnButton\" title=\"\ud83d\udcc1Descarrega't el quadern de treball per a prim\u00e0ria i secundr\u00e0ria\" href=\"https:\/\/fundacionmapfre.us11.list-manage.com\/track\/click?u=80c600852af53f54a53f48ba9&amp;id=898ef4b0c2&amp;e=5efbef5992\" target=\"_blank\" rel=\"noopener\" data-saferedirecturl=\"https:\/\/www.google.com\/url?q=https:\/\/fundacionmapfre.us11.list-manage.com\/track\/click?u%3D80c600852af53f54a53f48ba9%26id%3D898ef4b0c2%26e%3D5efbef5992&amp;source=gmail&amp;ust=1671009827922000&amp;usg=AOvVaw1H3VTvY71yDoSyw9kNNdHo\"><img loading=\"lazy\" decoding=\"async\" class=\"an1\" src=\"https:\/\/fonts.gstatic.com\/s\/e\/notoemoji\/15.0\/1f4c1\/72.png\" alt=\"\ud83d\udcc1\" width=\"29\" height=\"29\" data-emoji=\"\ud83d\udcc1\" aria-label=\"\ud83d\udcc1\" \/>Descarrega&#8217;t el quadern de treball per a prim\u00e0ria i secundr\u00e0ria<\/a><\/p>\n<p>&nbsp;<\/p>\n<p>&nbsp;<\/p>\n","protected":false},"excerpt":{"rendered":"<p>Des de l&#8217;\u00e0rea educativa del\u00a0centre de fotografia KBr\u00a0de Fundaci\u00f3n MAPFRE volem\u00a0donar-vos a con\u00e8ixer\u00a0les nostres\u00a0activitats educatives del programa\u00a0Quan la fotografia \u00e9s art.\u00a0 A continuaci\u00f3, us detallem informaci\u00f3 pr\u00e0ctica i d&#8217;acc\u00e9s de reserva: Activitat:\u00a0visites-taller\u00a0que tenen l&#8217;objectiu d&#8217;apropar\u00a0les claus de la fotografia i generar una experi\u00e8ncia estimulant en una sala d&#8217;exposicions. Lloc:\u00a0KBr Fundaci\u00f3 MAPFRE, al Port Ol\u00edmpic. Avinguda [&hellip;]<\/p>\n","protected":false},"author":1,"featured_media":0,"comment_status":"open","ping_status":"closed","sticky":false,"template":"","format":"standard","meta":{"_bbp_topic_count":0,"_bbp_reply_count":0,"_bbp_total_topic_count":0,"_bbp_total_reply_count":0,"_bbp_voice_count":0,"_bbp_anonymous_reply_count":0,"_bbp_topic_count_hidden":0,"_bbp_reply_count_hidden":0,"_bbp_forum_subforum_count":0,"site-sidebar-layout":"default","site-content-layout":"","ast-site-content-layout":"","site-content-style":"default","site-sidebar-style":"default","ast-global-header-display":"","ast-banner-title-visibility":"","ast-main-header-display":"","ast-hfb-above-header-display":"","ast-hfb-below-header-display":"","ast-hfb-mobile-header-display":"","site-post-title":"","ast-breadcrumbs-content":"","ast-featured-img":"","footer-sml-layout":"","theme-transparent-header-meta":"","adv-header-id-meta":"","stick-header-meta":"","header-above-stick-meta":"","header-main-stick-meta":"","header-below-stick-meta":"","astra-migrate-meta-layouts":"default","ast-page-background-enabled":"default","ast-page-background-meta":{"desktop":{"background-color":"var(--ast-global-color-4)","background-image":"","background-repeat":"repeat","background-position":"center center","background-size":"auto","background-attachment":"scroll","background-type":"","background-media":"","overlay-type":"","overlay-color":"","overlay-opacity":"","overlay-gradient":""},"tablet":{"background-color":"","background-image":"","background-repeat":"repeat","background-position":"center center","background-size":"auto","background-attachment":"scroll","background-type":"","background-media":"","overlay-type":"","overlay-color":"","overlay-opacity":"","overlay-gradient":""},"mobile":{"background-color":"","background-image":"","background-repeat":"repeat","background-position":"center center","background-size":"auto","background-attachment":"scroll","background-type":"","background-media":"","overlay-type":"","overlay-color":"","overlay-opacity":"","overlay-gradient":""}},"ast-content-background-meta":{"desktop":{"background-color":"var(--ast-global-color-5)","background-image":"","background-repeat":"repeat","background-position":"center center","background-size":"auto","background-attachment":"scroll","background-type":"","background-media":"","overlay-type":"","overlay-color":"","overlay-opacity":"","overlay-gradient":""},"tablet":{"background-color":"var(--ast-global-color-5)","background-image":"","background-repeat":"repeat","background-position":"center center","background-size":"auto","background-attachment":"scroll","background-type":"","background-media":"","overlay-type":"","overlay-color":"","overlay-opacity":"","overlay-gradient":""},"mobile":{"background-color":"var(--ast-global-color-5)","background-image":"","background-repeat":"repeat","background-position":"center center","background-size":"auto","background-attachment":"scroll","background-type":"","background-media":"","overlay-type":"","overlay-color":"","overlay-opacity":"","overlay-gradient":""}},"footnotes":""},"categories":[1,29],"tags":[],"class_list":["post-18387","post","type-post","status-publish","format-standard","hentry","category-general","category-portada"],"post_mailing_queue_ids":[],"_links":{"self":[{"href":"https:\/\/serveiseducatius.xtec.cat\/vallesoriental4\/wp-json\/wp\/v2\/posts\/18387","targetHints":{"allow":["GET"]}}],"collection":[{"href":"https:\/\/serveiseducatius.xtec.cat\/vallesoriental4\/wp-json\/wp\/v2\/posts"}],"about":[{"href":"https:\/\/serveiseducatius.xtec.cat\/vallesoriental4\/wp-json\/wp\/v2\/types\/post"}],"author":[{"embeddable":true,"href":"https:\/\/serveiseducatius.xtec.cat\/vallesoriental4\/wp-json\/wp\/v2\/users\/1"}],"replies":[{"embeddable":true,"href":"https:\/\/serveiseducatius.xtec.cat\/vallesoriental4\/wp-json\/wp\/v2\/comments?post=18387"}],"version-history":[{"count":2,"href":"https:\/\/serveiseducatius.xtec.cat\/vallesoriental4\/wp-json\/wp\/v2\/posts\/18387\/revisions"}],"predecessor-version":[{"id":18391,"href":"https:\/\/serveiseducatius.xtec.cat\/vallesoriental4\/wp-json\/wp\/v2\/posts\/18387\/revisions\/18391"}],"wp:attachment":[{"href":"https:\/\/serveiseducatius.xtec.cat\/vallesoriental4\/wp-json\/wp\/v2\/media?parent=18387"}],"wp:term":[{"taxonomy":"category","embeddable":true,"href":"https:\/\/serveiseducatius.xtec.cat\/vallesoriental4\/wp-json\/wp\/v2\/categories?post=18387"},{"taxonomy":"post_tag","embeddable":true,"href":"https:\/\/serveiseducatius.xtec.cat\/vallesoriental4\/wp-json\/wp\/v2\/tags?post=18387"}],"curies":[{"name":"wp","href":"https:\/\/api.w.org\/{rel}","templated":true}]}}