{"id":17722,"date":"2022-05-17T10:29:57","date_gmt":"2022-05-17T08:29:57","guid":{"rendered":"https:\/\/serveiseducatius.xtec.cat\/vallesoriental4\/?p=17722"},"modified":"2022-05-17T10:29:57","modified_gmt":"2022-05-17T08:29:57","slug":"jornada-descacs-i-educacio-21-de-maig-a-vila-seca","status":"publish","type":"post","link":"https:\/\/serveiseducatius.xtec.cat\/vallesoriental4\/portada\/jornada-descacs-i-educacio-21-de-maig-a-vila-seca\/","title":{"rendered":"Jornada d&#8217;Escacs i Educaci\u00f3, 21 de maig a Vila-seca"},"content":{"rendered":"<p>El Programa &#8220;Escacs a l&#8217;escola&#8221; celebra el seu 10\u00e8 aniversari amb una <a href=\"https:\/\/docs.google.com\/document\/d\/1_qgGjnsZDgBINrAVV1v9bYtFNK3JHnizVkvvGsbaPtY\/edit\" target=\"_blank\" rel=\"noopener\"><strong>JORNADA D&#8217;ESCACS I EDUCACI\u00d3<\/strong><\/a><strong> el dia 21 de maig, a les instal\u00b7lacions de l&#8217;Escola Sant Bernat Calv\u00f3 de Vila-seca. <\/strong><\/p>\n<p>Durant la Jornada s&#8217;oferiran diversos tallers, xerrades i presentacions de diverses tem\u00e0tiques que esperem que siguin del vostre inter\u00e8s. Tamb\u00e9 comptarem amb una zona d&#8217;expositors i amb un espai infantil que oferir\u00e0 diverses propostes d&#8217;escacs per als alumnes que tamb\u00e9 hi vulguin participar.<\/p>\n<p>Tots els actes de la jornada s\u00f3n gratu\u00efts i us podeu apuntar als que m\u00e9s us vingui de gust. \u00c9s important, per\u00f2, que aneu formalitzant les inscripcions perqu\u00e8 algunes activitats tenen places limitades. D&#8217;altra banda, tenir una previsi\u00f3 de gent amb antelaci\u00f3 tamb\u00e9 ens ajudar\u00e0 a una millor organitzaci\u00f3.<\/p>\n<p>Esperem que les propostes que us presentem siguin del vostre inter\u00e8s i us animem a participar-hi,<\/p>\n<p><b>INFORMACI\u00d3 I INSCRIPCIONS A LES XERRADES I TALLERS:\u00a0<\/b><a href=\"https:\/\/eur03.safelinks.protection.outlook.com\/?url=https%3A%2F%2Fdocs.google.com%2Fdocument%2Fd%2F1_qgGjnsZDgBINrAVV1v9bYtFNK3JHnizVkvvGsbaPtY%2Fedit%3Fusp%3Dsharing&amp;data=05%7C01%7Cmontserrat.payes%40gencat.cat%7Cd057f403b9774d9be69c08da37838b85%7C3b9427dcd30e43bc8c06ff7253676fec%7C1%7C0%7C637883335372730071%7CUnknown%7CTWFpbGZsb3d8eyJWIjoiMC4wLjAwMDAiLCJQIjoiV2luMzIiLCJBTiI6Ik1haWwiLCJXVCI6Mn0%3D%7C3000%7C%7C%7C&amp;sdata=Il%2FpvcVrNBUSqqVis6HRqgmLe%2FJnOoT0CO5JzQYXlLE%3D&amp;reserved=0\" target=\"_blank\" rel=\"noopener\" data-saferedirecturl=\"https:\/\/www.google.com\/url?q=https:\/\/eur03.safelinks.protection.outlook.com\/?url%3Dhttps%253A%252F%252Fdocs.google.com%252Fdocument%252Fd%252F1_qgGjnsZDgBINrAVV1v9bYtFNK3JHnizVkvvGsbaPtY%252Fedit%253Fusp%253Dsharing%26data%3D05%257C01%257Cmontserrat.payes%2540gencat.cat%257Cd057f403b9774d9be69c08da37838b85%257C3b9427dcd30e43bc8c06ff7253676fec%257C1%257C0%257C637883335372730071%257CUnknown%257CTWFpbGZsb3d8eyJWIjoiMC4wLjAwMDAiLCJQIjoiV2luMzIiLCJBTiI6Ik1haWwiLCJXVCI6Mn0%253D%257C3000%257C%257C%257C%26sdata%3DIl%252FpvcVrNBUSqqVis6HRqgmLe%252FJnOoT0CO5JzQYXlLE%253D%26reserved%3D0&amp;source=gmail&amp;ust=1652861477556000&amp;usg=AOvVaw2CKwzRvvijCR8n_gSOBtn3\">CLICA AQU\u00cd<\/a><\/p>\n<p><b>INSCRIPCIONS A LES ACTIVITATS INFANTILS:<\/b>\u00a0<a href=\"https:\/\/eur03.safelinks.protection.outlook.com\/?url=https%3A%2F%2Fforms.gle%2FqGD4cYCzwwJB5uMBA&amp;data=05%7C01%7Cmontserrat.payes%40gencat.cat%7Cd057f403b9774d9be69c08da37838b85%7C3b9427dcd30e43bc8c06ff7253676fec%7C1%7C0%7C637883335372730071%7CUnknown%7CTWFpbGZsb3d8eyJWIjoiMC4wLjAwMDAiLCJQIjoiV2luMzIiLCJBTiI6Ik1haWwiLCJXVCI6Mn0%3D%7C3000%7C%7C%7C&amp;sdata=lxF3U%2Bw1UpRNYR2qj9xgBFlpD4npbuHwpoPzvgFtTsA%3D&amp;reserved=0\" target=\"_blank\" rel=\"noopener\" data-saferedirecturl=\"https:\/\/www.google.com\/url?q=https:\/\/eur03.safelinks.protection.outlook.com\/?url%3Dhttps%253A%252F%252Fforms.gle%252FqGD4cYCzwwJB5uMBA%26data%3D05%257C01%257Cmontserrat.payes%2540gencat.cat%257Cd057f403b9774d9be69c08da37838b85%257C3b9427dcd30e43bc8c06ff7253676fec%257C1%257C0%257C637883335372730071%257CUnknown%257CTWFpbGZsb3d8eyJWIjoiMC4wLjAwMDAiLCJQIjoiV2luMzIiLCJBTiI6Ik1haWwiLCJXVCI6Mn0%253D%257C3000%257C%257C%257C%26sdata%3DlxF3U%252Bw1UpRNYR2qj9xgBFlpD4npbuHwpoPzvgFtTsA%253D%26reserved%3D0&amp;source=gmail&amp;ust=1652861477556000&amp;usg=AOvVaw0gDUcRP0MBXRIr0aOQxUWG\">CLICA AQU\u00cd<\/a><\/p>\n<p>&nbsp;<\/p>\n","protected":false},"excerpt":{"rendered":"<p>El Programa &#8220;Escacs a l&#8217;escola&#8221; celebra el seu 10\u00e8 aniversari amb una JORNADA D&#8217;ESCACS I EDUCACI\u00d3 el dia 21 de maig, a les instal\u00b7lacions de l&#8217;Escola Sant Bernat Calv\u00f3 de Vila-seca. Durant la Jornada s&#8217;oferiran diversos tallers, xerrades i presentacions de diverses tem\u00e0tiques que esperem que siguin del vostre inter\u00e8s. Tamb\u00e9 comptarem amb una zona [&hellip;]<\/p>\n","protected":false},"author":1,"featured_media":17723,"comment_status":"closed","ping_status":"closed","sticky":false,"template":"","format":"standard","meta":{"_bbp_topic_count":0,"_bbp_reply_count":0,"_bbp_total_topic_count":0,"_bbp_total_reply_count":0,"_bbp_voice_count":0,"_bbp_anonymous_reply_count":0,"_bbp_topic_count_hidden":0,"_bbp_reply_count_hidden":0,"_bbp_forum_subforum_count":0,"site-sidebar-layout":"default","site-content-layout":"","ast-site-content-layout":"","site-content-style":"default","site-sidebar-style":"default","ast-global-header-display":"","ast-banner-title-visibility":"","ast-main-header-display":"","ast-hfb-above-header-display":"","ast-hfb-below-header-display":"","ast-hfb-mobile-header-display":"","site-post-title":"","ast-breadcrumbs-content":"","ast-featured-img":"","footer-sml-layout":"","theme-transparent-header-meta":"","adv-header-id-meta":"","stick-header-meta":"","header-above-stick-meta":"","header-main-stick-meta":"","header-below-stick-meta":"","astra-migrate-meta-layouts":"default","ast-page-background-enabled":"default","ast-page-background-meta":{"desktop":{"background-color":"var(--ast-global-color-4)","background-image":"","background-repeat":"repeat","background-position":"center center","background-size":"auto","background-attachment":"scroll","background-type":"","background-media":"","overlay-type":"","overlay-color":"","overlay-opacity":"","overlay-gradient":""},"tablet":{"background-color":"","background-image":"","background-repeat":"repeat","background-position":"center center","background-size":"auto","background-attachment":"scroll","background-type":"","background-media":"","overlay-type":"","overlay-color":"","overlay-opacity":"","overlay-gradient":""},"mobile":{"background-color":"","background-image":"","background-repeat":"repeat","background-position":"center center","background-size":"auto","background-attachment":"scroll","background-type":"","background-media":"","overlay-type":"","overlay-color":"","overlay-opacity":"","overlay-gradient":""}},"ast-content-background-meta":{"desktop":{"background-color":"var(--ast-global-color-5)","background-image":"","background-repeat":"repeat","background-position":"center center","background-size":"auto","background-attachment":"scroll","background-type":"","background-media":"","overlay-type":"","overlay-color":"","overlay-opacity":"","overlay-gradient":""},"tablet":{"background-color":"var(--ast-global-color-5)","background-image":"","background-repeat":"repeat","background-position":"center center","background-size":"auto","background-attachment":"scroll","background-type":"","background-media":"","overlay-type":"","overlay-color":"","overlay-opacity":"","overlay-gradient":""},"mobile":{"background-color":"var(--ast-global-color-5)","background-image":"","background-repeat":"repeat","background-position":"center center","background-size":"auto","background-attachment":"scroll","background-type":"","background-media":"","overlay-type":"","overlay-color":"","overlay-opacity":"","overlay-gradient":""}},"footnotes":""},"categories":[29],"tags":[],"class_list":["post-17722","post","type-post","status-publish","format-standard","has-post-thumbnail","hentry","category-portada"],"post_mailing_queue_ids":[],"_links":{"self":[{"href":"https:\/\/serveiseducatius.xtec.cat\/vallesoriental4\/wp-json\/wp\/v2\/posts\/17722","targetHints":{"allow":["GET"]}}],"collection":[{"href":"https:\/\/serveiseducatius.xtec.cat\/vallesoriental4\/wp-json\/wp\/v2\/posts"}],"about":[{"href":"https:\/\/serveiseducatius.xtec.cat\/vallesoriental4\/wp-json\/wp\/v2\/types\/post"}],"author":[{"embeddable":true,"href":"https:\/\/serveiseducatius.xtec.cat\/vallesoriental4\/wp-json\/wp\/v2\/users\/1"}],"replies":[{"embeddable":true,"href":"https:\/\/serveiseducatius.xtec.cat\/vallesoriental4\/wp-json\/wp\/v2\/comments?post=17722"}],"version-history":[{"count":1,"href":"https:\/\/serveiseducatius.xtec.cat\/vallesoriental4\/wp-json\/wp\/v2\/posts\/17722\/revisions"}],"predecessor-version":[{"id":17724,"href":"https:\/\/serveiseducatius.xtec.cat\/vallesoriental4\/wp-json\/wp\/v2\/posts\/17722\/revisions\/17724"}],"wp:featuredmedia":[{"embeddable":true,"href":"https:\/\/serveiseducatius.xtec.cat\/vallesoriental4\/wp-json\/wp\/v2\/media\/17723"}],"wp:attachment":[{"href":"https:\/\/serveiseducatius.xtec.cat\/vallesoriental4\/wp-json\/wp\/v2\/media?parent=17722"}],"wp:term":[{"taxonomy":"category","embeddable":true,"href":"https:\/\/serveiseducatius.xtec.cat\/vallesoriental4\/wp-json\/wp\/v2\/categories?post=17722"},{"taxonomy":"post_tag","embeddable":true,"href":"https:\/\/serveiseducatius.xtec.cat\/vallesoriental4\/wp-json\/wp\/v2\/tags?post=17722"}],"curies":[{"name":"wp","href":"https:\/\/api.w.org\/{rel}","templated":true}]}}