{"id":17681,"date":"2022-04-26T16:34:14","date_gmt":"2022-04-26T14:34:14","guid":{"rendered":"https:\/\/serveiseducatius.xtec.cat\/vallesoriental4\/?p=17681"},"modified":"2022-04-26T16:34:14","modified_gmt":"2022-04-26T14:34:14","slug":"novetats-bibliografiques-sobre-habilitats-socials-i-educacio-infantil","status":"publish","type":"post","link":"https:\/\/serveiseducatius.xtec.cat\/vallesoriental4\/general\/novetats-bibliografiques-sobre-habilitats-socials-i-educacio-infantil\/","title":{"rendered":"Novetats bibliogr\u00e0fiques sobre habilitats socials i educaci\u00f3 infantil"},"content":{"rendered":"<p><img loading=\"lazy\" decoding=\"async\" class=\"an1\" src=\"https:\/\/fonts.gstatic.com\/s\/e\/notoemoji\/14.0\/1f4e2\/72.png\" alt=\"\ud83d\udce2\" width=\"29\" height=\"29\" data-emoji=\"\ud83d\udce2\" aria-label=\"\ud83d\udce2\" \/>\u00a0Han arribat novetats sobre habilitats socials i educaci\u00f3 infantil a la Biblioteca.<\/p>\n<p><img loading=\"lazy\" decoding=\"async\" class=\"an1\" src=\"https:\/\/fonts.gstatic.com\/s\/e\/notoemoji\/14.0\/1f4da\/72.png\" alt=\"\ud83d\udcda\" width=\"31\" height=\"31\" data-emoji=\"\ud83d\udcda\" aria-label=\"\ud83d\udcda\" \/>\u00a0 Estan a la vostra disposici\u00f3 per agafar-les en pr\u00e9stec, demaneu-les a trav\u00e9s del\u00a0<a title=\"https:\/\/espai.educacio.gencat.cat\/Recursos\/Biblioteca\/presentacio\/Pagines\/Servei-prestec.aspx#\" href=\"https:\/\/eur03.safelinks.protection.outlook.com\/?url=https%3A%2F%2Fespai.educacio.gencat.cat%2FRecursos%2FBiblioteca%2Fpresentacio%2FPagines%2FServei-prestec.aspx%23&amp;data=05%7C01%7Cbiblioteca.educacio%40gencat.cat%7C45a06fbfa02945493a0408da27728158%7C3b9427dcd30e43bc8c06ff7253676fec%7C1%7C0%7C637865669994836686%7CUnknown%7CTWFpbGZsb3d8eyJWIjoiMC4wLjAwMDAiLCJQIjoiV2luMzIiLCJBTiI6Ik1haWwiLCJXVCI6Mn0%3D%7C3000%7C%7C%7C&amp;sdata=eWJIT%2B4CLBSsXIcHA4RK4QM71gZlvMEcBbET%2ButqdCw%3D&amp;reserved=0\" target=\"_blank\" rel=\"noopener\" data-saferedirecturl=\"https:\/\/www.google.com\/url?q=https:\/\/eur03.safelinks.protection.outlook.com\/?url%3Dhttps%253A%252F%252Fespai.educacio.gencat.cat%252FRecursos%252FBiblioteca%252Fpresentacio%252FPagines%252FServei-prestec.aspx%2523%26data%3D05%257C01%257Cbiblioteca.educacio%2540gencat.cat%257C45a06fbfa02945493a0408da27728158%257C3b9427dcd30e43bc8c06ff7253676fec%257C1%257C0%257C637865669994836686%257CUnknown%257CTWFpbGZsb3d8eyJWIjoiMC4wLjAwMDAiLCJQIjoiV2luMzIiLCJBTiI6Ik1haWwiLCJXVCI6Mn0%253D%257C3000%257C%257C%257C%26sdata%3DeWJIT%252B4CLBSsXIcHA4RK4QM71gZlvMEcBbET%252ButqdCw%253D%26reserved%3D0&amp;source=gmail&amp;ust=1651063371212000&amp;usg=AOvVaw2vR6CPaiVl5bHTcLZ-jHlW\">formulari<\/a>.<\/p>\n<p><img loading=\"lazy\" decoding=\"async\" class=\"an1\" src=\"https:\/\/fonts.gstatic.com\/s\/e\/notoemoji\/14.0\/1f4e9\/72.png\" alt=\"\ud83d\udce9\" width=\"30\" height=\"30\" data-emoji=\"\ud83d\udce9\" aria-label=\"\ud83d\udce9\" \/>\u00a0 Recordeu que des de serveis territorials i educatius, podeu rebre el pr\u00e9stec per valisa.<\/p>\n<p><span id=\"m_6994328936700055484x_\ud83d\udc53\"><img loading=\"lazy\" decoding=\"async\" class=\"an1\" src=\"https:\/\/fonts.gstatic.com\/s\/e\/notoemoji\/14.0\/1f453\/72.png\" alt=\"\ud83d\udc53\" width=\"30\" height=\"30\" data-emoji=\"\ud83d\udc53\" aria-label=\"\ud83d\udc53\" \/><\/span>\u00a0<a title=\"https:\/\/ca.padlet.com\/biblioeducacio\/recomanacions\" href=\"https:\/\/eur03.safelinks.protection.outlook.com\/?url=https%3A%2F%2Fca.padlet.com%2Fbiblioeducacio%2Frecomanacions&amp;data=05%7C01%7Cbiblioteca.educacio%40gencat.cat%7C45a06fbfa02945493a0408da27728158%7C3b9427dcd30e43bc8c06ff7253676fec%7C1%7C0%7C637865669994992905%7CUnknown%7CTWFpbGZsb3d8eyJWIjoiMC4wLjAwMDAiLCJQIjoiV2luMzIiLCJBTiI6Ik1haWwiLCJXVCI6Mn0%3D%7C3000%7C%7C%7C&amp;sdata=71Th3nHT2eOiNwbYVEykUvILTzhx9F0k%2BtHzSJmF3Ms%3D&amp;reserved=0\" target=\"_blank\" rel=\"noopener\" data-saferedirecturl=\"https:\/\/www.google.com\/url?q=https:\/\/eur03.safelinks.protection.outlook.com\/?url%3Dhttps%253A%252F%252Fca.padlet.com%252Fbiblioeducacio%252Frecomanacions%26data%3D05%257C01%257Cbiblioteca.educacio%2540gencat.cat%257C45a06fbfa02945493a0408da27728158%257C3b9427dcd30e43bc8c06ff7253676fec%257C1%257C0%257C637865669994992905%257CUnknown%257CTWFpbGZsb3d8eyJWIjoiMC4wLjAwMDAiLCJQIjoiV2luMzIiLCJBTiI6Ik1haWwiLCJXVCI6Mn0%253D%257C3000%257C%257C%257C%26sdata%3D71Th3nHT2eOiNwbYVEykUvILTzhx9F0k%252BtHzSJmF3Ms%253D%26reserved%3D0&amp;source=gmail&amp;ust=1651063371212000&amp;usg=AOvVaw1lfeP1agPWmWQxadigMGkY\">Aqu\u00ed<\/a> podreu veure les recomanacions bibliogr\u00e0fiques que v\u00e0reu fer per Sant Jordi.<\/p>\n<p><img loading=\"lazy\" decoding=\"async\" class=\"\" src=\"https:\/\/mail.google.com\/mail\/u\/0?ui=2&amp;ik=a3b2698d6a&amp;attid=0.1&amp;permmsgid=msg-f:1731173825114429926&amp;th=18065d6bfa6659e6&amp;view=fimg&amp;fur=ip&amp;sz=s0-l75-ft&amp;attbid=ANGjdJ-m9iciyuCbIIsvEhi80cllisCOXHvJDaajRzCMPFtHHpyumAiyZtt_eLPnebotgHLnHQE2Vtu6NoK4XJ1VTNttUbu8_muzT9NppYXWm8hMdN0H2L0-L_a2HUY&amp;disp=emb\" width=\"642\" height=\"596\" \/><\/p>\n<div><\/div>\n<div>\n<p><img loading=\"lazy\" decoding=\"async\" class=\"\" src=\"https:\/\/mail.google.com\/mail\/u\/0?ui=2&amp;ik=a3b2698d6a&amp;attid=0.2&amp;permmsgid=msg-f:1731173825114429926&amp;th=18065d6bfa6659e6&amp;view=fimg&amp;fur=ip&amp;sz=s0-l75-ft&amp;attbid=ANGjdJ8kuf4yWZ2dWj8cNJhf16IFdeBBZPH4VPk19767cFtXWUp8_HGndhtfmuJV_pELRMdoFIEoKDtkZASb8wNCAUUFKiGhOlH9PMpTVElrJxbHKi6dv4KdSmzigZE&amp;disp=emb\" width=\"632\" height=\"808\" \/><\/p>\n<\/div>\n<div>\n<p>Biblioteca i centre documental del Departament d&#8217;Educaci\u00f3.<\/p>\n<p><span style=\"font-family: inherit; font-size: 1em;\">Generalitat de Catalunya\u00a0 \u00a0<\/span><a style=\"font-family: inherit; font-size: 1em;\" href=\"mailto:biblioteca.educacio@gencat.cat\" target=\"_blank\" rel=\"noopener\">biblioteca.educacio@gencat.cat<\/a><\/p>\n<\/div>\n<p>&nbsp;<\/p>\n<p>&nbsp;<\/p>\n<p>&nbsp;<\/p>\n","protected":false},"excerpt":{"rendered":"<p>\u00a0Han arribat novetats sobre habilitats socials i educaci\u00f3 infantil a la Biblioteca. \u00a0 Estan a la vostra disposici\u00f3 per agafar-les en pr\u00e9stec, demaneu-les a trav\u00e9s del\u00a0formulari. \u00a0 Recordeu que des de serveis territorials i educatius, podeu rebre el pr\u00e9stec per valisa. \u00a0Aqu\u00ed podreu veure les recomanacions bibliogr\u00e0fiques que v\u00e0reu fer per Sant Jordi. Biblioteca i [&hellip;]<\/p>\n","protected":false},"author":1,"featured_media":17685,"comment_status":"open","ping_status":"closed","sticky":false,"template":"","format":"standard","meta":{"_bbp_topic_count":0,"_bbp_reply_count":0,"_bbp_total_topic_count":0,"_bbp_total_reply_count":0,"_bbp_voice_count":0,"_bbp_anonymous_reply_count":0,"_bbp_topic_count_hidden":0,"_bbp_reply_count_hidden":0,"_bbp_forum_subforum_count":0,"site-sidebar-layout":"default","site-content-layout":"","ast-site-content-layout":"","site-content-style":"default","site-sidebar-style":"default","ast-global-header-display":"","ast-banner-title-visibility":"","ast-main-header-display":"","ast-hfb-above-header-display":"","ast-hfb-below-header-display":"","ast-hfb-mobile-header-display":"","site-post-title":"","ast-breadcrumbs-content":"","ast-featured-img":"","footer-sml-layout":"","theme-transparent-header-meta":"","adv-header-id-meta":"","stick-header-meta":"","header-above-stick-meta":"","header-main-stick-meta":"","header-below-stick-meta":"","astra-migrate-meta-layouts":"default","ast-page-background-enabled":"default","ast-page-background-meta":{"desktop":{"background-color":"var(--ast-global-color-4)","background-image":"","background-repeat":"repeat","background-position":"center center","background-size":"auto","background-attachment":"scroll","background-type":"","background-media":"","overlay-type":"","overlay-color":"","overlay-opacity":"","overlay-gradient":""},"tablet":{"background-color":"","background-image":"","background-repeat":"repeat","background-position":"center center","background-size":"auto","background-attachment":"scroll","background-type":"","background-media":"","overlay-type":"","overlay-color":"","overlay-opacity":"","overlay-gradient":""},"mobile":{"background-color":"","background-image":"","background-repeat":"repeat","background-position":"center center","background-size":"auto","background-attachment":"scroll","background-type":"","background-media":"","overlay-type":"","overlay-color":"","overlay-opacity":"","overlay-gradient":""}},"ast-content-background-meta":{"desktop":{"background-color":"var(--ast-global-color-5)","background-image":"","background-repeat":"repeat","background-position":"center center","background-size":"auto","background-attachment":"scroll","background-type":"","background-media":"","overlay-type":"","overlay-color":"","overlay-opacity":"","overlay-gradient":""},"tablet":{"background-color":"var(--ast-global-color-5)","background-image":"","background-repeat":"repeat","background-position":"center center","background-size":"auto","background-attachment":"scroll","background-type":"","background-media":"","overlay-type":"","overlay-color":"","overlay-opacity":"","overlay-gradient":""},"mobile":{"background-color":"var(--ast-global-color-5)","background-image":"","background-repeat":"repeat","background-position":"center center","background-size":"auto","background-attachment":"scroll","background-type":"","background-media":"","overlay-type":"","overlay-color":"","overlay-opacity":"","overlay-gradient":""}},"footnotes":""},"categories":[81,1,29],"tags":[],"class_list":["post-17681","post","type-post","status-publish","format-standard","has-post-thumbnail","hentry","category-biblioteca-escolar","category-general","category-portada"],"post_mailing_queue_ids":[],"_links":{"self":[{"href":"https:\/\/serveiseducatius.xtec.cat\/vallesoriental4\/wp-json\/wp\/v2\/posts\/17681","targetHints":{"allow":["GET"]}}],"collection":[{"href":"https:\/\/serveiseducatius.xtec.cat\/vallesoriental4\/wp-json\/wp\/v2\/posts"}],"about":[{"href":"https:\/\/serveiseducatius.xtec.cat\/vallesoriental4\/wp-json\/wp\/v2\/types\/post"}],"author":[{"embeddable":true,"href":"https:\/\/serveiseducatius.xtec.cat\/vallesoriental4\/wp-json\/wp\/v2\/users\/1"}],"replies":[{"embeddable":true,"href":"https:\/\/serveiseducatius.xtec.cat\/vallesoriental4\/wp-json\/wp\/v2\/comments?post=17681"}],"version-history":[{"count":3,"href":"https:\/\/serveiseducatius.xtec.cat\/vallesoriental4\/wp-json\/wp\/v2\/posts\/17681\/revisions"}],"predecessor-version":[{"id":17686,"href":"https:\/\/serveiseducatius.xtec.cat\/vallesoriental4\/wp-json\/wp\/v2\/posts\/17681\/revisions\/17686"}],"wp:featuredmedia":[{"embeddable":true,"href":"https:\/\/serveiseducatius.xtec.cat\/vallesoriental4\/wp-json\/wp\/v2\/media\/17685"}],"wp:attachment":[{"href":"https:\/\/serveiseducatius.xtec.cat\/vallesoriental4\/wp-json\/wp\/v2\/media?parent=17681"}],"wp:term":[{"taxonomy":"category","embeddable":true,"href":"https:\/\/serveiseducatius.xtec.cat\/vallesoriental4\/wp-json\/wp\/v2\/categories?post=17681"},{"taxonomy":"post_tag","embeddable":true,"href":"https:\/\/serveiseducatius.xtec.cat\/vallesoriental4\/wp-json\/wp\/v2\/tags?post=17681"}],"curies":[{"name":"wp","href":"https:\/\/api.w.org\/{rel}","templated":true}]}}