{"id":17432,"date":"2022-03-15T13:24:24","date_gmt":"2022-03-15T12:24:24","guid":{"rendered":"https:\/\/serveiseducatius.xtec.cat\/vallesoriental4\/?p=17432"},"modified":"2022-03-15T13:24:24","modified_gmt":"2022-03-15T12:24:24","slug":"lescola-el-farell-sadhereix-a-lerasmus","status":"publish","type":"post","link":"https:\/\/serveiseducatius.xtec.cat\/vallesoriental4\/portada\/lescola-el-farell-sadhereix-a-lerasmus\/","title":{"rendered":"L\u2019Escola El Farell s\u2019adhereix a l\u2019Erasmus +"},"content":{"rendered":"<div class=\" col-lg-12 col-md-12 col-sm-12 col-xs-12 \">\n<h3><img loading=\"lazy\" decoding=\"async\" class=\"wp-image-17434 alignleft\" src=\"https:\/\/serveiseducatius.xtec.cat\/vallesoriental4\/wp-content\/uploads\/usu1133\/2022\/03\/ElFarell_AF-150x150.jpg\" alt=\"\" width=\"195\" height=\"195\" \/><\/h3>\n<p><strong>L\u2019Escola El Farell, de Caldes de Montbui<\/strong>, s\u2019ha adherit al<strong> projecte Erasmus +<\/strong>, impulsat pel <span style=\"color: #3366ff;\"><a href=\"https:\/\/serveiseducatius.xtec.cat\/vallesoriental4\/portada\/projecte-erasmus-together\/\"><strong><span style=\"color: #33cccc;\">Servei Educatiu del Vall\u00e8s Oriental IV<\/span><\/strong><\/a>,<\/span> juntament\u00a0 amb altres 7 escoles: l\u2019Escola El Tur\u00f3 de Bigues i Riells, l\u2019Escola La Sagrera i l\u2019Escola Ron\u00e7ana de Santa Eul\u00e0lia de Ron\u00e7ana, l\u2019Escola Els Pinetons de La Garriga, l\u2019Escola Els Cingles i l\u2019Escola Bert\u00ed de l\u2019Ametlla del Vall\u00e8s, i l\u2019Escola Les Llisses de Lli\u00e7\u00e0 de Vall.<\/p>\n<p>El projecte t\u00e9 una durada de 18 mesos,\u00a0 finan\u00e7at\u00a0 per la Uni\u00f3 Europea. La primera mobilitat va realitzar-se a finals del mes de gener, a Finl\u00e0ndia, amb l\u2019objectiu de visitar escoles i compartir experi\u00e8ncies educatives, aix\u00ed com assistir a confer\u00e8ncies i tallers amb docents d\u2019arreu del m\u00f3n. Trobareu m\u00e9s informaci\u00f3 en l\u2019article: <strong><span style=\"color: #33cccc;\"><a style=\"color: #33cccc;\" href=\"http:\/\/www.calderi.cat\/2022\/03\/lescola-el-farell-sadhereix-a-lerasmus\/\">http:\/\/www.calderi.cat\/2022\/03\/lescola-el-farell-sadhereix-a-lerasmus\/<\/a><\/span><\/strong><\/p>\n<p><img loading=\"lazy\" decoding=\"async\" class=\"size-thumbnail wp-image-17445 aligncenter\" src=\"https:\/\/serveiseducatius.xtec.cat\/vallesoriental4\/wp-content\/uploads\/usu1133\/2022\/03\/Erasmus-1-150x150.jpg\" alt=\"\" width=\"150\" height=\"150\" \/><\/p>\n<\/div>\n","protected":false},"excerpt":{"rendered":"<p>L\u2019Escola El Farell, de Caldes de Montbui, s\u2019ha adherit al projecte Erasmus +, impulsat pel Servei Educatiu del Vall\u00e8s Oriental IV, juntament\u00a0 amb altres 7 escoles: l\u2019Escola El Tur\u00f3 de Bigues i Riells, l\u2019Escola La Sagrera i l\u2019Escola Ron\u00e7ana de Santa Eul\u00e0lia de Ron\u00e7ana, l\u2019Escola Els Pinetons de La Garriga, l\u2019Escola Els Cingles i l\u2019Escola [&hellip;]<\/p>\n","protected":false},"author":1,"featured_media":17434,"comment_status":"open","ping_status":"closed","sticky":false,"template":"","format":"standard","meta":{"_bbp_topic_count":0,"_bbp_reply_count":0,"_bbp_total_topic_count":0,"_bbp_total_reply_count":0,"_bbp_voice_count":0,"_bbp_anonymous_reply_count":0,"_bbp_topic_count_hidden":0,"_bbp_reply_count_hidden":0,"_bbp_forum_subforum_count":0,"site-sidebar-layout":"default","site-content-layout":"","ast-site-content-layout":"","site-content-style":"default","site-sidebar-style":"default","ast-global-header-display":"","ast-banner-title-visibility":"","ast-main-header-display":"","ast-hfb-above-header-display":"","ast-hfb-below-header-display":"","ast-hfb-mobile-header-display":"","site-post-title":"","ast-breadcrumbs-content":"","ast-featured-img":"","footer-sml-layout":"","theme-transparent-header-meta":"","adv-header-id-meta":"","stick-header-meta":"","header-above-stick-meta":"","header-main-stick-meta":"","header-below-stick-meta":"","astra-migrate-meta-layouts":"default","ast-page-background-enabled":"default","ast-page-background-meta":{"desktop":{"background-color":"var(--ast-global-color-4)","background-image":"","background-repeat":"repeat","background-position":"center center","background-size":"auto","background-attachment":"scroll","background-type":"","background-media":"","overlay-type":"","overlay-color":"","overlay-opacity":"","overlay-gradient":""},"tablet":{"background-color":"","background-image":"","background-repeat":"repeat","background-position":"center center","background-size":"auto","background-attachment":"scroll","background-type":"","background-media":"","overlay-type":"","overlay-color":"","overlay-opacity":"","overlay-gradient":""},"mobile":{"background-color":"","background-image":"","background-repeat":"repeat","background-position":"center center","background-size":"auto","background-attachment":"scroll","background-type":"","background-media":"","overlay-type":"","overlay-color":"","overlay-opacity":"","overlay-gradient":""}},"ast-content-background-meta":{"desktop":{"background-color":"var(--ast-global-color-5)","background-image":"","background-repeat":"repeat","background-position":"center center","background-size":"auto","background-attachment":"scroll","background-type":"","background-media":"","overlay-type":"","overlay-color":"","overlay-opacity":"","overlay-gradient":""},"tablet":{"background-color":"var(--ast-global-color-5)","background-image":"","background-repeat":"repeat","background-position":"center center","background-size":"auto","background-attachment":"scroll","background-type":"","background-media":"","overlay-type":"","overlay-color":"","overlay-opacity":"","overlay-gradient":""},"mobile":{"background-color":"var(--ast-global-color-5)","background-image":"","background-repeat":"repeat","background-position":"center center","background-size":"auto","background-attachment":"scroll","background-type":"","background-media":"","overlay-type":"","overlay-color":"","overlay-opacity":"","overlay-gradient":""}},"footnotes":""},"categories":[790,29],"tags":[],"class_list":["post-17432","post","type-post","status-publish","format-standard","has-post-thumbnail","hentry","category-erasmus-together","category-portada"],"post_mailing_queue_ids":[],"_links":{"self":[{"href":"https:\/\/serveiseducatius.xtec.cat\/vallesoriental4\/wp-json\/wp\/v2\/posts\/17432","targetHints":{"allow":["GET"]}}],"collection":[{"href":"https:\/\/serveiseducatius.xtec.cat\/vallesoriental4\/wp-json\/wp\/v2\/posts"}],"about":[{"href":"https:\/\/serveiseducatius.xtec.cat\/vallesoriental4\/wp-json\/wp\/v2\/types\/post"}],"author":[{"embeddable":true,"href":"https:\/\/serveiseducatius.xtec.cat\/vallesoriental4\/wp-json\/wp\/v2\/users\/1"}],"replies":[{"embeddable":true,"href":"https:\/\/serveiseducatius.xtec.cat\/vallesoriental4\/wp-json\/wp\/v2\/comments?post=17432"}],"version-history":[{"count":3,"href":"https:\/\/serveiseducatius.xtec.cat\/vallesoriental4\/wp-json\/wp\/v2\/posts\/17432\/revisions"}],"predecessor-version":[{"id":17451,"href":"https:\/\/serveiseducatius.xtec.cat\/vallesoriental4\/wp-json\/wp\/v2\/posts\/17432\/revisions\/17451"}],"wp:featuredmedia":[{"embeddable":true,"href":"https:\/\/serveiseducatius.xtec.cat\/vallesoriental4\/wp-json\/wp\/v2\/media\/17434"}],"wp:attachment":[{"href":"https:\/\/serveiseducatius.xtec.cat\/vallesoriental4\/wp-json\/wp\/v2\/media?parent=17432"}],"wp:term":[{"taxonomy":"category","embeddable":true,"href":"https:\/\/serveiseducatius.xtec.cat\/vallesoriental4\/wp-json\/wp\/v2\/categories?post=17432"},{"taxonomy":"post_tag","embeddable":true,"href":"https:\/\/serveiseducatius.xtec.cat\/vallesoriental4\/wp-json\/wp\/v2\/tags?post=17432"}],"curies":[{"name":"wp","href":"https:\/\/api.w.org\/{rel}","templated":true}]}}