{"id":17322,"date":"2022-03-01T10:20:30","date_gmt":"2022-03-01T09:20:30","guid":{"rendered":"https:\/\/serveiseducatius.xtec.cat\/vallesoriental4\/?p=17322"},"modified":"2022-03-01T10:20:30","modified_gmt":"2022-03-01T09:20:30","slug":"nou-cataleg-cesire","status":"publish","type":"post","link":"https:\/\/serveiseducatius.xtec.cat\/vallesoriental4\/general\/nou-cataleg-cesire\/","title":{"rendered":"Nou cat\u00e0leg CESIRE"},"content":{"rendered":"<p dir=\"ltr\"><img loading=\"lazy\" decoding=\"async\" class=\"size-medium wp-image-17323 aligncenter\" src=\"https:\/\/serveiseducatius.xtec.cat\/vallesoriental4\/wp-content\/uploads\/usu1133\/2022\/03\/cesire-300x177.png\" alt=\"\" width=\"300\" height=\"177\" srcset=\"https:\/\/serveiseducatius.xtec.cat\/vallesoriental4\/wp-content\/uploads\/usu1133\/2022\/03\/cesire-300x177.png 300w, https:\/\/serveiseducatius.xtec.cat\/vallesoriental4\/wp-content\/uploads\/usu1133\/2022\/03\/cesire-1024x603.png 1024w, https:\/\/serveiseducatius.xtec.cat\/vallesoriental4\/wp-content\/uploads\/usu1133\/2022\/03\/cesire-768x453.png 768w, https:\/\/serveiseducatius.xtec.cat\/vallesoriental4\/wp-content\/uploads\/usu1133\/2022\/03\/cesire.png 1468w\" sizes=\"auto, (max-width: 300px) 100vw, 300px\" \/><\/p>\n<p dir=\"ltr\">\n<p dir=\"ltr\">\n<p dir=\"ltr\">\u00a0Ja teniu a la vostra disposici\u00f3\u00a0 el nou cat\u00e0leg\u00a0 CESIRE:\u00a0 continguts del cat\u00e0leg 1 <a href=\"https:\/\/serveiseducatius.xtec.cat\/cesire\/recerca\/\" target=\"_blank\" rel=\"noopener\" data-saferedirecturl=\"https:\/\/www.google.com\/url?q=https:\/\/serveiseducatius.xtec.cat\/cesire\/recerca\/&amp;source=gmail&amp;ust=1646208270340000&amp;usg=AOvVaw2Z8nQDnzAzvinR_aWO1B19\">Acc\u00e9s a la recerca i evid\u00e8ncies d\u2019\u00e8xit educatiu<\/a>.<\/p>\n<p dir=\"ltr\">Aquest cat\u00e0leg t\u00e9 quatre funcions principals:<\/p>\n<ul>\n<li dir=\"ltr\">Promoure la innovaci\u00f3 com un instrument per a la millora de la pr\u00e0ctica docent i dels resultats educatius.<\/li>\n<li dir=\"ltr\">Potenciar la pr\u00e0ctica reflexiva com a cultura per a la recerca d\u2019evid\u00e8ncies i la construcci\u00f3 de saber pedag\u00f2gic.<\/li>\n<li dir=\"ltr\">Promoure l\u2019aprenentatge col\u00b7laboratiu per a la construcci\u00f3 conjunta de solucions als reptes pedag\u00f2gics.<\/li>\n<li dir=\"ltr\">Potenciar la visibilitzaci\u00f3 de pr\u00e0ctiques educatives de refer\u00e8ncia.<\/li>\n<\/ul>\n<p dir=\"ltr\">Per comen\u00e7ar us oferim dues iniciatives. La primera fa refer\u00e8ncia al monogr\u00e0fic sobre <a href=\"https:\/\/serveiseducatius.xtec.cat\/cesire\/category\/monograficsrecerca\/\" target=\"_blank\" rel=\"noopener\" data-saferedirecturl=\"https:\/\/www.google.com\/url?q=https:\/\/serveiseducatius.xtec.cat\/cesire\/category\/monograficsrecerca\/&amp;source=gmail&amp;ust=1646208270340000&amp;usg=AOvVaw1Acdx7il6y2BV8KGvq2ICj\">La conversa com a motor de l\u2019aprenentatge amb sentit<\/a>. Amb l\u2019objectiu de presentar pr\u00e0ctiques educatives on la conversa \u00e9s el centre de l\u2019aprenentatge i de recollir l\u2019opini\u00f3 dels experts, hem programat un cicle de confer\u00e8ncies dinamitzades per Fernando Hern\u00e1ndez durant el mes de mar\u00e7. En <a href=\"https:\/\/serveiseducatius.xtec.cat\/cesire\/monografic-la-conversa-com-a-motor-daprenentatge-amb-sentit\/\" target=\"_blank\" rel=\"noopener\" data-saferedirecturl=\"https:\/\/www.google.com\/url?q=https:\/\/serveiseducatius.xtec.cat\/cesire\/monografic-la-conversa-com-a-motor-daprenentatge-amb-sentit\/&amp;source=gmail&amp;ust=1646208270340000&amp;usg=AOvVaw0gsyYyYAx7NTdWB0HcNqzw\">aquest enlla\u00e7<\/a> trobareu m\u00e9s informaci\u00f3 i l\u2019acc\u00e9s directe a la inscripci\u00f3. Us podreu\u00a0<b>inscriure a partir del 15 de febrer\u00a0<\/b>a trav\u00e9s de l\u2019enlla\u00e7:\u00a0<a href=\"https:\/\/ja.cat\/jMeYk\" target=\"_blank\" rel=\"noopener\">https:\/\/ja.cat\/jMeYk<\/a>\u00a0 \u00a0Les cinc activitats es realitzaran durant els\u00a0<strong>cinc dijous del mes de mar\u00e7, de 17:30 a 19:30.<\/strong><\/p>\n<p dir=\"ltr\">A trav\u00e9s de la segona iniciativa, <a href=\"https:\/\/serveiseducatius.xtec.cat\/cesire\/category\/apuntsrecerca\/\" target=\"_blank\" rel=\"noopener\" data-saferedirecturl=\"https:\/\/www.google.com\/url?q=https:\/\/serveiseducatius.xtec.cat\/cesire\/category\/apuntsrecerca\/&amp;source=gmail&amp;ust=1646208270340000&amp;usg=AOvVaw36ZP5k2FWMCb_Pmx4y-ZtZ\">Qu\u00e8 es diu sobre&#8230;?<\/a>, volem acostar als docents algunes idees claus sobre l\u2019aprenentatge proposades per organismes educatius i tamb\u00e9 les conclusions de recerques educatives. Pretenen ser unes p\u00edndoles on es mostren les idees claus i es proposen alguns articles de refer\u00e8ncia per si en volem saber m\u00e9s.<\/p>\n<p dir=\"ltr\">Not\u00edcia p\u00e0gina web:<\/p>\n<p dir=\"ltr\"><a href=\"https:\/\/serveiseducatius.xtec.cat\/cesire\/publiquem-el-cataleg-acces-a-la-recerca-i-evidencies-dexit-educatiu\/\" target=\"_blank\" rel=\"noopener\" data-saferedirecturl=\"https:\/\/www.google.com\/url?q=https:\/\/serveiseducatius.xtec.cat\/cesire\/publiquem-el-cataleg-acces-a-la-recerca-i-evidencies-dexit-educatiu\/&amp;source=gmail&amp;ust=1646208270340000&amp;usg=AOvVaw36MUHm3tfzOesk4K9dqZSV\">https:\/\/serveiseducatius.xtec.<wbr \/>cat\/cesire\/publiquem-el-<wbr \/>cataleg-acces-a-la-recerca-i-<wbr \/>evidencies-dexit-educatiu\/<\/a><\/p>\n<p dir=\"ltr\">Piulada Twitter:<\/p>\n<p dir=\"ltr\"><a href=\"https:\/\/twitter.com\/cesirecat\/status\/1493856197140701186?s=11\" target=\"_blank\" rel=\"noopener\" data-saferedirecturl=\"https:\/\/www.google.com\/url?q=https:\/\/twitter.com\/cesirecat\/status\/1493856197140701186?s%3D11&amp;source=gmail&amp;ust=1646208270340000&amp;usg=AOvVaw1gkF9jdKf7Dmi8RMgCbg7H\">https:\/\/twitter.com\/cesirecat\/<wbr \/>status\/1493856197140701186?s=<wbr \/>11<\/a><\/p>\n<p dir=\"ltr\">Us animem\u00a0 a participar-hi !!!<\/p>\n","protected":false},"excerpt":{"rendered":"<p>\u00a0Ja teniu a la vostra disposici\u00f3\u00a0 el nou cat\u00e0leg\u00a0 CESIRE:\u00a0 continguts del cat\u00e0leg 1 Acc\u00e9s a la recerca i evid\u00e8ncies d\u2019\u00e8xit educatiu. Aquest cat\u00e0leg t\u00e9 quatre funcions principals: Promoure la innovaci\u00f3 com un instrument per a la millora de la pr\u00e0ctica docent i dels resultats educatius. Potenciar la pr\u00e0ctica reflexiva com a cultura per a [&hellip;]<\/p>\n","protected":false},"author":1,"featured_media":17323,"comment_status":"open","ping_status":"closed","sticky":false,"template":"","format":"standard","meta":{"_bbp_topic_count":0,"_bbp_reply_count":0,"_bbp_total_topic_count":0,"_bbp_total_reply_count":0,"_bbp_voice_count":0,"_bbp_anonymous_reply_count":0,"_bbp_topic_count_hidden":0,"_bbp_reply_count_hidden":0,"_bbp_forum_subforum_count":0,"site-sidebar-layout":"default","site-content-layout":"","ast-site-content-layout":"","site-content-style":"default","site-sidebar-style":"default","ast-global-header-display":"","ast-banner-title-visibility":"","ast-main-header-display":"","ast-hfb-above-header-display":"","ast-hfb-below-header-display":"","ast-hfb-mobile-header-display":"","site-post-title":"","ast-breadcrumbs-content":"","ast-featured-img":"","footer-sml-layout":"","theme-transparent-header-meta":"","adv-header-id-meta":"","stick-header-meta":"","header-above-stick-meta":"","header-main-stick-meta":"","header-below-stick-meta":"","astra-migrate-meta-layouts":"default","ast-page-background-enabled":"default","ast-page-background-meta":{"desktop":{"background-color":"var(--ast-global-color-4)","background-image":"","background-repeat":"repeat","background-position":"center center","background-size":"auto","background-attachment":"scroll","background-type":"","background-media":"","overlay-type":"","overlay-color":"","overlay-opacity":"","overlay-gradient":""},"tablet":{"background-color":"","background-image":"","background-repeat":"repeat","background-position":"center center","background-size":"auto","background-attachment":"scroll","background-type":"","background-media":"","overlay-type":"","overlay-color":"","overlay-opacity":"","overlay-gradient":""},"mobile":{"background-color":"","background-image":"","background-repeat":"repeat","background-position":"center center","background-size":"auto","background-attachment":"scroll","background-type":"","background-media":"","overlay-type":"","overlay-color":"","overlay-opacity":"","overlay-gradient":""}},"ast-content-background-meta":{"desktop":{"background-color":"var(--ast-global-color-5)","background-image":"","background-repeat":"repeat","background-position":"center center","background-size":"auto","background-attachment":"scroll","background-type":"","background-media":"","overlay-type":"","overlay-color":"","overlay-opacity":"","overlay-gradient":""},"tablet":{"background-color":"var(--ast-global-color-5)","background-image":"","background-repeat":"repeat","background-position":"center center","background-size":"auto","background-attachment":"scroll","background-type":"","background-media":"","overlay-type":"","overlay-color":"","overlay-opacity":"","overlay-gradient":""},"mobile":{"background-color":"var(--ast-global-color-5)","background-image":"","background-repeat":"repeat","background-position":"center center","background-size":"auto","background-attachment":"scroll","background-type":"","background-media":"","overlay-type":"","overlay-color":"","overlay-opacity":"","overlay-gradient":""}},"footnotes":""},"categories":[1,29],"tags":[],"class_list":["post-17322","post","type-post","status-publish","format-standard","has-post-thumbnail","hentry","category-general","category-portada"],"post_mailing_queue_ids":[],"_links":{"self":[{"href":"https:\/\/serveiseducatius.xtec.cat\/vallesoriental4\/wp-json\/wp\/v2\/posts\/17322","targetHints":{"allow":["GET"]}}],"collection":[{"href":"https:\/\/serveiseducatius.xtec.cat\/vallesoriental4\/wp-json\/wp\/v2\/posts"}],"about":[{"href":"https:\/\/serveiseducatius.xtec.cat\/vallesoriental4\/wp-json\/wp\/v2\/types\/post"}],"author":[{"embeddable":true,"href":"https:\/\/serveiseducatius.xtec.cat\/vallesoriental4\/wp-json\/wp\/v2\/users\/1"}],"replies":[{"embeddable":true,"href":"https:\/\/serveiseducatius.xtec.cat\/vallesoriental4\/wp-json\/wp\/v2\/comments?post=17322"}],"version-history":[{"count":3,"href":"https:\/\/serveiseducatius.xtec.cat\/vallesoriental4\/wp-json\/wp\/v2\/posts\/17322\/revisions"}],"predecessor-version":[{"id":17328,"href":"https:\/\/serveiseducatius.xtec.cat\/vallesoriental4\/wp-json\/wp\/v2\/posts\/17322\/revisions\/17328"}],"wp:featuredmedia":[{"embeddable":true,"href":"https:\/\/serveiseducatius.xtec.cat\/vallesoriental4\/wp-json\/wp\/v2\/media\/17323"}],"wp:attachment":[{"href":"https:\/\/serveiseducatius.xtec.cat\/vallesoriental4\/wp-json\/wp\/v2\/media?parent=17322"}],"wp:term":[{"taxonomy":"category","embeddable":true,"href":"https:\/\/serveiseducatius.xtec.cat\/vallesoriental4\/wp-json\/wp\/v2\/categories?post=17322"},{"taxonomy":"post_tag","embeddable":true,"href":"https:\/\/serveiseducatius.xtec.cat\/vallesoriental4\/wp-json\/wp\/v2\/tags?post=17322"}],"curies":[{"name":"wp","href":"https:\/\/api.w.org\/{rel}","templated":true}]}}