{"id":17309,"date":"2022-02-22T10:06:02","date_gmt":"2022-02-22T09:06:02","guid":{"rendered":"https:\/\/serveiseducatius.xtec.cat\/vallesoriental4\/?p=17309"},"modified":"2022-02-22T10:06:02","modified_gmt":"2022-02-22T09:06:02","slug":"millor-projecte-educatiu-en-mobilitat-segura-i-sostenible-15a-edicio-joves-i-mobilitat","status":"publish","type":"post","link":"https:\/\/serveiseducatius.xtec.cat\/vallesoriental4\/general\/millor-projecte-educatiu-en-mobilitat-segura-i-sostenible-15a-edicio-joves-i-mobilitat\/","title":{"rendered":"Millor projecte educatiu en mobilitat segura i sostenible &#8211; 15a edici\u00f3 Joves i Mobilitat"},"content":{"rendered":"<p><img loading=\"lazy\" decoding=\"async\" class=\"wp-image-17312 alignleft\" src=\"https:\/\/serveiseducatius.xtec.cat\/vallesoriental4\/wp-content\/uploads\/usu1133\/2022\/02\/baixa-2.jpg\" alt=\"\" width=\"303\" height=\"275\" \/><\/p>\n<h4 style=\"text-align: center;\"><strong><span style=\"color: #339966;\">CONCURS EDUCATIU\u00a0<\/span>\u00a0<\/strong><strong>JOVES I MOBILITAT<\/strong><\/h4>\n<h4 style=\"text-align: center;\"><span style=\"color: #339966;\"><strong>#15a EDICI\u00d3<\/strong><\/span><\/h4>\n<p style=\"text-align: center;\"><strong>Vianants, la mobilitat m\u00e9s sostenible i saludable<\/strong><\/p>\n<h4 style=\"text-align: center;\"><span style=\"color: #339966;\"><b>PREMI PER A CENTES DOCENTS<\/b><\/span><\/h4>\n<p style=\"text-align: center;\"><strong>Millor projecte educatiu en mobilitat segura i sostenible<\/strong><\/p>\n<h4 style=\"text-align: center;\"><span style=\"color: #339966;\"><b>RECONEIXEMENT A UNA TASCA<\/b><\/span><\/h4>\n<div>\n<p style=\"text-align: center;\">L\u2019objectiu d\u2019aquest guard\u00f3 de Joves i Mobilitat \u00e9s destacar alguna acci\u00f3, projecte o activitat desenvolupada pels centres escolars a l\u2019\u00e0mbit de la mobilitat i la seguretat vi\u00e0ria.<\/p>\n<p style=\"text-align: center;\">La idea central d\u2019aquesta nova categoria del concurs \u00e9s posar en valor i donar rellev\u00e0ncia i notorietat a les activitats que ja es realitzen regularment durant el curs escolar.<\/p>\n<\/div>\n<h4 style=\"text-align: center;\"><span style=\"color: #339966;\"><b>QU\u00c8 CAL FER?<\/b><\/span><\/h4>\n<div>\n<div>\n<p style=\"text-align: center;\">Per avaluar l\u2019activitat duta a terme en un centre, caldr\u00e0 que es registri a<strong><span style=\"color: #339966;\">\u00a0<a style=\"color: #339966;\" href=\"https:\/\/r.comunicacion-nicnacweb.com\/mk\/cl\/f\/3ZZlN37kSdqPPoUDHuOq_JGSZgC2xJc3mFskAa9vI3lXAFZUUErxDCJg_01w_WFJCYsLT0y-PiV8cP0rm18hjZ7ynaIpc7xr0X6Uh7lmmoQF28zl-FIOAF-ysTQXcqm3hNfsr_xG0U7POSHlVFcKNWXxmVNqaWjIW4AwtU1VbJhVnBoCRAdb-0SfbY-i5-HH4SN4IBfv6XR5ZV1ySxjk\">www.jovesimobilitat.cat<\/a><\/span><\/strong> una mem\u00f2ria del projecte desenvolupat durant aquest curs, amb el suport fotogr\u00e0fic i\/o audiovisual de la mateixa.<\/p>\n<p style=\"text-align: center;\">La informaci\u00f3 que ha de contenir aquesta mem\u00f2ria, aix\u00ed com els criteris d\u2019avaluaci\u00f3 i els recursos disponibles es poden trobar a\u00a0<strong><span style=\"color: #339966;\"><a style=\"color: #339966;\" href=\"https:\/\/r.comunicacion-nicnacweb.com\/mk\/cl\/f\/ppcaAEMXxoZmvL3uzdTezZS4OOviTwsHX5s08c_fjLUzy0frh67-lIQvs9BaxRotlHkeiAKCJzVS_S60WCQkHwZCNJ49JqGjwYgN2WI6tdxaK0OPDLfCtkgXrNB91I6HacmdexL4s3WpnvP0nEHV69r45tV_ZgZ2uElGJzW0kN3LZnUGh5A35VB0pZ4C_4GOA2jA2tJrZDGv4bd61ifT\">www.jovesimobilitat.cat<\/a><\/span><\/strong><\/p>\n<\/div>\n<h4 style=\"text-align: center;\"><span style=\"color: #339966;\"><b>PREMI<\/b><\/span><\/h4>\n<div>\n<p style=\"text-align: center;\">Diploma acreditatiu<\/p>\n<p style=\"text-align: center;\">Pack de material escolar d\u2019Abacus valorat en 200 euros<\/p>\n<\/div>\n<div><\/div>\n<h4 style=\"text-align: center;\"><span style=\"color: #339966;\"><b>CALENDARI<\/b><\/span><\/h4>\n<p style=\"text-align: center;\">La data l\u00edmit per presentar les mem\u00f2ries \u00e9s el 30 d\u2019abril de 2022.<\/p>\n<h3 style=\"text-align: center;\"><strong><span style=\"color: #339966;\"><a style=\"color: #339966;\" href=\"https:\/\/r.comunicacion-nicnacweb.com\/mk\/cl\/f\/tdt15QWRUCIxp8ldwvPe-_L-C7Y3h2rcei2GRPZdTbhd7ouQeOZgO7Sa_CQ2uVWl4-ZLcZF6rAONl515anzhub8YEA1KXjVs9YSonjY9qOAYRcPCeqO8jJ1mwlHD3KA6fvjRyEa8zePLZ7sll15b8H5FMwp9ihRwaJqF-qcOvM7THMTFwhBNU0YU6D8XZ--0le8bJg-LigaRdX6kzpn4c0Yj9mql4xg6F-qGrw\" target=\"_blank\" rel=\"noopener\" data-saferedirecturl=\"https:\/\/www.google.com\/url?q=https:\/\/r.comunicacion-nicnacweb.com\/mk\/cl\/f\/tdt15QWRUCIxp8ldwvPe-_L-C7Y3h2rcei2GRPZdTbhd7ouQeOZgO7Sa_CQ2uVWl4-ZLcZF6rAONl515anzhub8YEA1KXjVs9YSonjY9qOAYRcPCeqO8jJ1mwlHD3KA6fvjRyEa8zePLZ7sll15b8H5FMwp9ihRwaJqF-qcOvM7THMTFwhBNU0YU6D8XZ--0le8bJg-LigaRdX6kzpn4c0Yj9mql4xg6F-qGrw&amp;source=gmail&amp;ust=1645605206950000&amp;usg=AOvVaw2yqFVpaWagXdJo7bMiH4sg\">M\u00e9s informaci\u00f3<\/a><\/span><\/strong><\/h3>\n<div><img loading=\"lazy\" decoding=\"async\" class=\"aligncenter size-medium wp-image-17316\" src=\"https:\/\/serveiseducatius.xtec.cat\/vallesoriental4\/wp-content\/uploads\/usu1133\/2022\/02\/Captura-300x56.png\" alt=\"\" width=\"300\" height=\"56\" srcset=\"https:\/\/serveiseducatius.xtec.cat\/vallesoriental4\/wp-content\/uploads\/usu1133\/2022\/02\/Captura-300x56.png 300w, https:\/\/serveiseducatius.xtec.cat\/vallesoriental4\/wp-content\/uploads\/usu1133\/2022\/02\/Captura-768x144.png 768w, https:\/\/serveiseducatius.xtec.cat\/vallesoriental4\/wp-content\/uploads\/usu1133\/2022\/02\/Captura.png 815w\" sizes=\"auto, (max-width: 300px) 100vw, 300px\" \/><\/div>\n<div><img loading=\"lazy\" decoding=\"async\" class=\"aligncenter size-medium wp-image-17317\" src=\"https:\/\/serveiseducatius.xtec.cat\/vallesoriental4\/wp-content\/uploads\/usu1133\/2022\/02\/Captura1-300x113.png\" alt=\"\" width=\"300\" height=\"113\" srcset=\"https:\/\/serveiseducatius.xtec.cat\/vallesoriental4\/wp-content\/uploads\/usu1133\/2022\/02\/Captura1-300x113.png 300w, https:\/\/serveiseducatius.xtec.cat\/vallesoriental4\/wp-content\/uploads\/usu1133\/2022\/02\/Captura1.png 741w\" sizes=\"auto, (max-width: 300px) 100vw, 300px\" \/><\/div>\n<\/div>\n","protected":false},"excerpt":{"rendered":"<p>CONCURS EDUCATIU\u00a0\u00a0JOVES I MOBILITAT #15a EDICI\u00d3 Vianants, la mobilitat m\u00e9s sostenible i saludable PREMI PER A CENTES DOCENTS Millor projecte educatiu en mobilitat segura i sostenible RECONEIXEMENT A UNA TASCA L\u2019objectiu d\u2019aquest guard\u00f3 de Joves i Mobilitat \u00e9s destacar alguna acci\u00f3, projecte o activitat desenvolupada pels centres escolars a l\u2019\u00e0mbit de la mobilitat i la [&hellip;]<\/p>\n","protected":false},"author":1,"featured_media":17312,"comment_status":"open","ping_status":"closed","sticky":false,"template":"","format":"standard","meta":{"_bbp_topic_count":0,"_bbp_reply_count":0,"_bbp_total_topic_count":0,"_bbp_total_reply_count":0,"_bbp_voice_count":0,"_bbp_anonymous_reply_count":0,"_bbp_topic_count_hidden":0,"_bbp_reply_count_hidden":0,"_bbp_forum_subforum_count":0,"site-sidebar-layout":"default","site-content-layout":"","ast-site-content-layout":"","site-content-style":"default","site-sidebar-style":"default","ast-global-header-display":"","ast-banner-title-visibility":"","ast-main-header-display":"","ast-hfb-above-header-display":"","ast-hfb-below-header-display":"","ast-hfb-mobile-header-display":"","site-post-title":"","ast-breadcrumbs-content":"","ast-featured-img":"","footer-sml-layout":"","theme-transparent-header-meta":"","adv-header-id-meta":"","stick-header-meta":"","header-above-stick-meta":"","header-main-stick-meta":"","header-below-stick-meta":"","astra-migrate-meta-layouts":"default","ast-page-background-enabled":"default","ast-page-background-meta":{"desktop":{"background-color":"var(--ast-global-color-4)","background-image":"","background-repeat":"repeat","background-position":"center center","background-size":"auto","background-attachment":"scroll","background-type":"","background-media":"","overlay-type":"","overlay-color":"","overlay-opacity":"","overlay-gradient":""},"tablet":{"background-color":"","background-image":"","background-repeat":"repeat","background-position":"center center","background-size":"auto","background-attachment":"scroll","background-type":"","background-media":"","overlay-type":"","overlay-color":"","overlay-opacity":"","overlay-gradient":""},"mobile":{"background-color":"","background-image":"","background-repeat":"repeat","background-position":"center center","background-size":"auto","background-attachment":"scroll","background-type":"","background-media":"","overlay-type":"","overlay-color":"","overlay-opacity":"","overlay-gradient":""}},"ast-content-background-meta":{"desktop":{"background-color":"var(--ast-global-color-5)","background-image":"","background-repeat":"repeat","background-position":"center center","background-size":"auto","background-attachment":"scroll","background-type":"","background-media":"","overlay-type":"","overlay-color":"","overlay-opacity":"","overlay-gradient":""},"tablet":{"background-color":"var(--ast-global-color-5)","background-image":"","background-repeat":"repeat","background-position":"center center","background-size":"auto","background-attachment":"scroll","background-type":"","background-media":"","overlay-type":"","overlay-color":"","overlay-opacity":"","overlay-gradient":""},"mobile":{"background-color":"var(--ast-global-color-5)","background-image":"","background-repeat":"repeat","background-position":"center center","background-size":"auto","background-attachment":"scroll","background-type":"","background-media":"","overlay-type":"","overlay-color":"","overlay-opacity":"","overlay-gradient":""}},"footnotes":""},"categories":[1,29],"tags":[],"class_list":["post-17309","post","type-post","status-publish","format-standard","has-post-thumbnail","hentry","category-general","category-portada"],"post_mailing_queue_ids":[],"_links":{"self":[{"href":"https:\/\/serveiseducatius.xtec.cat\/vallesoriental4\/wp-json\/wp\/v2\/posts\/17309","targetHints":{"allow":["GET"]}}],"collection":[{"href":"https:\/\/serveiseducatius.xtec.cat\/vallesoriental4\/wp-json\/wp\/v2\/posts"}],"about":[{"href":"https:\/\/serveiseducatius.xtec.cat\/vallesoriental4\/wp-json\/wp\/v2\/types\/post"}],"author":[{"embeddable":true,"href":"https:\/\/serveiseducatius.xtec.cat\/vallesoriental4\/wp-json\/wp\/v2\/users\/1"}],"replies":[{"embeddable":true,"href":"https:\/\/serveiseducatius.xtec.cat\/vallesoriental4\/wp-json\/wp\/v2\/comments?post=17309"}],"version-history":[{"count":3,"href":"https:\/\/serveiseducatius.xtec.cat\/vallesoriental4\/wp-json\/wp\/v2\/posts\/17309\/revisions"}],"predecessor-version":[{"id":17318,"href":"https:\/\/serveiseducatius.xtec.cat\/vallesoriental4\/wp-json\/wp\/v2\/posts\/17309\/revisions\/17318"}],"wp:featuredmedia":[{"embeddable":true,"href":"https:\/\/serveiseducatius.xtec.cat\/vallesoriental4\/wp-json\/wp\/v2\/media\/17312"}],"wp:attachment":[{"href":"https:\/\/serveiseducatius.xtec.cat\/vallesoriental4\/wp-json\/wp\/v2\/media?parent=17309"}],"wp:term":[{"taxonomy":"category","embeddable":true,"href":"https:\/\/serveiseducatius.xtec.cat\/vallesoriental4\/wp-json\/wp\/v2\/categories?post=17309"},{"taxonomy":"post_tag","embeddable":true,"href":"https:\/\/serveiseducatius.xtec.cat\/vallesoriental4\/wp-json\/wp\/v2\/tags?post=17309"}],"curies":[{"name":"wp","href":"https:\/\/api.w.org\/{rel}","templated":true}]}}