{"id":17177,"date":"2022-01-18T16:35:06","date_gmt":"2022-01-18T15:35:06","guid":{"rendered":"https:\/\/serveiseducatius.xtec.cat\/vallesoriental4\/?p=17177"},"modified":"2022-01-18T16:35:06","modified_gmt":"2022-01-18T15:35:06","slug":"formacio-medi-fer-pensar-parlar-i-sentir-des-de-lsteam-2","status":"publish","type":"post","link":"https:\/\/serveiseducatius.xtec.cat\/vallesoriental4\/general\/formacio-medi-fer-pensar-parlar-i-sentir-des-de-lsteam-2\/","title":{"rendered":"Formaci\u00f3 Medi: fer, pensar, parlar i sentir des de l&#8217;STEAM"},"content":{"rendered":"<p><strong><img loading=\"lazy\" decoding=\"async\" class=\"size-full wp-image-17179 alignleft\" src=\"https:\/\/serveiseducatius.xtec.cat\/vallesoriental4\/wp-content\/uploads\/usu1133\/2022\/01\/formacio-steam-300x110-1.png\" alt=\"\" width=\"300\" height=\"110\" \/><\/strong><\/p>\n<p>&nbsp;<\/p>\n<p><strong>Avui<\/strong> <strong>\u00e9s l&#8217;\u00faltim\u00a0dia per inscriure&#8217;s a la formaci\u00f3 en format moddle<\/strong> de\u00a0<strong>Medi:fer, pensar, parlar i sentir<\/strong> des de l&#8217;STEAM\u00a0i a la\u00a0C\u00e0psula de <strong>Medi: Pau i just\u00edcia a l&#8217;aula\u00a0<\/strong><\/p>\n<p>&nbsp;<\/p>\n<p>9006070532 <strong>C\u00e0psula de Medi. Pau i just\u00edcia a l\u2019aula<\/strong><\/p>\n<p>2021-2022\u00a0 Confer\u00e8ncia. Educaci\u00f3 Infantil-Prim\u00e0ria<\/p>\n<p>VT Curs a dist\u00e0ncia<\/p>\n<p>Del 2\/3\/2022 al 2\/3\/2022 ( 2 hores &#8211; 1 sessions ) de 17:30h a 19:30h<\/p>\n<p><a href=\"https:\/\/aplicacions.gestioeducativa.gencat.cat\/pls\/soloas\/pk_for_mod_ins.p_for_detall_activitat?p_codi=9006070532&amp;p_curs=2021-2022&amp;p_es_inscr=S\" data-saferedirecturl=\"https:\/\/www.google.com\/url?q=https:\/\/aplicacions.gestioeducativa.gencat.cat\/pls\/soloas\/pk_for_mod_ins.p_for_detall_activitat?p_codi%3D9006070532%26p_curs%3D2021-2022%26p_es_inscr%3DS&amp;source=gmail&amp;ust=1642597137466000&amp;usg=AOvVaw116yFk_fhBqgCVjZPMj5J3\">\u00a0 \u00a0 \u00a0 \u00a0 \u00a0 \u00a0 \u00a0 \u00a0 \u00a0 \u00a0<strong>Inscripci\u00f3<\/strong><\/a><\/p>\n<p>&nbsp;<\/p>\n<p>9006030532 <strong>Medi: fer, pensar, parlar i sentir des de l&#8217;STEAM (2na edici\u00f3)<\/strong><\/p>\n<p>2021-2022\u00a0 Curs telem\u00e0tic (en l\u00ednia as\u00edncron). Educaci\u00f3 Infantil-Prim\u00e0ria<\/p>\n<p>Del 7\/2\/2022 al 16\/3\/2022 ( 30 hores ) de h a h<\/p>\n<p>VT Curs a dist\u00e0ncia<\/p>\n<p><a href=\"https:\/\/aplicacions.gestioeducativa.gencat.cat\/pls\/soloas\/pk_for_mod_ins.p_for_detall_activitat?p_header=Llista%20d%27activitats%5Epk_for_mod_ins.p_for_cons_activitats?p_entitat=0532%26p_tipus_act=MS2%26p_any=2021-2022%26p_totes=N%26p_inici=1%26p_excloure_crp_rec=T&amp;p_codi=9006030532&amp;p_curs=2021-2022&amp;p_excloure_crp_rec=T\" data-saferedirecturl=\"https:\/\/www.google.com\/url?q=https:\/\/aplicacions.gestioeducativa.gencat.cat\/pls\/soloas\/pk_for_mod_ins.p_for_detall_activitat?p_header%3DLlista%2520d%2527activitats%255Epk_for_mod_ins.p_for_cons_activitats?p_entitat%3D0532%2526p_tipus_act%3DMS2%2526p_any%3D2021-2022%2526p_totes%3DN%2526p_inici%3D1%2526p_excloure_crp_rec%3DT%26p_codi%3D9006030532%26p_curs%3D2021-2022%26p_excloure_crp_rec%3DT&amp;source=gmail&amp;ust=1642597137466000&amp;usg=AOvVaw0Ris2RMoNsv6af_HNvDkvV\">\u00a0 \u00a0 \u00a0 \u00a0 \u00a0 \u00a0 \u00a0 \u00a0 \u00a0 \u00a0<strong>Inscripci\u00f3<\/strong><\/a><\/p>\n<p><img loading=\"lazy\" decoding=\"async\" class=\"aligncenter  wp-image-17181\" src=\"https:\/\/serveiseducatius.xtec.cat\/vallesoriental4\/wp-content\/uploads\/usu1133\/2022\/01\/unnamed-3.jpg\" alt=\"\" width=\"82\" height=\"82\" \/><\/p>\n<p>&nbsp;<\/p>\n","protected":false},"excerpt":{"rendered":"<p>&nbsp; Avui \u00e9s l&#8217;\u00faltim\u00a0dia per inscriure&#8217;s a la formaci\u00f3 en format moddle de\u00a0Medi:fer, pensar, parlar i sentir des de l&#8217;STEAM\u00a0i a la\u00a0C\u00e0psula de Medi: Pau i just\u00edcia a l&#8217;aula\u00a0 &nbsp; 9006070532 C\u00e0psula de Medi. Pau i just\u00edcia a l\u2019aula 2021-2022\u00a0 Confer\u00e8ncia. Educaci\u00f3 Infantil-Prim\u00e0ria VT Curs a dist\u00e0ncia Del 2\/3\/2022 al 2\/3\/2022 ( 2 hores &#8211; [&hellip;]<\/p>\n","protected":false},"author":1,"featured_media":17179,"comment_status":"open","ping_status":"closed","sticky":false,"template":"","format":"standard","meta":{"_bbp_topic_count":0,"_bbp_reply_count":0,"_bbp_total_topic_count":0,"_bbp_total_reply_count":0,"_bbp_voice_count":0,"_bbp_anonymous_reply_count":0,"_bbp_topic_count_hidden":0,"_bbp_reply_count_hidden":0,"_bbp_forum_subforum_count":0,"site-sidebar-layout":"default","site-content-layout":"","ast-site-content-layout":"","site-content-style":"default","site-sidebar-style":"default","ast-global-header-display":"","ast-banner-title-visibility":"","ast-main-header-display":"","ast-hfb-above-header-display":"","ast-hfb-below-header-display":"","ast-hfb-mobile-header-display":"","site-post-title":"","ast-breadcrumbs-content":"","ast-featured-img":"","footer-sml-layout":"","theme-transparent-header-meta":"","adv-header-id-meta":"","stick-header-meta":"","header-above-stick-meta":"","header-main-stick-meta":"","header-below-stick-meta":"","astra-migrate-meta-layouts":"default","ast-page-background-enabled":"default","ast-page-background-meta":{"desktop":{"background-color":"var(--ast-global-color-4)","background-image":"","background-repeat":"repeat","background-position":"center center","background-size":"auto","background-attachment":"scroll","background-type":"","background-media":"","overlay-type":"","overlay-color":"","overlay-opacity":"","overlay-gradient":""},"tablet":{"background-color":"","background-image":"","background-repeat":"repeat","background-position":"center center","background-size":"auto","background-attachment":"scroll","background-type":"","background-media":"","overlay-type":"","overlay-color":"","overlay-opacity":"","overlay-gradient":""},"mobile":{"background-color":"","background-image":"","background-repeat":"repeat","background-position":"center center","background-size":"auto","background-attachment":"scroll","background-type":"","background-media":"","overlay-type":"","overlay-color":"","overlay-opacity":"","overlay-gradient":""}},"ast-content-background-meta":{"desktop":{"background-color":"var(--ast-global-color-5)","background-image":"","background-repeat":"repeat","background-position":"center center","background-size":"auto","background-attachment":"scroll","background-type":"","background-media":"","overlay-type":"","overlay-color":"","overlay-opacity":"","overlay-gradient":""},"tablet":{"background-color":"var(--ast-global-color-5)","background-image":"","background-repeat":"repeat","background-position":"center center","background-size":"auto","background-attachment":"scroll","background-type":"","background-media":"","overlay-type":"","overlay-color":"","overlay-opacity":"","overlay-gradient":""},"mobile":{"background-color":"var(--ast-global-color-5)","background-image":"","background-repeat":"repeat","background-position":"center center","background-size":"auto","background-attachment":"scroll","background-type":"","background-media":"","overlay-type":"","overlay-color":"","overlay-opacity":"","overlay-gradient":""}},"footnotes":""},"categories":[1,29],"tags":[],"class_list":["post-17177","post","type-post","status-publish","format-standard","has-post-thumbnail","hentry","category-general","category-portada"],"post_mailing_queue_ids":[],"_links":{"self":[{"href":"https:\/\/serveiseducatius.xtec.cat\/vallesoriental4\/wp-json\/wp\/v2\/posts\/17177","targetHints":{"allow":["GET"]}}],"collection":[{"href":"https:\/\/serveiseducatius.xtec.cat\/vallesoriental4\/wp-json\/wp\/v2\/posts"}],"about":[{"href":"https:\/\/serveiseducatius.xtec.cat\/vallesoriental4\/wp-json\/wp\/v2\/types\/post"}],"author":[{"embeddable":true,"href":"https:\/\/serveiseducatius.xtec.cat\/vallesoriental4\/wp-json\/wp\/v2\/users\/1"}],"replies":[{"embeddable":true,"href":"https:\/\/serveiseducatius.xtec.cat\/vallesoriental4\/wp-json\/wp\/v2\/comments?post=17177"}],"version-history":[{"count":3,"href":"https:\/\/serveiseducatius.xtec.cat\/vallesoriental4\/wp-json\/wp\/v2\/posts\/17177\/revisions"}],"predecessor-version":[{"id":17191,"href":"https:\/\/serveiseducatius.xtec.cat\/vallesoriental4\/wp-json\/wp\/v2\/posts\/17177\/revisions\/17191"}],"wp:featuredmedia":[{"embeddable":true,"href":"https:\/\/serveiseducatius.xtec.cat\/vallesoriental4\/wp-json\/wp\/v2\/media\/17179"}],"wp:attachment":[{"href":"https:\/\/serveiseducatius.xtec.cat\/vallesoriental4\/wp-json\/wp\/v2\/media?parent=17177"}],"wp:term":[{"taxonomy":"category","embeddable":true,"href":"https:\/\/serveiseducatius.xtec.cat\/vallesoriental4\/wp-json\/wp\/v2\/categories?post=17177"},{"taxonomy":"post_tag","embeddable":true,"href":"https:\/\/serveiseducatius.xtec.cat\/vallesoriental4\/wp-json\/wp\/v2\/tags?post=17177"}],"curies":[{"name":"wp","href":"https:\/\/api.w.org\/{rel}","templated":true}]}}