{"id":16830,"date":"2021-09-21T09:41:31","date_gmt":"2021-09-21T07:41:31","guid":{"rendered":"https:\/\/serveiseducatius.xtec.cat\/vallesoriental4\/?p=16830"},"modified":"2021-09-21T09:41:31","modified_gmt":"2021-09-21T07:41:31","slug":"inscripciones-a-formacion-de-poesia-y-mediacion-con-adolfo-cordova-biblioteca-xavier-benguerel","status":"publish","type":"post","link":"https:\/\/serveiseducatius.xtec.cat\/vallesoriental4\/general\/inscripciones-a-formacion-de-poesia-y-mediacion-con-adolfo-cordova-biblioteca-xavier-benguerel\/","title":{"rendered":"Inscripciones a formaci\u00f3n de poes\u00eda y mediaci\u00f3n con Adolfo C\u00f3rdova \/ Biblioteca Xavier Benguerel"},"content":{"rendered":"<div><\/div>\n<div dir=\"auto\">\n<p><img loading=\"lazy\" decoding=\"async\" class=\"size-full wp-image-16831 alignleft\" src=\"https:\/\/serveiseducatius.xtec.cat\/vallesoriental4\/wp-content\/uploads\/usu1133\/2021\/09\/unnamed.png\" alt=\"\" width=\"203\" height=\"119\" \/><\/p>\n<h2>Acercar la poes\u00eda a las ni\u00f1as y ni\u00f1os: al encuentro de otros sonidos, otros ritmos, otras infancias<\/h2>\n<p>Organiza: Servei de Documentaci\u00f3 de Literatura Infantil i Juvenil y Editorial Ekar\u00e9<br \/>\nBiblioteca Xavier Benguerel. Biblioteques de Barcelona<\/p>\n<p>Fecha: jueves 30 de septiembre de 2021, de 10 a 11:30 h. Actividad presencial<\/p>\n<p><a href=\"https:\/\/docs.google.com\/forms\/d\/e\/1FAIpQLSda5in0AbYGTBYCZAjHV0qUbq6Ww4yIwemdKIAKfzSnfqhpKA\/viewform?fbclid=IwAR29BIVMQU1HPPpyyHb92uOLGaySN_MrHgmZ7rNFDfyuSODdRaXwcMtR6yc\">Formulario de inscripci\u00f3n<\/a><\/p>\n<p>Plazas limitadas<\/p>\n<p><strong>&#8220;La poes\u00eda suena, palpita, tamborea; ama ser le\u00edda en voz alta, entra por el o\u00eddo y sale por la mirada. Empez\u00f3 a sonar de boca en boca y a mover los\u00a0cuerpos\u00a0de quienes la pronunciaban hace miles de a\u00f1os&#8221; \u2013A. C\u00f3rdova.<\/strong><\/p>\n<p>Adolfo C\u00f3rdova, reconocido especialista mexicano, compartir\u00e1 su trayectoria en mediaci\u00f3n e investigaci\u00f3n en el \u00e1mbito de la literatura infantil, en una sesi\u00f3n enfocada a encender la llama de la poes\u00eda e incorporar para este g\u00e9nero \u2014a veces dejado de lado\u2014 nuevas experiencias de mediaci\u00f3n en la biblioteca y el aula.<\/p>\n<\/div>\n<p>&nbsp;<\/p>\n","protected":false},"excerpt":{"rendered":"<p>Acercar la poes\u00eda a las ni\u00f1as y ni\u00f1os: al encuentro de otros sonidos, otros ritmos, otras infancias Organiza: Servei de Documentaci\u00f3 de Literatura Infantil i Juvenil y Editorial Ekar\u00e9 Biblioteca Xavier Benguerel. Biblioteques de Barcelona Fecha: jueves 30 de septiembre de 2021, de 10 a 11:30 h. Actividad presencial Formulario de inscripci\u00f3n Plazas limitadas &#8220;La [&hellip;]<\/p>\n","protected":false},"author":1,"featured_media":16831,"comment_status":"open","ping_status":"closed","sticky":false,"template":"","format":"standard","meta":{"_bbp_topic_count":0,"_bbp_reply_count":0,"_bbp_total_topic_count":0,"_bbp_total_reply_count":0,"_bbp_voice_count":0,"_bbp_anonymous_reply_count":0,"_bbp_topic_count_hidden":0,"_bbp_reply_count_hidden":0,"_bbp_forum_subforum_count":0,"site-sidebar-layout":"default","site-content-layout":"","ast-site-content-layout":"","site-content-style":"default","site-sidebar-style":"default","ast-global-header-display":"","ast-banner-title-visibility":"","ast-main-header-display":"","ast-hfb-above-header-display":"","ast-hfb-below-header-display":"","ast-hfb-mobile-header-display":"","site-post-title":"","ast-breadcrumbs-content":"","ast-featured-img":"","footer-sml-layout":"","theme-transparent-header-meta":"","adv-header-id-meta":"","stick-header-meta":"","header-above-stick-meta":"","header-main-stick-meta":"","header-below-stick-meta":"","astra-migrate-meta-layouts":"default","ast-page-background-enabled":"default","ast-page-background-meta":{"desktop":{"background-color":"var(--ast-global-color-4)","background-image":"","background-repeat":"repeat","background-position":"center center","background-size":"auto","background-attachment":"scroll","background-type":"","background-media":"","overlay-type":"","overlay-color":"","overlay-opacity":"","overlay-gradient":""},"tablet":{"background-color":"","background-image":"","background-repeat":"repeat","background-position":"center center","background-size":"auto","background-attachment":"scroll","background-type":"","background-media":"","overlay-type":"","overlay-color":"","overlay-opacity":"","overlay-gradient":""},"mobile":{"background-color":"","background-image":"","background-repeat":"repeat","background-position":"center center","background-size":"auto","background-attachment":"scroll","background-type":"","background-media":"","overlay-type":"","overlay-color":"","overlay-opacity":"","overlay-gradient":""}},"ast-content-background-meta":{"desktop":{"background-color":"var(--ast-global-color-5)","background-image":"","background-repeat":"repeat","background-position":"center center","background-size":"auto","background-attachment":"scroll","background-type":"","background-media":"","overlay-type":"","overlay-color":"","overlay-opacity":"","overlay-gradient":""},"tablet":{"background-color":"var(--ast-global-color-5)","background-image":"","background-repeat":"repeat","background-position":"center center","background-size":"auto","background-attachment":"scroll","background-type":"","background-media":"","overlay-type":"","overlay-color":"","overlay-opacity":"","overlay-gradient":""},"mobile":{"background-color":"var(--ast-global-color-5)","background-image":"","background-repeat":"repeat","background-position":"center center","background-size":"auto","background-attachment":"scroll","background-type":"","background-media":"","overlay-type":"","overlay-color":"","overlay-opacity":"","overlay-gradient":""}},"footnotes":""},"categories":[1,29],"tags":[],"class_list":["post-16830","post","type-post","status-publish","format-standard","has-post-thumbnail","hentry","category-general","category-portada"],"post_mailing_queue_ids":[],"_links":{"self":[{"href":"https:\/\/serveiseducatius.xtec.cat\/vallesoriental4\/wp-json\/wp\/v2\/posts\/16830","targetHints":{"allow":["GET"]}}],"collection":[{"href":"https:\/\/serveiseducatius.xtec.cat\/vallesoriental4\/wp-json\/wp\/v2\/posts"}],"about":[{"href":"https:\/\/serveiseducatius.xtec.cat\/vallesoriental4\/wp-json\/wp\/v2\/types\/post"}],"author":[{"embeddable":true,"href":"https:\/\/serveiseducatius.xtec.cat\/vallesoriental4\/wp-json\/wp\/v2\/users\/1"}],"replies":[{"embeddable":true,"href":"https:\/\/serveiseducatius.xtec.cat\/vallesoriental4\/wp-json\/wp\/v2\/comments?post=16830"}],"version-history":[{"count":2,"href":"https:\/\/serveiseducatius.xtec.cat\/vallesoriental4\/wp-json\/wp\/v2\/posts\/16830\/revisions"}],"predecessor-version":[{"id":16833,"href":"https:\/\/serveiseducatius.xtec.cat\/vallesoriental4\/wp-json\/wp\/v2\/posts\/16830\/revisions\/16833"}],"wp:featuredmedia":[{"embeddable":true,"href":"https:\/\/serveiseducatius.xtec.cat\/vallesoriental4\/wp-json\/wp\/v2\/media\/16831"}],"wp:attachment":[{"href":"https:\/\/serveiseducatius.xtec.cat\/vallesoriental4\/wp-json\/wp\/v2\/media?parent=16830"}],"wp:term":[{"taxonomy":"category","embeddable":true,"href":"https:\/\/serveiseducatius.xtec.cat\/vallesoriental4\/wp-json\/wp\/v2\/categories?post=16830"},{"taxonomy":"post_tag","embeddable":true,"href":"https:\/\/serveiseducatius.xtec.cat\/vallesoriental4\/wp-json\/wp\/v2\/tags?post=16830"}],"curies":[{"name":"wp","href":"https:\/\/api.w.org\/{rel}","templated":true}]}}