{"id":16067,"date":"2021-03-18T10:58:08","date_gmt":"2021-03-18T09:58:08","guid":{"rendered":"http:\/\/serveiseducatius.xtec.cat\/vallesoriental4\/?p=16067"},"modified":"2021-03-18T10:58:08","modified_gmt":"2021-03-18T09:58:08","slug":"lets-clean-up-europe-2021-inscriu-accions-de-neteja-a-un-entorn-natural","status":"publish","type":"post","link":"https:\/\/serveiseducatius.xtec.cat\/vallesoriental4\/general\/lets-clean-up-europe-2021-inscriu-accions-de-neteja-a-un-entorn-natural\/","title":{"rendered":"Let&#8217;s Clean Up Europe 2021: Inscriu accions de neteja a un entorn natural!"},"content":{"rendered":"<p>&nbsp;<\/p>\n<p><img loading=\"lazy\" decoding=\"async\" class=\" wp-image-16068 alignleft\" src=\"https:\/\/serveiseducatius.xtec.cat\/vallesoriental4\/wp-content\/uploads\/usu1133\/2021\/03\/clean-up-europe-300x136.jpg\" alt=\"\" width=\"342\" height=\"155\" srcset=\"https:\/\/serveiseducatius.xtec.cat\/vallesoriental4\/wp-content\/uploads\/usu1133\/2021\/03\/clean-up-europe-300x136.jpg 300w, https:\/\/serveiseducatius.xtec.cat\/vallesoriental4\/wp-content\/uploads\/usu1133\/2021\/03\/clean-up-europe-768x347.jpg 768w, https:\/\/serveiseducatius.xtec.cat\/vallesoriental4\/wp-content\/uploads\/usu1133\/2021\/03\/clean-up-europe-1024x463.jpg 1024w, https:\/\/serveiseducatius.xtec.cat\/vallesoriental4\/wp-content\/uploads\/usu1133\/2021\/03\/clean-up-europe.jpg 1600w\" sizes=\"auto, (max-width: 342px) 100vw, 342px\" \/><\/p>\n<p><span style=\"color: #000000; font-family: arial, sans-serif;\">En el marc de la\u00a0<b>VIII edici\u00f3 del<\/b>\u00a0<b>Let\u2019s Clean Up Europe!<\/b>\u00a0que se celebra del 7 al 9 de maig de 2021\u00a0s&#8217;organitza una sessi\u00f3 online de presentaci\u00f3 de recursos i experi\u00e8ncies per dissenyar projectes educatius<br \/>\n<\/span><\/p>\n<p><span style=\"color: #000000; font-family: arial, sans-serif;\">Des de l&#8217;ARC, el proper\u00a0<b>22 de mar\u00e7 a les 17.30h<\/b>, organitzen un webinar per tal d&#8217;aprofitar la campanya europea\u00a0<b>Let&#8217;s Clean up<\/b>\u00a0amb el prop\u00f2sit d&#8217;anar m\u00e9s enll\u00e0 d&#8217;una recollida puntual de residus.\u00a0<\/span><\/p>\n<p><span style=\"font-family: arial, sans-serif;\"><span style=\"color: #000000;\">Us annexem el programa i us\u00a0compartim el<\/span>\u00a0<a href=\"https:\/\/www.youtube.com\/watch?v=naXAVQ6ZHqU\" target=\"_blank\" rel=\"noopener noreferrer\" data-saferedirecturl=\"https:\/\/www.google.com\/url?q=https:\/\/www.youtube.com\/watch?v%3DnaXAVQ6ZHqU&amp;source=gmail&amp;ust=1616142092199000&amp;usg=AFQjCNHGJh8MakPu5T8bGiobebRRHg8Htg\">v\u00eddeo promocional d&#8217;aquesta edici\u00f3<\/a><\/span><\/p>\n<p><span style=\"color: #000000; font-family: arial, sans-serif;\">Us facilitem el formulari d&#8217;inscripci\u00f3: \u00a0<\/span><a href=\"https:\/\/docs.google.com\/forms\/d\/e\/1FAIpQLScq-jJVIv9sqoQTNW883sCkdnFrsgIjxbIqtMUT4cznGpUwLw\/viewform?gxids=7628\" target=\"_blank\" rel=\"noopener noreferrer\" data-saferedirecturl=\"https:\/\/www.google.com\/url?q=https:\/\/docs.google.com\/forms\/d\/e\/1FAIpQLScq-jJVIv9sqoQTNW883sCkdnFrsgIjxbIqtMUT4cznGpUwLw\/viewform?gxids%3D7628&amp;source=gmail&amp;ust=1616142092199000&amp;usg=AFQjCNFLZsxJF6C66kX7MWGk3MrzFG2njg\">https:\/\/docs.google.com\/forms\/<wbr \/>d\/e\/1FAIpQLScq-<wbr \/>jJVIv9sqoQTNW883sCkdnFrsgIjxbI<wbr \/>qtMUT4cznGpUwLw\/viewform?<wbr \/>gxids=7628<\/a><\/p>\n<p><span style=\"color: #000000;\">Per a m\u00e9s informaci\u00f3: \u00a0<\/span><a href=\"http:\/\/residus.gencat.cat\/ca\/ambits_dactuacio\/prevencio\/setmana_europea\/lets_clean_up_europe\/\" target=\"_blank\" rel=\"noopener noreferrer\" data-saferedirecturl=\"https:\/\/www.google.com\/url?q=http:\/\/residus.gencat.cat\/ca\/ambits_dactuacio\/prevencio\/setmana_europea\/lets_clean_up_europe\/&amp;source=gmail&amp;ust=1616142092199000&amp;usg=AFQjCNHIkH00AtUJhJTOm8ZQKM3l7qkcKg\">http:\/\/residus.gencat.cat\/ca\/<wbr \/>ambits_dactuacio\/prevencio\/<wbr \/>setmana_europea\/lets_clean_up_<wbr \/>europe\/<\/a><\/p>\n<p>&nbsp;<\/p>\n","protected":false},"excerpt":{"rendered":"<p>&nbsp; En el marc de la\u00a0VIII edici\u00f3 del\u00a0Let\u2019s Clean Up Europe!\u00a0que se celebra del 7 al 9 de maig de 2021\u00a0s&#8217;organitza una sessi\u00f3 online de presentaci\u00f3 de recursos i experi\u00e8ncies per dissenyar projectes educatius Des de l&#8217;ARC, el proper\u00a022 de mar\u00e7 a les 17.30h, organitzen un webinar per tal d&#8217;aprofitar la campanya europea\u00a0Let&#8217;s Clean up\u00a0amb [&hellip;]<\/p>\n","protected":false},"author":1,"featured_media":16068,"comment_status":"open","ping_status":"closed","sticky":false,"template":"","format":"standard","meta":{"_bbp_topic_count":0,"_bbp_reply_count":0,"_bbp_total_topic_count":0,"_bbp_total_reply_count":0,"_bbp_voice_count":0,"_bbp_anonymous_reply_count":0,"_bbp_topic_count_hidden":0,"_bbp_reply_count_hidden":0,"_bbp_forum_subforum_count":0,"site-sidebar-layout":"default","site-content-layout":"","ast-site-content-layout":"","site-content-style":"default","site-sidebar-style":"default","ast-global-header-display":"","ast-banner-title-visibility":"","ast-main-header-display":"","ast-hfb-above-header-display":"","ast-hfb-below-header-display":"","ast-hfb-mobile-header-display":"","site-post-title":"","ast-breadcrumbs-content":"","ast-featured-img":"","footer-sml-layout":"","theme-transparent-header-meta":"","adv-header-id-meta":"","stick-header-meta":"","header-above-stick-meta":"","header-main-stick-meta":"","header-below-stick-meta":"","astra-migrate-meta-layouts":"default","ast-page-background-enabled":"default","ast-page-background-meta":{"desktop":{"background-color":"var(--ast-global-color-4)","background-image":"","background-repeat":"repeat","background-position":"center center","background-size":"auto","background-attachment":"scroll","background-type":"","background-media":"","overlay-type":"","overlay-color":"","overlay-opacity":"","overlay-gradient":""},"tablet":{"background-color":"","background-image":"","background-repeat":"repeat","background-position":"center center","background-size":"auto","background-attachment":"scroll","background-type":"","background-media":"","overlay-type":"","overlay-color":"","overlay-opacity":"","overlay-gradient":""},"mobile":{"background-color":"","background-image":"","background-repeat":"repeat","background-position":"center center","background-size":"auto","background-attachment":"scroll","background-type":"","background-media":"","overlay-type":"","overlay-color":"","overlay-opacity":"","overlay-gradient":""}},"ast-content-background-meta":{"desktop":{"background-color":"var(--ast-global-color-5)","background-image":"","background-repeat":"repeat","background-position":"center center","background-size":"auto","background-attachment":"scroll","background-type":"","background-media":"","overlay-type":"","overlay-color":"","overlay-opacity":"","overlay-gradient":""},"tablet":{"background-color":"var(--ast-global-color-5)","background-image":"","background-repeat":"repeat","background-position":"center center","background-size":"auto","background-attachment":"scroll","background-type":"","background-media":"","overlay-type":"","overlay-color":"","overlay-opacity":"","overlay-gradient":""},"mobile":{"background-color":"var(--ast-global-color-5)","background-image":"","background-repeat":"repeat","background-position":"center center","background-size":"auto","background-attachment":"scroll","background-type":"","background-media":"","overlay-type":"","overlay-color":"","overlay-opacity":"","overlay-gradient":""}},"footnotes":""},"categories":[1,29],"tags":[],"class_list":["post-16067","post","type-post","status-publish","format-standard","has-post-thumbnail","hentry","category-general","category-portada"],"post_mailing_queue_ids":[],"_links":{"self":[{"href":"https:\/\/serveiseducatius.xtec.cat\/vallesoriental4\/wp-json\/wp\/v2\/posts\/16067","targetHints":{"allow":["GET"]}}],"collection":[{"href":"https:\/\/serveiseducatius.xtec.cat\/vallesoriental4\/wp-json\/wp\/v2\/posts"}],"about":[{"href":"https:\/\/serveiseducatius.xtec.cat\/vallesoriental4\/wp-json\/wp\/v2\/types\/post"}],"author":[{"embeddable":true,"href":"https:\/\/serveiseducatius.xtec.cat\/vallesoriental4\/wp-json\/wp\/v2\/users\/1"}],"replies":[{"embeddable":true,"href":"https:\/\/serveiseducatius.xtec.cat\/vallesoriental4\/wp-json\/wp\/v2\/comments?post=16067"}],"version-history":[{"count":3,"href":"https:\/\/serveiseducatius.xtec.cat\/vallesoriental4\/wp-json\/wp\/v2\/posts\/16067\/revisions"}],"predecessor-version":[{"id":16071,"href":"https:\/\/serveiseducatius.xtec.cat\/vallesoriental4\/wp-json\/wp\/v2\/posts\/16067\/revisions\/16071"}],"wp:featuredmedia":[{"embeddable":true,"href":"https:\/\/serveiseducatius.xtec.cat\/vallesoriental4\/wp-json\/wp\/v2\/media\/16068"}],"wp:attachment":[{"href":"https:\/\/serveiseducatius.xtec.cat\/vallesoriental4\/wp-json\/wp\/v2\/media?parent=16067"}],"wp:term":[{"taxonomy":"category","embeddable":true,"href":"https:\/\/serveiseducatius.xtec.cat\/vallesoriental4\/wp-json\/wp\/v2\/categories?post=16067"},{"taxonomy":"post_tag","embeddable":true,"href":"https:\/\/serveiseducatius.xtec.cat\/vallesoriental4\/wp-json\/wp\/v2\/tags?post=16067"}],"curies":[{"name":"wp","href":"https:\/\/api.w.org\/{rel}","templated":true}]}}