{"id":16062,"date":"2021-03-18T10:16:11","date_gmt":"2021-03-18T09:16:11","guid":{"rendered":"http:\/\/serveiseducatius.xtec.cat\/vallesoriental4\/?p=16062"},"modified":"2021-03-18T10:16:11","modified_gmt":"2021-03-18T09:16:11","slug":"premi-als-centres-educatius-pel-millor-projecte-en-mobilitat-segura-i-sostenible","status":"publish","type":"post","link":"https:\/\/serveiseducatius.xtec.cat\/vallesoriental4\/general\/premi-als-centres-educatius-pel-millor-projecte-en-mobilitat-segura-i-sostenible\/","title":{"rendered":"Premi als centres educatius pel millor projecte en mobilitat segura i sostenible"},"content":{"rendered":"<p><img loading=\"lazy\" decoding=\"async\" class=\"size-medium wp-image-16063 alignleft\" src=\"https:\/\/serveiseducatius.xtec.cat\/vallesoriental4\/wp-content\/uploads\/usu1133\/2021\/03\/rac-300x154.png\" alt=\"\" width=\"300\" height=\"154\" srcset=\"https:\/\/serveiseducatius.xtec.cat\/vallesoriental4\/wp-content\/uploads\/usu1133\/2021\/03\/rac-300x154.png 300w, https:\/\/serveiseducatius.xtec.cat\/vallesoriental4\/wp-content\/uploads\/usu1133\/2021\/03\/rac.png 600w\" sizes=\"auto, (max-width: 300px) 100vw, 300px\" \/><\/p>\n<p>&nbsp;<\/p>\n<p><span style=\"color: #99cc00;\"><strong>CONCURS EDUCATIU<\/strong><\/span><br \/>\n<strong>JOVES I MOBILITAT<\/strong><br \/>\n<span style=\"color: #99cc00;\"><strong>#14 EDICI\u00d3<\/strong><\/span><\/p>\n<p><strong>Protegits a l&#8217;escola, com protegim tamb\u00e9 la mobilitat del seu entorn?<\/strong><\/p>\n<p>PREMI PER A CENTRES DOCENTS<\/p>\n<p><span style=\"color: #99cc00;\"><b>RECONEIXEMENT A UNA TASCA<\/b><\/span><\/p>\n<p>L&#8217;objectiu d\u2019aquest guard\u00f3 de Joves i Mobilitat \u00e9s destacar alguna acci\u00f3, projecte o activitat desenvolupada pels centres escolars en l&#8217;\u00e0mbit de la mobilitat i la seguretat vi\u00e0ria.<\/p>\n<p>La idea central d&#8217;aquesta categoria del concurs \u00e9s posar en valor i donar rellev\u00e0ncia i notorietat a les activitats que ja es realitzen regularment durant el curs escolar:<\/p>\n<ul>\n<li>\u00a0Setmana de la mobilitat.<\/li>\n<li>\u00a0Campanyes de seguretat, \u00fas de les bicicletes, transport p\u00fablic.<\/li>\n<li>Camins escolars.<\/li>\n<li>Xerrades divulgatives de mossos o policies locals<\/li>\n<li>Treballs de s\u00edntesi o de recerca.<\/li>\n<li>Senyalitzaci\u00f3 vi\u00e0ria al centre.<\/li>\n<li>etc.<\/li>\n<\/ul>\n<p><span style=\"color: #99cc00;\"><b>QU\u00c8 CAL FER?<\/b><\/span><\/p>\n<p>Per avaluar l\u2019activitat duta a terme en un centre, caldr\u00e0 que es registri a\u00a0<a href=\"https:\/\/r.comunicacion-nicnacweb.com\/mk\/cl\/f\/BZ26GkjrIoDMI8vp0pznx8LLj1aFYRI9QON97p4uRNr4wVZdH4rtqJR5ZvZNU93emWOeajIua9U_hg7J7gFsApLVaTK1gUS4iTw1gvXKvivQm0TWltTPJpGwmJWwQD2uvQhwq8RhqkbTUioLKcB0kg_ebAUlG0_bYsIb7FHO41OnNgGBeueIXwXnSp0\" target=\"_blank\" rel=\"noopener noreferrer\" data-saferedirecturl=\"https:\/\/www.google.com\/url?q=https:\/\/r.comunicacion-nicnacweb.com\/mk\/cl\/f\/BZ26GkjrIoDMI8vp0pznx8LLj1aFYRI9QON97p4uRNr4wVZdH4rtqJR5ZvZNU93emWOeajIua9U_hg7J7gFsApLVaTK1gUS4iTw1gvXKvivQm0TWltTPJpGwmJWwQD2uvQhwq8RhqkbTUioLKcB0kg_ebAUlG0_bYsIb7FHO41OnNgGBeueIXwXnSp0&amp;source=gmail&amp;ust=1616142092237000&amp;usg=AFQjCNEKGnSjiONAM5PDDGQKQKcWeK1HAQ\"><strong>www.jovesimobilitat.cat<\/strong><\/a>\u00a0una mem\u00f2ria del projecte desenvolupat durant aquest curs, amb el suport fotogr\u00e0fic i\/o audiovisual de la mateixa. Aquesta mem\u00f2ria haur\u00e0 de contenir la seg\u00fcent informaci\u00f3:<\/p>\n<ul>\n<li>Nom de l\u2019activitat.<\/li>\n<li>Data de realitzaci\u00f3 del projecte.<\/li>\n<li>Antiguitat del projecte (n\u00fam. d\u2019edicions).<\/li>\n<li>Participants (classes, cursos, alumnes i professors).<\/li>\n<li>Objectius.<\/li>\n<li>Accions desenvolupades.<\/li>\n<li>Col\u00b7laboradors (institucions, entitats, mossos, policies locals, patrocinadors\u2026).<\/li>\n<li>Recursos utilitzats.<\/li>\n<li>Promoci\u00f3 del projecte (a nivell intern, a xarxes socials, a mitjans, etc.).<\/li>\n<\/ul>\n<p>Els criteris d&#8217;avaluaci\u00f3 aix\u00ed com els recursos per fer aquesta mem\u00f2ria es poden trobar a\u00a0<a href=\"https:\/\/r.comunicacion-nicnacweb.com\/mk\/cl\/f\/r-LnLXJ0q9Ft8cbY9YEO2-woz4pwjhlj-fR8MXTDCl1GJ-n4agM5kt6ZkuLwyKiEZXr7wpLlr124OwwGzXs4jgCG7CVE-2RtbAr8aQYcXEaa54i89A83wF_N0cofXc41v9xf3dHtelUJvzWQ3zN6DNe2WQIbfKo90d7FOpkyAcoK5M_kCBQedNitAhY\" target=\"_blank\" rel=\"noopener noreferrer\" data-saferedirecturl=\"https:\/\/www.google.com\/url?q=https:\/\/r.comunicacion-nicnacweb.com\/mk\/cl\/f\/r-LnLXJ0q9Ft8cbY9YEO2-woz4pwjhlj-fR8MXTDCl1GJ-n4agM5kt6ZkuLwyKiEZXr7wpLlr124OwwGzXs4jgCG7CVE-2RtbAr8aQYcXEaa54i89A83wF_N0cofXc41v9xf3dHtelUJvzWQ3zN6DNe2WQIbfKo90d7FOpkyAcoK5M_kCBQedNitAhY&amp;source=gmail&amp;ust=1616142092237000&amp;usg=AFQjCNGAMuQMt-JQ_lbh-EB4AQg5W-3P9w\"><strong>www.jovesimobilitat.cat<\/strong><\/a>.<\/p>\n<p><span style=\"color: #99cc00;\"><b>EL PREMI<\/b><\/span><\/p>\n<ul>\n<li>Diploma acreditatiu.<\/li>\n<li>Pack de material escolar d\u2019Abacus valorat en 200 euros.<\/li>\n<\/ul>\n<p><span style=\"color: #99cc00;\"><b>CALENDARI<\/b><\/span><\/p>\n<p>La data l\u00edmit per presentar les mem\u00f2ries \u00e9s el\u00a0<strong>30 d\u2019abril de 2021.<\/strong><\/p>\n<p><a href=\"https:\/\/r.comunicacion-nicnacweb.com\/mk\/cl\/f\/fc8EOI-9SwZEljqp5S944D3aA0seZLcNzohcSZkuT1-0vri69qzp4sCK6-yxaZLO_GzAfZ-Wk8XbzOhHRj3Ve_ILOAzdFebnBX6XjYlrKSDoUkmOvGADuZgnTzRBHzfinqs9LW_jFkzgCfp1DPk119EQOQK910WI6vAxWLR0dc0jPyAEwNoKEXBgfaA\" target=\"_blank\" rel=\"noopener noreferrer\" data-saferedirecturl=\"https:\/\/www.google.com\/url?q=https:\/\/r.comunicacion-nicnacweb.com\/mk\/cl\/f\/fc8EOI-9SwZEljqp5S944D3aA0seZLcNzohcSZkuT1-0vri69qzp4sCK6-yxaZLO_GzAfZ-Wk8XbzOhHRj3Ve_ILOAzdFebnBX6XjYlrKSDoUkmOvGADuZgnTzRBHzfinqs9LW_jFkzgCfp1DPk119EQOQK910WI6vAxWLR0dc0jPyAEwNoKEXBgfaA&amp;source=gmail&amp;ust=1616142092237000&amp;usg=AFQjCNHwBoawUG-6DYbSOoAXPlfB_qPtXQ\">M\u00e9s informaci\u00f3<\/a><\/p>\n<p><img loading=\"lazy\" decoding=\"async\" class=\" wp-image-16064 alignleft\" src=\"https:\/\/serveiseducatius.xtec.cat\/vallesoriental4\/wp-content\/uploads\/usu1133\/2021\/03\/rac2-300x54.jpg\" alt=\"\" width=\"506\" height=\"91\" srcset=\"https:\/\/serveiseducatius.xtec.cat\/vallesoriental4\/wp-content\/uploads\/usu1133\/2021\/03\/rac2-300x54.jpg 300w, https:\/\/serveiseducatius.xtec.cat\/vallesoriental4\/wp-content\/uploads\/usu1133\/2021\/03\/rac2.jpg 650w\" sizes=\"auto, (max-width: 506px) 100vw, 506px\" \/><\/p>\n","protected":false},"excerpt":{"rendered":"<p>&nbsp; CONCURS EDUCATIU JOVES I MOBILITAT #14 EDICI\u00d3 Protegits a l&#8217;escola, com protegim tamb\u00e9 la mobilitat del seu entorn? PREMI PER A CENTRES DOCENTS RECONEIXEMENT A UNA TASCA L&#8217;objectiu d\u2019aquest guard\u00f3 de Joves i Mobilitat \u00e9s destacar alguna acci\u00f3, projecte o activitat desenvolupada pels centres escolars en l&#8217;\u00e0mbit de la mobilitat i la seguretat vi\u00e0ria. [&hellip;]<\/p>\n","protected":false},"author":1,"featured_media":16063,"comment_status":"open","ping_status":"closed","sticky":false,"template":"","format":"standard","meta":{"_bbp_topic_count":0,"_bbp_reply_count":0,"_bbp_total_topic_count":0,"_bbp_total_reply_count":0,"_bbp_voice_count":0,"_bbp_anonymous_reply_count":0,"_bbp_topic_count_hidden":0,"_bbp_reply_count_hidden":0,"_bbp_forum_subforum_count":0,"site-sidebar-layout":"default","site-content-layout":"","ast-site-content-layout":"","site-content-style":"default","site-sidebar-style":"default","ast-global-header-display":"","ast-banner-title-visibility":"","ast-main-header-display":"","ast-hfb-above-header-display":"","ast-hfb-below-header-display":"","ast-hfb-mobile-header-display":"","site-post-title":"","ast-breadcrumbs-content":"","ast-featured-img":"","footer-sml-layout":"","theme-transparent-header-meta":"","adv-header-id-meta":"","stick-header-meta":"","header-above-stick-meta":"","header-main-stick-meta":"","header-below-stick-meta":"","astra-migrate-meta-layouts":"default","ast-page-background-enabled":"default","ast-page-background-meta":{"desktop":{"background-color":"var(--ast-global-color-4)","background-image":"","background-repeat":"repeat","background-position":"center center","background-size":"auto","background-attachment":"scroll","background-type":"","background-media":"","overlay-type":"","overlay-color":"","overlay-opacity":"","overlay-gradient":""},"tablet":{"background-color":"","background-image":"","background-repeat":"repeat","background-position":"center center","background-size":"auto","background-attachment":"scroll","background-type":"","background-media":"","overlay-type":"","overlay-color":"","overlay-opacity":"","overlay-gradient":""},"mobile":{"background-color":"","background-image":"","background-repeat":"repeat","background-position":"center center","background-size":"auto","background-attachment":"scroll","background-type":"","background-media":"","overlay-type":"","overlay-color":"","overlay-opacity":"","overlay-gradient":""}},"ast-content-background-meta":{"desktop":{"background-color":"var(--ast-global-color-5)","background-image":"","background-repeat":"repeat","background-position":"center center","background-size":"auto","background-attachment":"scroll","background-type":"","background-media":"","overlay-type":"","overlay-color":"","overlay-opacity":"","overlay-gradient":""},"tablet":{"background-color":"var(--ast-global-color-5)","background-image":"","background-repeat":"repeat","background-position":"center center","background-size":"auto","background-attachment":"scroll","background-type":"","background-media":"","overlay-type":"","overlay-color":"","overlay-opacity":"","overlay-gradient":""},"mobile":{"background-color":"var(--ast-global-color-5)","background-image":"","background-repeat":"repeat","background-position":"center center","background-size":"auto","background-attachment":"scroll","background-type":"","background-media":"","overlay-type":"","overlay-color":"","overlay-opacity":"","overlay-gradient":""}},"footnotes":""},"categories":[1,29],"tags":[],"class_list":["post-16062","post","type-post","status-publish","format-standard","has-post-thumbnail","hentry","category-general","category-portada"],"post_mailing_queue_ids":[],"_links":{"self":[{"href":"https:\/\/serveiseducatius.xtec.cat\/vallesoriental4\/wp-json\/wp\/v2\/posts\/16062","targetHints":{"allow":["GET"]}}],"collection":[{"href":"https:\/\/serveiseducatius.xtec.cat\/vallesoriental4\/wp-json\/wp\/v2\/posts"}],"about":[{"href":"https:\/\/serveiseducatius.xtec.cat\/vallesoriental4\/wp-json\/wp\/v2\/types\/post"}],"author":[{"embeddable":true,"href":"https:\/\/serveiseducatius.xtec.cat\/vallesoriental4\/wp-json\/wp\/v2\/users\/1"}],"replies":[{"embeddable":true,"href":"https:\/\/serveiseducatius.xtec.cat\/vallesoriental4\/wp-json\/wp\/v2\/comments?post=16062"}],"version-history":[{"count":2,"href":"https:\/\/serveiseducatius.xtec.cat\/vallesoriental4\/wp-json\/wp\/v2\/posts\/16062\/revisions"}],"predecessor-version":[{"id":16066,"href":"https:\/\/serveiseducatius.xtec.cat\/vallesoriental4\/wp-json\/wp\/v2\/posts\/16062\/revisions\/16066"}],"wp:featuredmedia":[{"embeddable":true,"href":"https:\/\/serveiseducatius.xtec.cat\/vallesoriental4\/wp-json\/wp\/v2\/media\/16063"}],"wp:attachment":[{"href":"https:\/\/serveiseducatius.xtec.cat\/vallesoriental4\/wp-json\/wp\/v2\/media?parent=16062"}],"wp:term":[{"taxonomy":"category","embeddable":true,"href":"https:\/\/serveiseducatius.xtec.cat\/vallesoriental4\/wp-json\/wp\/v2\/categories?post=16062"},{"taxonomy":"post_tag","embeddable":true,"href":"https:\/\/serveiseducatius.xtec.cat\/vallesoriental4\/wp-json\/wp\/v2\/tags?post=16062"}],"curies":[{"name":"wp","href":"https:\/\/api.w.org\/{rel}","templated":true}]}}