{"id":15897,"date":"2021-02-25T09:38:49","date_gmt":"2021-02-25T08:38:49","guid":{"rendered":"http:\/\/serveiseducatius.xtec.cat\/vallesoriental4\/?p=15897"},"modified":"2021-02-26T16:54:47","modified_gmt":"2021-02-26T15:54:47","slug":"torna-lefim-el-concurs-de-fotografia-i-patrimoni-per-a-joves","status":"publish","type":"post","link":"https:\/\/serveiseducatius.xtec.cat\/vallesoriental4\/portada\/torna-lefim-el-concurs-de-fotografia-i-patrimoni-per-a-joves\/","title":{"rendered":"Torna l&#8217;EFIM, el concurs de fotografia i patrimoni per a joves"},"content":{"rendered":"<div><a href=\"https:\/\/serveiseducatius.xtec.cat\/vallesoriental4\/wp-content\/uploads\/usu1133\/2021\/02\/efim.jpg\"><img loading=\"lazy\" decoding=\"async\" class=\" wp-image-15898 alignleft\" src=\"https:\/\/serveiseducatius.xtec.cat\/vallesoriental4\/wp-content\/uploads\/usu1133\/2021\/02\/efim-300x150.jpg\" alt=\"\" width=\"392\" height=\"196\" srcset=\"https:\/\/serveiseducatius.xtec.cat\/vallesoriental4\/wp-content\/uploads\/usu1133\/2021\/02\/efim-300x150.jpg 300w, https:\/\/serveiseducatius.xtec.cat\/vallesoriental4\/wp-content\/uploads\/usu1133\/2021\/02\/efim.jpg 640w\" sizes=\"auto, (max-width: 392px) 100vw, 392px\" \/><\/a><\/div>\n<div>\n<p><strong>L\u2019EFIM<\/strong>\u00a0\u00e9s un concurs de fotografia patrimonial d\u2019abast mundial, que \u00e9s realitza sota els auspicis del Consell d\u2019Europa, i t\u00e9 com a finalitat apropar els monuments al jovent d\u2019arreu del m\u00f3n i promoure\u2019n aix\u00ed el seu coneixement i respecte.<\/p>\n<p>Els\u00a0<strong>museus i monuments<\/strong>\u00a0segueixen oberts al p\u00fablic, complint amb totes les\u00a0<strong>mesures de seguretat sanit\u00e0ries<\/strong>. Tanmateix, amb l&#8217;objectiu de\u00a0donar m\u00e9s opcions a la participaci\u00f3, hi ha\u00a0<strong>dues modalitats<\/strong>\u00a0diferents per a participar:\u00a0la\u00a0<strong>cl\u00e0ssica<\/strong>, que proposa fer\u00a0fotografies<em><strong>\u00a0in situ\u00a0<\/strong><\/em>al\u00a0patrimoni,\u00a0i la\u00a0<strong>nova<\/strong>, que proposa fer\u00a0<strong>fotomuntatges<\/strong>\u00a0amb fotografies del patrimoni cultural catal\u00e0 com a idea central.<\/p>\n<p>L&#8217;alumnat que vulgui\u00a0participar s&#8217;ha\u00a0d&#8217;inscriure mitjan\u00e7ant el seu<strong>\u00a0centre educatiu<\/strong>. Les\u00a0<strong>fotografies,<\/strong>\u00a0que poden capturar-se amb el tel\u00e8fon m\u00f2bil o una c\u00e0mera de fotos, es compartiran a trav\u00e9s del perfil d&#8217;<strong>Instagram<\/strong>\u00a0<a href=\"https:\/\/www.email-index.com\/click.php?L=UeHK4hszu31l6ZMi3k1V6w&amp;J=MhNptk3RzXqWXIXSaJyaVg&amp;C=5b39tJ5jSMzM4u9q9ITB3g&amp;F=HKFRcCbcnmxmc4f43DJP5g\" target=\"_blank\" rel=\"noopener noreferrer\" data-saferedirecturl=\"https:\/\/www.google.com\/url?q=https:\/\/www.email-index.com\/click.php?L%3DUeHK4hszu31l6ZMi3k1V6w%26J%3DMhNptk3RzXqWXIXSaJyaVg%26C%3D5b39tJ5jSMzM4u9q9ITB3g%26F%3DHKFRcCbcnmxmc4f43DJP5g&amp;source=gmail&amp;ust=1614326559800000&amp;usg=AFQjCNFBi-b2PK9NrW5FR6DDe3mpoiCzDA\">@efim.cat<\/a>.<\/p>\n<\/div>\n<div>Quin \u00e9s el premi? Entre altres, els autors i les autores de les 10 millors fotografies\u00a0guanyaran un\u00a0<strong>viatge cultural\u00a0<\/strong>que tindr\u00e0 lloc al mes de desembre, acompanyats de responsables de l\u2019Ag\u00e8ncia Catalana del Patrimoni Cultural, a una\u00a0<strong>ciutat europea\u00a0<\/strong>per descobrir el seu\u00a0<strong>patrimoni cultural<\/strong>. Podeu\u00a0ser vosaltres!<\/div>\n<div>\n<div>\n<div><a href=\"https:\/\/www.email-index.com\/click.php?L=lnmQlI2YlnWBx892VYy3uXEg&amp;J=MhNptk3RzXqWXIXSaJyaVg&amp;C=5b39tJ5jSMzM4u9q9ITB3g&amp;F=HKFRcCbcnmxmc4f43DJP5g\" target=\"_blank\" rel=\"noopener noreferrer\" data-saferedirecturl=\"https:\/\/www.google.com\/url?q=https:\/\/www.email-index.com\/click.php?L%3DlnmQlI2YlnWBx892VYy3uXEg%26J%3DMhNptk3RzXqWXIXSaJyaVg%26C%3D5b39tJ5jSMzM4u9q9ITB3g%26F%3DHKFRcCbcnmxmc4f43DJP5g&amp;source=gmail&amp;ust=1614326559800000&amp;usg=AFQjCNG01zhmSXV6ePHUiDlqs7edJTPnTw\"><strong>Vols inscriure els teus alumnes? <\/strong><\/a><\/div>\n<\/div>\n<\/div>\n<div><\/div>\n<div>Animeu-vos a participar-hi!!!<\/div>\n","protected":false},"excerpt":{"rendered":"<p>L\u2019EFIM\u00a0\u00e9s un concurs de fotografia patrimonial d\u2019abast mundial, que \u00e9s realitza sota els auspicis del Consell d\u2019Europa, i t\u00e9 com a finalitat apropar els monuments al jovent d\u2019arreu del m\u00f3n i promoure\u2019n aix\u00ed el seu coneixement i respecte. Els\u00a0museus i monuments\u00a0segueixen oberts al p\u00fablic, complint amb totes les\u00a0mesures de seguretat sanit\u00e0ries. Tanmateix, amb l&#8217;objectiu de\u00a0donar [&hellip;]<\/p>\n","protected":false},"author":1,"featured_media":15898,"comment_status":"open","ping_status":"closed","sticky":false,"template":"","format":"standard","meta":{"_bbp_topic_count":0,"_bbp_reply_count":0,"_bbp_total_topic_count":0,"_bbp_total_reply_count":0,"_bbp_voice_count":0,"_bbp_anonymous_reply_count":0,"_bbp_topic_count_hidden":0,"_bbp_reply_count_hidden":0,"_bbp_forum_subforum_count":0,"site-sidebar-layout":"default","site-content-layout":"","ast-site-content-layout":"","site-content-style":"default","site-sidebar-style":"default","ast-global-header-display":"","ast-banner-title-visibility":"","ast-main-header-display":"","ast-hfb-above-header-display":"","ast-hfb-below-header-display":"","ast-hfb-mobile-header-display":"","site-post-title":"","ast-breadcrumbs-content":"","ast-featured-img":"","footer-sml-layout":"","theme-transparent-header-meta":"","adv-header-id-meta":"","stick-header-meta":"","header-above-stick-meta":"","header-main-stick-meta":"","header-below-stick-meta":"","astra-migrate-meta-layouts":"default","ast-page-background-enabled":"default","ast-page-background-meta":{"desktop":{"background-color":"var(--ast-global-color-4)","background-image":"","background-repeat":"repeat","background-position":"center center","background-size":"auto","background-attachment":"scroll","background-type":"","background-media":"","overlay-type":"","overlay-color":"","overlay-opacity":"","overlay-gradient":""},"tablet":{"background-color":"","background-image":"","background-repeat":"repeat","background-position":"center center","background-size":"auto","background-attachment":"scroll","background-type":"","background-media":"","overlay-type":"","overlay-color":"","overlay-opacity":"","overlay-gradient":""},"mobile":{"background-color":"","background-image":"","background-repeat":"repeat","background-position":"center center","background-size":"auto","background-attachment":"scroll","background-type":"","background-media":"","overlay-type":"","overlay-color":"","overlay-opacity":"","overlay-gradient":""}},"ast-content-background-meta":{"desktop":{"background-color":"var(--ast-global-color-5)","background-image":"","background-repeat":"repeat","background-position":"center center","background-size":"auto","background-attachment":"scroll","background-type":"","background-media":"","overlay-type":"","overlay-color":"","overlay-opacity":"","overlay-gradient":""},"tablet":{"background-color":"var(--ast-global-color-5)","background-image":"","background-repeat":"repeat","background-position":"center center","background-size":"auto","background-attachment":"scroll","background-type":"","background-media":"","overlay-type":"","overlay-color":"","overlay-opacity":"","overlay-gradient":""},"mobile":{"background-color":"var(--ast-global-color-5)","background-image":"","background-repeat":"repeat","background-position":"center center","background-size":"auto","background-attachment":"scroll","background-type":"","background-media":"","overlay-type":"","overlay-color":"","overlay-opacity":"","overlay-gradient":""}},"footnotes":""},"categories":[29],"tags":[],"class_list":["post-15897","post","type-post","status-publish","format-standard","has-post-thumbnail","hentry","category-portada"],"post_mailing_queue_ids":[],"_links":{"self":[{"href":"https:\/\/serveiseducatius.xtec.cat\/vallesoriental4\/wp-json\/wp\/v2\/posts\/15897","targetHints":{"allow":["GET"]}}],"collection":[{"href":"https:\/\/serveiseducatius.xtec.cat\/vallesoriental4\/wp-json\/wp\/v2\/posts"}],"about":[{"href":"https:\/\/serveiseducatius.xtec.cat\/vallesoriental4\/wp-json\/wp\/v2\/types\/post"}],"author":[{"embeddable":true,"href":"https:\/\/serveiseducatius.xtec.cat\/vallesoriental4\/wp-json\/wp\/v2\/users\/1"}],"replies":[{"embeddable":true,"href":"https:\/\/serveiseducatius.xtec.cat\/vallesoriental4\/wp-json\/wp\/v2\/comments?post=15897"}],"version-history":[{"count":3,"href":"https:\/\/serveiseducatius.xtec.cat\/vallesoriental4\/wp-json\/wp\/v2\/posts\/15897\/revisions"}],"predecessor-version":[{"id":15924,"href":"https:\/\/serveiseducatius.xtec.cat\/vallesoriental4\/wp-json\/wp\/v2\/posts\/15897\/revisions\/15924"}],"wp:featuredmedia":[{"embeddable":true,"href":"https:\/\/serveiseducatius.xtec.cat\/vallesoriental4\/wp-json\/wp\/v2\/media\/15898"}],"wp:attachment":[{"href":"https:\/\/serveiseducatius.xtec.cat\/vallesoriental4\/wp-json\/wp\/v2\/media?parent=15897"}],"wp:term":[{"taxonomy":"category","embeddable":true,"href":"https:\/\/serveiseducatius.xtec.cat\/vallesoriental4\/wp-json\/wp\/v2\/categories?post=15897"},{"taxonomy":"post_tag","embeddable":true,"href":"https:\/\/serveiseducatius.xtec.cat\/vallesoriental4\/wp-json\/wp\/v2\/tags?post=15897"}],"curies":[{"name":"wp","href":"https:\/\/api.w.org\/{rel}","templated":true}]}}