{"id":15527,"date":"2020-12-10T09:48:13","date_gmt":"2020-12-10T08:48:13","guid":{"rendered":"http:\/\/serveiseducatius.xtec.cat\/vallesoriental4\/?p=15527"},"modified":"2020-12-10T09:48:13","modified_gmt":"2020-12-10T08:48:13","slug":"acreditacio-perfils-professionals-3","status":"publish","type":"post","link":"https:\/\/serveiseducatius.xtec.cat\/vallesoriental4\/portada\/acreditacio-perfils-professionals-3\/","title":{"rendered":"Acreditaci\u00f3 perfils professionals"},"content":{"rendered":"<header class=\"entry-header\">\n<h3 class=\"entry-title\">Acreditaci\u00f3 perfils professionals<\/h3>\n<p><span class=\"entry-date\">\u00a0<\/span><\/header>\n<div class=\"entry-content\">\n<div class=\"col-sm-8\">\n<div class=\"cos_bloc basic_text_peq pd-15\">\n<p>El Departament d\u2019Educaci\u00f3 porta a terme l\u2019<strong>acreditaci\u00f3 de perfils professionals<\/strong>\u00a0per a personal docent funcionari dependent del Departament (en qualsevol situaci\u00f3 administrativa) i per a professors interins de la borsa de treball de personal inter\u00ed docent del Departament (amb serveis prestats).<\/p>\n<\/div>\n<p>Els\u00a0<strong>perfils professionals<\/strong>\u00a0que es poden acreditar s\u00f3n els seg\u00fcents:<\/p>\n<div class=\"cos_bloc basic_text_peq pd-15\">\n<ul>\n<li>Ling\u00fc\u00edstic en llengua estrangera (angl\u00e8s, franc\u00e8s, itali\u00e0, alemany) (AICLE)<\/li>\n<li>Compet\u00e8ncia digital docent<\/li>\n<li>Atenci\u00f3 a la diversitat dels alumnes<\/li>\n<li>Gesti\u00f3 de projectes i serveis de formaci\u00f3 professional inicial i\/o ensenyaments de r\u00e8gim especial<\/li>\n<li>Lectura i biblioteca escolar<\/li>\n<li>Immersi\u00f3 i suport ling\u00fc\u00edstic<\/li>\n<li>Educaci\u00f3 visual i pl\u00e0stica<\/li>\n<li>Metodologies amb enfocament globalitzat<\/li>\n<\/ul>\n<p>&nbsp;<\/p>\n<div class=\"panel-heading\">\n<h5 class=\"panel-title\"><a class=\"\" href=\"http:\/\/educacio.gencat.cat\/ca\/arees-actuacio\/professors\/acreditacions\/perfils-professionals\/#bloc1\" data-toggle=\"collapse\" data-parent=\"#acordio_distribuidora\">Acreditaci\u00f3 inicial (procediment autom\u00e0tic)<\/a><\/h5>\n<\/div>\n<div id=\"bloc1\" class=\"panel-collapse collapse in\">\n<div class=\"col-xs-12 columna_esquerra\">\n<div class=\"cos_bloc basic_text_peq pd-15\">\n<p>El Departament d\u2019Educaci\u00f3 acredita als professors que ja reuneixen els requisits especificats a l\u2019annex 1 de la\u00a0<a title=\"Ves al DOGC\" href=\"https:\/\/dogc.gencat.cat\/ca\/pdogc_canals_interns\/pdogc_resultats_fitxa\/?action=fitxa&amp;mode=single&amp;documentId=725394&amp;language=ca_ES\" target=\"_blank\" rel=\"noopener noreferrer\" data-saferedirecturl=\"https:\/\/www.google.com\/url?hl=ca&amp;q=http:\/\/dogc.gencat.cat\/ca\/pdogc_canals_interns\/pdogc_resultats_fitxa\/?action%3Dfitxa%26mode%3Dsingle%26documentId%3D725394%26language%3Dca_ES&amp;source=gmail&amp;ust=1497355441566000&amp;usg=AFQjCNH-7sUIrcM6F7o4-a4PdZhvkbsMeg\">Resoluci\u00f3\u00a0ENS\/1128\/2016<\/a>\u00a0per a cadascun dels perfils professionals, en funci\u00f3 de la informaci\u00f3 que consta al\u00a0registre inform\u00e0tic de professorat, sense que sigui necess\u00e0ria cap sol\u00b7licitud de la persona interessada.<\/p>\n<p>L\u2019acreditaci\u00f3 de cadascun dels perfils constar\u00e0 anotada al registre inform\u00e0tic de professorat a excepci\u00f3 de\u00a0l\u2019acreditaci\u00f3 del perfil professional de \u201cDoc\u00e8ncia de dues especialitats a l\u2019ESO\u201d, que s\u2019entendr\u00e0 acreditat\u00a0impl\u00edcitament amb el reconeixement de dues especialitats docents (una de les quals, en els cossos d\u2019ensenyament secundari, per ser-ne titular).<\/p>\n<p>Les acreditacions anotades mitjan\u00e7ant aquest procediment autom\u00e0tic poden ser consultades pels\u00a0interessats al<span class=\"m_3190948698113155630Apple-converted-space\">\u00a0<\/span><a title=\"V\u00e9s a ATRI\" href=\"https:\/\/atriportal.gencat.cat\/\" target=\"_blank\" rel=\"noopener noreferrer\">portal ATRI<\/a>:<\/p>\n<ul>\n<li><strong>Expedient i formaci\u00f3 &gt; Expedient \u00a0&gt; Consulta de dades &gt; Altres dades del meu expedient,\u00a0<\/strong>i a l\u2019\u00faltima pantalla<strong><span class=\"m_3190948698113155630Apple-converted-space\">\u00a0<\/span>Consulta de perfils professionals<\/strong><\/li>\n<\/ul>\n<p>&nbsp;<\/p>\n<div class=\"panel-heading\">\n<h5 class=\"panel-title\"><a class=\"\" href=\"http:\/\/educacio.gencat.cat\/ca\/arees-actuacio\/professors\/acreditacions\/perfils-professionals\/#bloc2\" data-toggle=\"collapse\" data-parent=\"#acordio_distribuidora\">Acreditaci\u00f3 sol\u00b7licitada pels professors<\/a><\/h5>\n<\/div>\n<div id=\"bloc2\" class=\"panel-collapse collapse in\">\n<div class=\"col-sm-8 columna_esquerra\">\n<div class=\"cos_bloc basic_text_peq pd-15\">\n<p><strong>Sol\u00b7licitud i documentaci\u00f3<\/strong><\/p>\n<p>Els professors que no obtenguin l\u2019acreditaci\u00f3 en el procediment autom\u00e0tic poden fer la sol\u00b7licitud als registres del Departament, dels serveis territorials i del Consorci d\u2019Educaci\u00f3 de Barcelona.<\/p>\n<p>Per a cada perfil professional cal presentar la documentaci\u00f3, segons s\u2019indiqui en cada cas a l\u2019annex 1 de la\u00a0<a title=\"Ves al DOGC\" href=\"https:\/\/dogc.gencat.cat\/ca\/pdogc_canals_interns\/pdogc_resultats_fitxa\/?action=fitxa&amp;mode=single&amp;documentId=725394&amp;language=ca_ES\" target=\"_blank\" rel=\"noopener noreferrer\" data-saferedirecturl=\"https:\/\/www.google.com\/url?hl=ca&amp;q=http:\/\/dogc.gencat.cat\/ca\/pdogc_canals_interns\/pdogc_resultats_fitxa\/?action%3Dfitxa%26mode%3Dsingle%26documentId%3D725394%26language%3Dca_ES&amp;source=gmail&amp;ust=1497355441566000&amp;usg=AFQjCNH-7sUIrcM6F7o4-a4PdZhvkbsMeg\">Resoluci\u00f3\u00a0ENS\/1128\/2016<\/a>.<\/p>\n<ul>\n<li><strong>Requisit de titulaci\u00f3<\/strong>: certificaci\u00f3 acad\u00e8mica o fotoc\u00f2pia compulsada del t\u00edtol al\u00b7legat o, en tot cas, de la\u00a0certificaci\u00f3 d\u2019abonament dels drets d\u2019expedici\u00f3 d\u2019aquest.<\/li>\n<li><strong>Requisits de formaci\u00f3<\/strong>: certificaci\u00f3 emesa per la unitat o centre corresponent que hi acrediti el total d\u2019hores\u00a0de formaci\u00f3 espec\u00edfica degudament reconeguda pel Departament.<br \/>\nTotes les fotoc\u00f2pies que es presentin s\u2019han d\u2019acompanyar amb les dilig\u00e8ncies de compulsa\u00a0corresponents.<\/li>\n<li><strong>Experi\u00e8ncia docent:<\/strong><span class=\"m_3190948698113155630Apple-converted-space\">\u00a0<\/span>certificaci\u00f3 de la direcci\u00f3 del centre segons el que s\u2019estableix per cadascun dels\u00a0perfils.\u00a0No cal certificar l\u2019experi\u00e8ncia \u00a0que consta en el registre inform\u00e0tic de professorat, com l\u2019ocupaci\u00f3\u00a0de llocs docents o l\u2019exercici de c\u00e0rrecs en centres educatius p\u00fablics. (Models de certificats:\u00a0<a href=\"https:\/\/documents.espai.educacio.gencat.cat\/FormularisModels\/PersonalDocent\/A249.pdf\" target=\"_blank\" rel=\"noopener noreferrer\">Doc\u00e8ncia de dues especialitats docents<\/a>,\u00a0<a href=\"https:\/\/documents.espai.educacio.gencat.cat\/FormularisModels\/PersonalDocent\/A244.pdf\" target=\"_blank\" rel=\"noopener noreferrer\">Competencia digital docent<\/a>,\u00a0<a href=\"https:\/\/documents.espai.educacio.gencat.cat\/FormularisModels\/PersonalDocent\/A245.pdf\" target=\"_blank\" rel=\"noopener noreferrer\">Gesti\u00f3 de projectes i serveis de formaci\u00f3 professional inicial i\/o ensenyaments de r\u00e8gim especial<\/a>,\u00a0<a href=\"https:\/\/documents.espai.educacio.gencat.cat\/FormularisModels\/PersonalDocent\/A246.pdf\" target=\"_blank\" rel=\"noopener noreferrer\">Lectura i biblioteca escolar<\/a>,\u00a0<a href=\"https:\/\/documents.espai.educacio.gencat.cat\/FormularisModels\/PersonalDocent\/A247.pdf\" target=\"_blank\" rel=\"noopener noreferrer\">Immersi\u00f3 i suport ling\u00fc\u00edstic<\/a>,\u00a0<a href=\"https:\/\/documents.espai.educacio.gencat.cat\/FormularisModels\/PersonalDocent\/A248.pdf\" target=\"_blank\" rel=\"noopener noreferrer\">Educaci\u00f3 visual i pl\u00e0stica<\/a>,\u00a0<a href=\"https:\/\/documents.espai.educacio.gencat.cat\/FormularisModels\/PersonalDocent\/A250.pdf\" target=\"_blank\" rel=\"noopener noreferrer\">Metodologies amb enfocament globalitzat<\/a>).<\/li>\n<\/ul>\n<p>&nbsp;<\/p>\n<p><strong>Termini de presentaci\u00f3 i efectes de les acreditacions<\/strong><\/p>\n<p>Les<span class=\"m_3190948698113155630Apple-converted-space\">\u00a0<\/span>sol\u00b7licituds d\u2019acreditaci\u00f3 d\u2019un o m\u00e9s perfils professionals es poden presentar en qualsevol moment del curs.<\/p>\n<p>Tenen efectes en el procediment d\u2019adjudicaci\u00f3 de destinacions provisionals que es convoca cada curs les sol\u00b7licituds presentades\u00a0<strong>fins al 31 de maig<\/strong>.<span class=\"m_3190948698113155630Apple-converted-space\">\u00a0<\/span><\/p>\n<p>Les presentades a partir d\u2019aquesta data poden acreditar el perfil professional, per\u00f2 no tindran efectes fins a la seg\u00fcent convocat\u00f2ria.<\/p>\n<p><strong>Reconeixement de l\u2019acreditaci\u00f3<\/strong><\/p>\n<p>Despr\u00e9s de revisar la documentaci\u00f3 i comprovar que<span class=\"m_3190948698113155630Apple-converted-space\">\u00a0<\/span><strong>reuneixen els\u00a0requisits exigits<\/strong>, des dels serveis territorials i el Consorci d\u2019Educaci\u00f3 de Barcelona, s\u2019incorporar\u00e0, si escau, la informaci\u00f3 a\u00a0l\u2019expedient del professorat i resoldr\u00e0 la sol\u00b7licitud de reconeixement de\u00a0l\u2019acreditaci\u00f3 del perfil.\u00a0Una vegada reconegut el perfil, l\u2019acreditaci\u00f3 constar\u00e0 al registre inform\u00e0tic de professorat i ser\u00e0 accesible\u00a0per als interessats al\u00a0<a title=\"V\u00e9s a ATRI\" href=\"https:\/\/atriportal.gencat.cat\/\" target=\"_blank\" rel=\"noopener noreferrer\" data-saferedirecturl=\"https:\/\/www.google.com\/url?hl=ca&amp;q=https:\/\/atri.gencat.cat\/&amp;source=gmail&amp;ust=1497355441567000&amp;usg=AFQjCNFzYAE2Pa6ljUXjvNSJ0hV1fsjXWQ\">portal ATRI<\/a>.<\/p>\n<p>En cas que\u00a0<strong>no es reconegui l\u2019acreditaci\u00f3 sol\u00b7licitada<\/strong>, la resoluci\u00f3 denegat\u00f2ria exhaureix la via administrativa i s\u2019ha de notificar a la persona sol\u00b7licitant.<\/p>\n<\/div>\n<\/div>\n<\/div>\n<\/div>\n<\/div>\n<\/div>\n<h6>Visita\u00a0<a title=\"Aquest enlla\u00e7 s'obre en una nova pestanya: Portal de centres del Departament\" href=\"http:\/\/educacio.gencat.cat\/portal\/page\/portal\/EducacioIntranet\/Inici\/PortalCentres\/pcPersonal\/Detall?p_proc=64281\" target=\"_blank\" rel=\"noopener noreferrer\">Portal de centres del Departament<\/a><\/h6>\n<div class=\"llistat_enllacos_filet\">\n<p>&nbsp;<\/p>\n<p><em>Font d\u2019informaci\u00f3:\u00a0<a href=\"http:\/\/xtec.gencat.cat\/ca\/\" target=\"_blank\" rel=\"noopener noreferrer\">http:\/\/educacio.gencat.cat\/ca\/arees-actuacio\/professors\/acreditacions\/perfils-professionals\/http:\/\/xtec.gencat.cat\/ca\/<\/a><\/em><\/p>\n<\/div>\n<\/div>\n<\/div>\n<\/div>\n","protected":false},"excerpt":{"rendered":"<p>Acreditaci\u00f3 perfils professionals \u00a0 El Departament d\u2019Educaci\u00f3 porta a terme l\u2019acreditaci\u00f3 de perfils professionals\u00a0per a personal docent funcionari dependent del Departament (en qualsevol situaci\u00f3 administrativa) i per a professors interins de la borsa de treball de personal inter\u00ed docent del Departament (amb serveis prestats). Els\u00a0perfils professionals\u00a0que es poden acreditar s\u00f3n els seg\u00fcents: Ling\u00fc\u00edstic en llengua [&hellip;]<\/p>\n","protected":false},"author":1,"featured_media":15524,"comment_status":"open","ping_status":"closed","sticky":false,"template":"","format":"standard","meta":{"_bbp_topic_count":0,"_bbp_reply_count":0,"_bbp_total_topic_count":0,"_bbp_total_reply_count":0,"_bbp_voice_count":0,"_bbp_anonymous_reply_count":0,"_bbp_topic_count_hidden":0,"_bbp_reply_count_hidden":0,"_bbp_forum_subforum_count":0,"site-sidebar-layout":"default","site-content-layout":"","ast-site-content-layout":"","site-content-style":"default","site-sidebar-style":"default","ast-global-header-display":"","ast-banner-title-visibility":"","ast-main-header-display":"","ast-hfb-above-header-display":"","ast-hfb-below-header-display":"","ast-hfb-mobile-header-display":"","site-post-title":"","ast-breadcrumbs-content":"","ast-featured-img":"","footer-sml-layout":"","theme-transparent-header-meta":"","adv-header-id-meta":"","stick-header-meta":"","header-above-stick-meta":"","header-main-stick-meta":"","header-below-stick-meta":"","astra-migrate-meta-layouts":"default","ast-page-background-enabled":"default","ast-page-background-meta":{"desktop":{"background-color":"var(--ast-global-color-4)","background-image":"","background-repeat":"repeat","background-position":"center center","background-size":"auto","background-attachment":"scroll","background-type":"","background-media":"","overlay-type":"","overlay-color":"","overlay-opacity":"","overlay-gradient":""},"tablet":{"background-color":"","background-image":"","background-repeat":"repeat","background-position":"center center","background-size":"auto","background-attachment":"scroll","background-type":"","background-media":"","overlay-type":"","overlay-color":"","overlay-opacity":"","overlay-gradient":""},"mobile":{"background-color":"","background-image":"","background-repeat":"repeat","background-position":"center center","background-size":"auto","background-attachment":"scroll","background-type":"","background-media":"","overlay-type":"","overlay-color":"","overlay-opacity":"","overlay-gradient":""}},"ast-content-background-meta":{"desktop":{"background-color":"var(--ast-global-color-5)","background-image":"","background-repeat":"repeat","background-position":"center center","background-size":"auto","background-attachment":"scroll","background-type":"","background-media":"","overlay-type":"","overlay-color":"","overlay-opacity":"","overlay-gradient":""},"tablet":{"background-color":"var(--ast-global-color-5)","background-image":"","background-repeat":"repeat","background-position":"center center","background-size":"auto","background-attachment":"scroll","background-type":"","background-media":"","overlay-type":"","overlay-color":"","overlay-opacity":"","overlay-gradient":""},"mobile":{"background-color":"var(--ast-global-color-5)","background-image":"","background-repeat":"repeat","background-position":"center center","background-size":"auto","background-attachment":"scroll","background-type":"","background-media":"","overlay-type":"","overlay-color":"","overlay-opacity":"","overlay-gradient":""}},"footnotes":""},"categories":[29],"tags":[],"class_list":["post-15527","post","type-post","status-publish","format-standard","has-post-thumbnail","hentry","category-portada"],"post_mailing_queue_ids":[],"_links":{"self":[{"href":"https:\/\/serveiseducatius.xtec.cat\/vallesoriental4\/wp-json\/wp\/v2\/posts\/15527","targetHints":{"allow":["GET"]}}],"collection":[{"href":"https:\/\/serveiseducatius.xtec.cat\/vallesoriental4\/wp-json\/wp\/v2\/posts"}],"about":[{"href":"https:\/\/serveiseducatius.xtec.cat\/vallesoriental4\/wp-json\/wp\/v2\/types\/post"}],"author":[{"embeddable":true,"href":"https:\/\/serveiseducatius.xtec.cat\/vallesoriental4\/wp-json\/wp\/v2\/users\/1"}],"replies":[{"embeddable":true,"href":"https:\/\/serveiseducatius.xtec.cat\/vallesoriental4\/wp-json\/wp\/v2\/comments?post=15527"}],"version-history":[{"count":1,"href":"https:\/\/serveiseducatius.xtec.cat\/vallesoriental4\/wp-json\/wp\/v2\/posts\/15527\/revisions"}],"predecessor-version":[{"id":15528,"href":"https:\/\/serveiseducatius.xtec.cat\/vallesoriental4\/wp-json\/wp\/v2\/posts\/15527\/revisions\/15528"}],"wp:featuredmedia":[{"embeddable":true,"href":"https:\/\/serveiseducatius.xtec.cat\/vallesoriental4\/wp-json\/wp\/v2\/media\/15524"}],"wp:attachment":[{"href":"https:\/\/serveiseducatius.xtec.cat\/vallesoriental4\/wp-json\/wp\/v2\/media?parent=15527"}],"wp:term":[{"taxonomy":"category","embeddable":true,"href":"https:\/\/serveiseducatius.xtec.cat\/vallesoriental4\/wp-json\/wp\/v2\/categories?post=15527"},{"taxonomy":"post_tag","embeddable":true,"href":"https:\/\/serveiseducatius.xtec.cat\/vallesoriental4\/wp-json\/wp\/v2\/tags?post=15527"}],"curies":[{"name":"wp","href":"https:\/\/api.w.org\/{rel}","templated":true}]}}