{"id":15387,"date":"2020-11-25T14:55:11","date_gmt":"2020-11-25T13:55:11","guid":{"rendered":"http:\/\/serveiseducatius.xtec.cat\/vallesoriental4\/?p=15387"},"modified":"2020-11-25T14:55:11","modified_gmt":"2020-11-25T13:55:11","slug":"comenca-el-fem-matematiques-2021","status":"publish","type":"post","link":"https:\/\/serveiseducatius.xtec.cat\/vallesoriental4\/portada\/comenca-el-fem-matematiques-2021\/","title":{"rendered":"Comen\u00e7a el Fem Matem\u00e0tiques 2021"},"content":{"rendered":"<p><strong>Ja s\u2019han publicat els problemes de la primera fase del Fem Matem\u00e0tiques del 2021<em>.\u00a0<\/em><\/strong>Cal recordar que la convocat\u00f2ria \u00e9s pels cursos de 6\u00e8 de prim\u00e0ria i 1r i 2n d\u2019ESO- Tamb\u00e9 que els problemes de la primera fase s\u2019han de fer en grups de 3 o 4 persones i que s\u2019han de justificar sempre els vostres raonaments.<\/p>\n<p>En aquesta convocat\u00f2ria la segona i tercera fase tindran un format virtual.<\/p>\n<p>Per participar s\u2019ha de presentar un informe amb la resoluci\u00f3 dels tres problemes, amb una portada que inclogui el nom i la poblaci\u00f3 del centre, el nivell en el qual es participa, el nom i cognoms dels participants i els del professor\/a.<\/p>\n<p>Hi ha de temps per presentar-los fins al\u00a0<strong>14 de febrer<\/strong>.<\/p>\n<ul>\n<li><a href=\"http:\/\/fm.feemcat.org\/\" target=\"_blank\" rel=\"noopener noreferrer\">Enlla\u00e7 al web del concurs amb els problemes i m\u00e9s informaci\u00f3<\/a>. <a href=\"https:\/\/serveiseducatius.xtec.cat\/vallesoriental4\/wp-content\/uploads\/usu1133\/2020\/11\/fm21-300x116.png\"><img loading=\"lazy\" decoding=\"async\" class=\"alignright size-medium wp-image-15388\" src=\"https:\/\/serveiseducatius.xtec.cat\/vallesoriental4\/wp-content\/uploads\/usu1133\/2020\/11\/fm21-300x116-300x116.png\" alt=\"\" width=\"300\" height=\"116\" \/><\/a><\/li>\n<\/ul>\n","protected":false},"excerpt":{"rendered":"<p>Ja s\u2019han publicat els problemes de la primera fase del Fem Matem\u00e0tiques del 2021.\u00a0Cal recordar que la convocat\u00f2ria \u00e9s pels cursos de 6\u00e8 de prim\u00e0ria i 1r i 2n d\u2019ESO- Tamb\u00e9 que els problemes de la primera fase s\u2019han de fer en grups de 3 o 4 persones i que s\u2019han de justificar sempre els [&hellip;]<\/p>\n","protected":false},"author":1,"featured_media":15388,"comment_status":"open","ping_status":"closed","sticky":false,"template":"","format":"standard","meta":{"_bbp_topic_count":0,"_bbp_reply_count":0,"_bbp_total_topic_count":0,"_bbp_total_reply_count":0,"_bbp_voice_count":0,"_bbp_anonymous_reply_count":0,"_bbp_topic_count_hidden":0,"_bbp_reply_count_hidden":0,"_bbp_forum_subforum_count":0,"site-sidebar-layout":"default","site-content-layout":"","ast-site-content-layout":"","site-content-style":"default","site-sidebar-style":"default","ast-global-header-display":"","ast-banner-title-visibility":"","ast-main-header-display":"","ast-hfb-above-header-display":"","ast-hfb-below-header-display":"","ast-hfb-mobile-header-display":"","site-post-title":"","ast-breadcrumbs-content":"","ast-featured-img":"","footer-sml-layout":"","theme-transparent-header-meta":"","adv-header-id-meta":"","stick-header-meta":"","header-above-stick-meta":"","header-main-stick-meta":"","header-below-stick-meta":"","astra-migrate-meta-layouts":"default","ast-page-background-enabled":"default","ast-page-background-meta":{"desktop":{"background-color":"var(--ast-global-color-4)","background-image":"","background-repeat":"repeat","background-position":"center center","background-size":"auto","background-attachment":"scroll","background-type":"","background-media":"","overlay-type":"","overlay-color":"","overlay-opacity":"","overlay-gradient":""},"tablet":{"background-color":"","background-image":"","background-repeat":"repeat","background-position":"center center","background-size":"auto","background-attachment":"scroll","background-type":"","background-media":"","overlay-type":"","overlay-color":"","overlay-opacity":"","overlay-gradient":""},"mobile":{"background-color":"","background-image":"","background-repeat":"repeat","background-position":"center center","background-size":"auto","background-attachment":"scroll","background-type":"","background-media":"","overlay-type":"","overlay-color":"","overlay-opacity":"","overlay-gradient":""}},"ast-content-background-meta":{"desktop":{"background-color":"var(--ast-global-color-5)","background-image":"","background-repeat":"repeat","background-position":"center center","background-size":"auto","background-attachment":"scroll","background-type":"","background-media":"","overlay-type":"","overlay-color":"","overlay-opacity":"","overlay-gradient":""},"tablet":{"background-color":"var(--ast-global-color-5)","background-image":"","background-repeat":"repeat","background-position":"center center","background-size":"auto","background-attachment":"scroll","background-type":"","background-media":"","overlay-type":"","overlay-color":"","overlay-opacity":"","overlay-gradient":""},"mobile":{"background-color":"var(--ast-global-color-5)","background-image":"","background-repeat":"repeat","background-position":"center center","background-size":"auto","background-attachment":"scroll","background-type":"","background-media":"","overlay-type":"","overlay-color":"","overlay-opacity":"","overlay-gradient":""}},"footnotes":""},"categories":[459,29],"tags":[],"class_list":["post-15387","post","type-post","status-publish","format-standard","has-post-thumbnail","hentry","category-matematiques","category-portada"],"post_mailing_queue_ids":[],"_links":{"self":[{"href":"https:\/\/serveiseducatius.xtec.cat\/vallesoriental4\/wp-json\/wp\/v2\/posts\/15387","targetHints":{"allow":["GET"]}}],"collection":[{"href":"https:\/\/serveiseducatius.xtec.cat\/vallesoriental4\/wp-json\/wp\/v2\/posts"}],"about":[{"href":"https:\/\/serveiseducatius.xtec.cat\/vallesoriental4\/wp-json\/wp\/v2\/types\/post"}],"author":[{"embeddable":true,"href":"https:\/\/serveiseducatius.xtec.cat\/vallesoriental4\/wp-json\/wp\/v2\/users\/1"}],"replies":[{"embeddable":true,"href":"https:\/\/serveiseducatius.xtec.cat\/vallesoriental4\/wp-json\/wp\/v2\/comments?post=15387"}],"version-history":[{"count":1,"href":"https:\/\/serveiseducatius.xtec.cat\/vallesoriental4\/wp-json\/wp\/v2\/posts\/15387\/revisions"}],"predecessor-version":[{"id":15389,"href":"https:\/\/serveiseducatius.xtec.cat\/vallesoriental4\/wp-json\/wp\/v2\/posts\/15387\/revisions\/15389"}],"wp:featuredmedia":[{"embeddable":true,"href":"https:\/\/serveiseducatius.xtec.cat\/vallesoriental4\/wp-json\/wp\/v2\/media\/15388"}],"wp:attachment":[{"href":"https:\/\/serveiseducatius.xtec.cat\/vallesoriental4\/wp-json\/wp\/v2\/media?parent=15387"}],"wp:term":[{"taxonomy":"category","embeddable":true,"href":"https:\/\/serveiseducatius.xtec.cat\/vallesoriental4\/wp-json\/wp\/v2\/categories?post=15387"},{"taxonomy":"post_tag","embeddable":true,"href":"https:\/\/serveiseducatius.xtec.cat\/vallesoriental4\/wp-json\/wp\/v2\/tags?post=15387"}],"curies":[{"name":"wp","href":"https:\/\/api.w.org\/{rel}","templated":true}]}}