{"id":15265,"date":"2020-11-10T10:02:02","date_gmt":"2020-11-10T09:02:02","guid":{"rendered":"http:\/\/serveiseducatius.xtec.cat\/vallesoriental4\/?p=15265"},"modified":"2020-11-10T10:02:02","modified_gmt":"2020-11-10T09:02:02","slug":"iii-jornada-de-filosofia-per-a-nens-i-nenes-pandemia-i-creativitat-una-oportunitat","status":"publish","type":"post","link":"https:\/\/serveiseducatius.xtec.cat\/vallesoriental4\/portada\/iii-jornada-de-filosofia-per-a-nens-i-nenes-pandemia-i-creativitat-una-oportunitat\/","title":{"rendered":"III Jornada de filosofia per a nens i nenes, &#8220;Pand\u00e8mia i creativitat: una oportunitat&#8221;"},"content":{"rendered":"<p>Des de l\u2019Institut de Ci\u00e8ncies de l\u2019Educaci\u00f3 de la UdL, el grup ICE de filosofia per a nens i nenes us convida a la seva tercera jornada formativa, que t\u00e9 com a finalitat, reflexionar sobre la import\u00e0ncia del desenvolupament de la creativitat en els nens i nenes de les nostres escoles, aprofitant el moment de pand\u00e8mia que estem vivint. Plantejant les seg\u00fcents q\u00fcestions:<\/p>\n<p>La pand\u00e8mia pot ser una oportunitat?<\/p>\n<p>Necessitem ser persones creatives?<\/p>\n<p>El confinament va provocar la reflexi\u00f3?<\/p>\n<p>Ara som els mateixos?<\/p>\n<p>Cap a on anem?<\/p>\n<p>La jornada esta dividida en 2 sessions que comen\u00e7aran a les 18h i finalitzaran a les 20.30h:\u00a0 dijous 26 de novembre i dijous 20 de maig. Es realitzaran de manera virtual. Totes elles contemplen una part de debat.<\/p>\n<p><span lang=\"CA\"><b>Informaci\u00f3 i inscripcions:\u00a0<\/b><\/span><span style=\"font-size: small;\"><a href=\"https:\/\/ja.cat\/uPh7g\" target=\"_blank\" rel=\"noopener noreferrer\" data-saferedirecturl=\"https:\/\/www.google.com\/url?q=https:\/\/ja.cat\/uPh7g&amp;source=gmail&amp;ust=1605016593344000&amp;usg=AFQjCNFkddJlRtGmalkIJRFlCvDPmvNorw\">https:\/\/ja.cat\/uPh7g\u00a0 <\/a><a href=\"https:\/\/serveiseducatius.xtec.cat\/vallesoriental4\/wp-content\/uploads\/usu1133\/2020\/11\/baixa.jpg\"><img loading=\"lazy\" decoding=\"async\" class=\"alignright size-medium wp-image-15266\" src=\"https:\/\/serveiseducatius.xtec.cat\/vallesoriental4\/wp-content\/uploads\/usu1133\/2020\/11\/baixa-300x150.jpg\" alt=\"\" width=\"300\" height=\"150\" srcset=\"https:\/\/serveiseducatius.xtec.cat\/vallesoriental4\/wp-content\/uploads\/usu1133\/2020\/11\/baixa-300x150.jpg 300w, https:\/\/serveiseducatius.xtec.cat\/vallesoriental4\/wp-content\/uploads\/usu1133\/2020\/11\/baixa.jpg 317w\" sizes=\"auto, (max-width: 300px) 100vw, 300px\" \/><\/a><\/span><\/p>\n","protected":false},"excerpt":{"rendered":"<p>Des de l\u2019Institut de Ci\u00e8ncies de l\u2019Educaci\u00f3 de la UdL, el grup ICE de filosofia per a nens i nenes us convida a la seva tercera jornada formativa, que t\u00e9 com a finalitat, reflexionar sobre la import\u00e0ncia del desenvolupament de la creativitat en els nens i nenes de les nostres escoles, aprofitant el moment de [&hellip;]<\/p>\n","protected":false},"author":1,"featured_media":15266,"comment_status":"open","ping_status":"closed","sticky":false,"template":"","format":"standard","meta":{"_bbp_topic_count":0,"_bbp_reply_count":0,"_bbp_total_topic_count":0,"_bbp_total_reply_count":0,"_bbp_voice_count":0,"_bbp_anonymous_reply_count":0,"_bbp_topic_count_hidden":0,"_bbp_reply_count_hidden":0,"_bbp_forum_subforum_count":0,"site-sidebar-layout":"default","site-content-layout":"","ast-site-content-layout":"","site-content-style":"default","site-sidebar-style":"default","ast-global-header-display":"","ast-banner-title-visibility":"","ast-main-header-display":"","ast-hfb-above-header-display":"","ast-hfb-below-header-display":"","ast-hfb-mobile-header-display":"","site-post-title":"","ast-breadcrumbs-content":"","ast-featured-img":"","footer-sml-layout":"","theme-transparent-header-meta":"","adv-header-id-meta":"","stick-header-meta":"","header-above-stick-meta":"","header-main-stick-meta":"","header-below-stick-meta":"","astra-migrate-meta-layouts":"default","ast-page-background-enabled":"default","ast-page-background-meta":{"desktop":{"background-color":"var(--ast-global-color-4)","background-image":"","background-repeat":"repeat","background-position":"center center","background-size":"auto","background-attachment":"scroll","background-type":"","background-media":"","overlay-type":"","overlay-color":"","overlay-opacity":"","overlay-gradient":""},"tablet":{"background-color":"","background-image":"","background-repeat":"repeat","background-position":"center center","background-size":"auto","background-attachment":"scroll","background-type":"","background-media":"","overlay-type":"","overlay-color":"","overlay-opacity":"","overlay-gradient":""},"mobile":{"background-color":"","background-image":"","background-repeat":"repeat","background-position":"center center","background-size":"auto","background-attachment":"scroll","background-type":"","background-media":"","overlay-type":"","overlay-color":"","overlay-opacity":"","overlay-gradient":""}},"ast-content-background-meta":{"desktop":{"background-color":"var(--ast-global-color-5)","background-image":"","background-repeat":"repeat","background-position":"center center","background-size":"auto","background-attachment":"scroll","background-type":"","background-media":"","overlay-type":"","overlay-color":"","overlay-opacity":"","overlay-gradient":""},"tablet":{"background-color":"var(--ast-global-color-5)","background-image":"","background-repeat":"repeat","background-position":"center center","background-size":"auto","background-attachment":"scroll","background-type":"","background-media":"","overlay-type":"","overlay-color":"","overlay-opacity":"","overlay-gradient":""},"mobile":{"background-color":"var(--ast-global-color-5)","background-image":"","background-repeat":"repeat","background-position":"center center","background-size":"auto","background-attachment":"scroll","background-type":"","background-media":"","overlay-type":"","overlay-color":"","overlay-opacity":"","overlay-gradient":""}},"footnotes":""},"categories":[29],"tags":[],"class_list":["post-15265","post","type-post","status-publish","format-standard","has-post-thumbnail","hentry","category-portada"],"post_mailing_queue_ids":[],"_links":{"self":[{"href":"https:\/\/serveiseducatius.xtec.cat\/vallesoriental4\/wp-json\/wp\/v2\/posts\/15265","targetHints":{"allow":["GET"]}}],"collection":[{"href":"https:\/\/serveiseducatius.xtec.cat\/vallesoriental4\/wp-json\/wp\/v2\/posts"}],"about":[{"href":"https:\/\/serveiseducatius.xtec.cat\/vallesoriental4\/wp-json\/wp\/v2\/types\/post"}],"author":[{"embeddable":true,"href":"https:\/\/serveiseducatius.xtec.cat\/vallesoriental4\/wp-json\/wp\/v2\/users\/1"}],"replies":[{"embeddable":true,"href":"https:\/\/serveiseducatius.xtec.cat\/vallesoriental4\/wp-json\/wp\/v2\/comments?post=15265"}],"version-history":[{"count":1,"href":"https:\/\/serveiseducatius.xtec.cat\/vallesoriental4\/wp-json\/wp\/v2\/posts\/15265\/revisions"}],"predecessor-version":[{"id":15267,"href":"https:\/\/serveiseducatius.xtec.cat\/vallesoriental4\/wp-json\/wp\/v2\/posts\/15265\/revisions\/15267"}],"wp:featuredmedia":[{"embeddable":true,"href":"https:\/\/serveiseducatius.xtec.cat\/vallesoriental4\/wp-json\/wp\/v2\/media\/15266"}],"wp:attachment":[{"href":"https:\/\/serveiseducatius.xtec.cat\/vallesoriental4\/wp-json\/wp\/v2\/media?parent=15265"}],"wp:term":[{"taxonomy":"category","embeddable":true,"href":"https:\/\/serveiseducatius.xtec.cat\/vallesoriental4\/wp-json\/wp\/v2\/categories?post=15265"},{"taxonomy":"post_tag","embeddable":true,"href":"https:\/\/serveiseducatius.xtec.cat\/vallesoriental4\/wp-json\/wp\/v2\/tags?post=15265"}],"curies":[{"name":"wp","href":"https:\/\/api.w.org\/{rel}","templated":true}]}}