{"id":15204,"date":"2020-10-23T11:46:22","date_gmt":"2020-10-23T09:46:22","guid":{"rendered":"http:\/\/serveiseducatius.xtec.cat\/vallesoriental4\/?p=15204"},"modified":"2020-10-23T11:46:22","modified_gmt":"2020-10-23T09:46:22","slug":"i-premi-montepio-dalbum-infantil-illustrat-ampliacio-de-termini","status":"publish","type":"post","link":"https:\/\/serveiseducatius.xtec.cat\/vallesoriental4\/portada\/i-premi-montepio-dalbum-infantil-illustrat-ampliacio-de-termini\/","title":{"rendered":"I Premi Montepio d&#8217;\u00e0lbum infantil il\u00b7lustrat. AMPLIACI\u00d3 DE TERMINI!"},"content":{"rendered":"<p>Amb la finalitat de potenciar la creaci\u00f3 liter\u00e0ria per a nens i nenes, Montepio de Conductors de Manresa-Berga convoca, amb la col\u00b7laboraci\u00f3 de Pag\u00e8s editors, el primer Premi Montepio d&#8217;\u00c0lbum infantil il\u00b7lustrat, el qual a de fomentar els valors propis d&#8217;una literatura infantil de qualitat dins d&#8217;una societat democr\u00e0tica, aix\u00ed com promoure la solidaritat, el civisme, la igualtat de sexes i generacions, el respecte cultural i la sostenibilitat mediambiental.<\/p>\n<p>S&#8217;ha ampliat el termini de presentaci\u00f3 de treball. \u00a0Teniu temps fins al <strong>30 de gener de 2021<\/strong>.<\/p>\n<p>Us animem a participar-hi! <a href=\"https:\/\/serveiseducatius.xtec.cat\/vallesoriental4\/wp-content\/uploads\/usu1133\/2020\/10\/unnamed.png\"><img loading=\"lazy\" decoding=\"async\" class=\"alignright size-medium wp-image-15205\" src=\"https:\/\/serveiseducatius.xtec.cat\/vallesoriental4\/wp-content\/uploads\/usu1133\/2020\/10\/unnamed-300x94.png\" alt=\"\" width=\"300\" height=\"94\" srcset=\"https:\/\/serveiseducatius.xtec.cat\/vallesoriental4\/wp-content\/uploads\/usu1133\/2020\/10\/unnamed-300x94.png 300w, https:\/\/serveiseducatius.xtec.cat\/vallesoriental4\/wp-content\/uploads\/usu1133\/2020\/10\/unnamed.png 590w\" sizes=\"auto, (max-width: 300px) 100vw, 300px\" \/><\/a><\/p>\n<p>Podeu llegir les bases i la convocat\u00f2ria completa <a href=\"https:\/\/www.montepio.cat\/wp-content\/uploads\/2020\/07\/Bases-premi-Montepio-def.pdf?utm_source=sendinblue&amp;utm_campaign=I_Premi_Montepio_dlbum_infantil_illustrat_AMPLIACI_DE_TERMINI!&amp;utm_medium=email\" target=\"_blank\" rel=\"noopener noreferrer\">aqu\u00ed\u00a0\u00a0\u00a0\u00a0<\/a><\/p>\n<div><\/div>\n<div><\/div>\n","protected":false},"excerpt":{"rendered":"<p>Amb la finalitat de potenciar la creaci\u00f3 liter\u00e0ria per a nens i nenes, Montepio de Conductors de Manresa-Berga convoca, amb la col\u00b7laboraci\u00f3 de Pag\u00e8s editors, el primer Premi Montepio d&#8217;\u00c0lbum infantil il\u00b7lustrat, el qual a de fomentar els valors propis d&#8217;una literatura infantil de qualitat dins d&#8217;una societat democr\u00e0tica, aix\u00ed com promoure la solidaritat, el [&hellip;]<\/p>\n","protected":false},"author":1,"featured_media":15205,"comment_status":"open","ping_status":"closed","sticky":false,"template":"","format":"standard","meta":{"_bbp_topic_count":0,"_bbp_reply_count":0,"_bbp_total_topic_count":0,"_bbp_total_reply_count":0,"_bbp_voice_count":0,"_bbp_anonymous_reply_count":0,"_bbp_topic_count_hidden":0,"_bbp_reply_count_hidden":0,"_bbp_forum_subforum_count":0,"site-sidebar-layout":"default","site-content-layout":"","ast-site-content-layout":"","site-content-style":"default","site-sidebar-style":"default","ast-global-header-display":"","ast-banner-title-visibility":"","ast-main-header-display":"","ast-hfb-above-header-display":"","ast-hfb-below-header-display":"","ast-hfb-mobile-header-display":"","site-post-title":"","ast-breadcrumbs-content":"","ast-featured-img":"","footer-sml-layout":"","theme-transparent-header-meta":"","adv-header-id-meta":"","stick-header-meta":"","header-above-stick-meta":"","header-main-stick-meta":"","header-below-stick-meta":"","astra-migrate-meta-layouts":"default","ast-page-background-enabled":"default","ast-page-background-meta":{"desktop":{"background-color":"var(--ast-global-color-4)","background-image":"","background-repeat":"repeat","background-position":"center center","background-size":"auto","background-attachment":"scroll","background-type":"","background-media":"","overlay-type":"","overlay-color":"","overlay-opacity":"","overlay-gradient":""},"tablet":{"background-color":"","background-image":"","background-repeat":"repeat","background-position":"center center","background-size":"auto","background-attachment":"scroll","background-type":"","background-media":"","overlay-type":"","overlay-color":"","overlay-opacity":"","overlay-gradient":""},"mobile":{"background-color":"","background-image":"","background-repeat":"repeat","background-position":"center center","background-size":"auto","background-attachment":"scroll","background-type":"","background-media":"","overlay-type":"","overlay-color":"","overlay-opacity":"","overlay-gradient":""}},"ast-content-background-meta":{"desktop":{"background-color":"var(--ast-global-color-5)","background-image":"","background-repeat":"repeat","background-position":"center center","background-size":"auto","background-attachment":"scroll","background-type":"","background-media":"","overlay-type":"","overlay-color":"","overlay-opacity":"","overlay-gradient":""},"tablet":{"background-color":"var(--ast-global-color-5)","background-image":"","background-repeat":"repeat","background-position":"center center","background-size":"auto","background-attachment":"scroll","background-type":"","background-media":"","overlay-type":"","overlay-color":"","overlay-opacity":"","overlay-gradient":""},"mobile":{"background-color":"var(--ast-global-color-5)","background-image":"","background-repeat":"repeat","background-position":"center center","background-size":"auto","background-attachment":"scroll","background-type":"","background-media":"","overlay-type":"","overlay-color":"","overlay-opacity":"","overlay-gradient":""}},"footnotes":""},"categories":[29],"tags":[],"class_list":["post-15204","post","type-post","status-publish","format-standard","has-post-thumbnail","hentry","category-portada"],"post_mailing_queue_ids":[],"_links":{"self":[{"href":"https:\/\/serveiseducatius.xtec.cat\/vallesoriental4\/wp-json\/wp\/v2\/posts\/15204","targetHints":{"allow":["GET"]}}],"collection":[{"href":"https:\/\/serveiseducatius.xtec.cat\/vallesoriental4\/wp-json\/wp\/v2\/posts"}],"about":[{"href":"https:\/\/serveiseducatius.xtec.cat\/vallesoriental4\/wp-json\/wp\/v2\/types\/post"}],"author":[{"embeddable":true,"href":"https:\/\/serveiseducatius.xtec.cat\/vallesoriental4\/wp-json\/wp\/v2\/users\/1"}],"replies":[{"embeddable":true,"href":"https:\/\/serveiseducatius.xtec.cat\/vallesoriental4\/wp-json\/wp\/v2\/comments?post=15204"}],"version-history":[{"count":1,"href":"https:\/\/serveiseducatius.xtec.cat\/vallesoriental4\/wp-json\/wp\/v2\/posts\/15204\/revisions"}],"predecessor-version":[{"id":15206,"href":"https:\/\/serveiseducatius.xtec.cat\/vallesoriental4\/wp-json\/wp\/v2\/posts\/15204\/revisions\/15206"}],"wp:featuredmedia":[{"embeddable":true,"href":"https:\/\/serveiseducatius.xtec.cat\/vallesoriental4\/wp-json\/wp\/v2\/media\/15205"}],"wp:attachment":[{"href":"https:\/\/serveiseducatius.xtec.cat\/vallesoriental4\/wp-json\/wp\/v2\/media?parent=15204"}],"wp:term":[{"taxonomy":"category","embeddable":true,"href":"https:\/\/serveiseducatius.xtec.cat\/vallesoriental4\/wp-json\/wp\/v2\/categories?post=15204"},{"taxonomy":"post_tag","embeddable":true,"href":"https:\/\/serveiseducatius.xtec.cat\/vallesoriental4\/wp-json\/wp\/v2\/tags?post=15204"}],"curies":[{"name":"wp","href":"https:\/\/api.w.org\/{rel}","templated":true}]}}