{"id":15062,"date":"2020-09-22T11:35:53","date_gmt":"2020-09-22T09:35:53","guid":{"rendered":"http:\/\/serveiseducatius.xtec.cat\/vallesoriental4\/?p=15062"},"modified":"2020-11-12T11:11:49","modified_gmt":"2020-11-12T10:11:49","slug":"campanya-de-difusio-de-la-marato-del-2020","status":"publish","type":"post","link":"https:\/\/serveiseducatius.xtec.cat\/vallesoriental4\/portada\/campanya-de-difusio-de-la-marato-del-2020\/","title":{"rendered":"CAMPANYA DE DIFUSI\u00d3 DE LA MARAT\u00d3 DEL 2020"},"content":{"rendered":"<p>&nbsp;<\/p>\n<p><a href=\"https:\/\/serveiseducatius.xtec.cat\/vallesoriental4\/wp-content\/uploads\/usu1133\/2020\/09\/Imatge-Campanya-2020-1.png\"><img loading=\"lazy\" decoding=\"async\" class=\"alignright size-medium wp-image-15063\" src=\"https:\/\/serveiseducatius.xtec.cat\/vallesoriental4\/wp-content\/uploads\/usu1133\/2020\/09\/Imatge-Campanya-2020-1-300x111.png\" alt=\"\" width=\"300\" height=\"111\" srcset=\"https:\/\/serveiseducatius.xtec.cat\/vallesoriental4\/wp-content\/uploads\/usu1133\/2020\/09\/Imatge-Campanya-2020-1-300x111.png 300w, https:\/\/serveiseducatius.xtec.cat\/vallesoriental4\/wp-content\/uploads\/usu1133\/2020\/09\/Imatge-Campanya-2020-1-768x284.png 768w, https:\/\/serveiseducatius.xtec.cat\/vallesoriental4\/wp-content\/uploads\/usu1133\/2020\/09\/Imatge-Campanya-2020-1.png 851w\" sizes=\"auto, (max-width: 300px) 100vw, 300px\" \/><\/a><\/p>\n<p>Aquest any,\u00a0 la 29a edici\u00f3 de la Marat\u00f3 de TV3\u00a0 es far\u00e0 el 20 de desembre i estar\u00e0 dedicada a la Covid-19.<\/p>\n<p>A l&#8217;Octubre comen\u00e7ar\u00e0 la campanya de difusi\u00f3, amb les sessions informatives als centres educatius i c\u00edvics de tot Catalunya. Coordinades per la Fundaci\u00f3 de Matar\u00f3 de TV3 i el Departament d&#8217;Educaci\u00f3 amb el suport dels CRP, les sessions informatives les impartiran professionals de la Salut amb el suport d&#8217;un v\u00eddeo did\u00e0ctic.<\/p>\n<p>Les sessions estan adre\u00e7ades als alumnes de 12 a 18 anys de secund\u00e0ria, batxillerat i cicles formatius.\u00a0 S\u00f3n gratu\u00eftes per als centres i es demana que els grups siguin consecutius i que es concentrin\u00a0 els dies i els horaris ( als matins o tardes ), per tal que les sessions les pugui fer un mateix divulgador.<\/p>\n<p>Els centres educatius podeu triar el dia i l&#8217;hora des del 13 d&#8217;Octubre fins al 20 de desembre de dilluns a divendres, de 8.00h a 20.00h. Cada sessi\u00f3 t\u00e9 una durada de 60 minuts.<\/p>\n<p>La sol\u00b7licitud\u00a0 de les sessions divulgatives\u00a0 es realitzar\u00e0 \u00fanicament a trav\u00e9s d&#8217;un formulari ubicat a la web de la Fundaci\u00f3 de la Marat\u00f3 de TV3:<\/p>\n<p><a href=\"https:\/\/registre-lamarato.ccma.cat\/lamarato\/conferencies\/centre.jsf\" target=\"_blank\" rel=\"noopener noreferrer\">https:\/\/registre-lamarato.ccma.cat\/lamarato\/conferencies\/centre.jsf<\/a><\/p>\n<p>&nbsp;<\/p>\n<p>&nbsp;<\/p>\n","protected":false},"excerpt":{"rendered":"<p>&nbsp; Aquest any,\u00a0 la 29a edici\u00f3 de la Marat\u00f3 de TV3\u00a0 es far\u00e0 el 20 de desembre i estar\u00e0 dedicada a la Covid-19. A l&#8217;Octubre comen\u00e7ar\u00e0 la campanya de difusi\u00f3, amb les sessions informatives als centres educatius i c\u00edvics de tot Catalunya. Coordinades per la Fundaci\u00f3 de Matar\u00f3 de TV3 i el Departament d&#8217;Educaci\u00f3 amb [&hellip;]<\/p>\n","protected":false},"author":1,"featured_media":15063,"comment_status":"open","ping_status":"closed","sticky":false,"template":"","format":"standard","meta":{"_bbp_topic_count":0,"_bbp_reply_count":0,"_bbp_total_topic_count":0,"_bbp_total_reply_count":0,"_bbp_voice_count":0,"_bbp_anonymous_reply_count":0,"_bbp_topic_count_hidden":0,"_bbp_reply_count_hidden":0,"_bbp_forum_subforum_count":0,"site-sidebar-layout":"default","site-content-layout":"","ast-site-content-layout":"","site-content-style":"default","site-sidebar-style":"default","ast-global-header-display":"","ast-banner-title-visibility":"","ast-main-header-display":"","ast-hfb-above-header-display":"","ast-hfb-below-header-display":"","ast-hfb-mobile-header-display":"","site-post-title":"","ast-breadcrumbs-content":"","ast-featured-img":"","footer-sml-layout":"","theme-transparent-header-meta":"","adv-header-id-meta":"","stick-header-meta":"","header-above-stick-meta":"","header-main-stick-meta":"","header-below-stick-meta":"","astra-migrate-meta-layouts":"default","ast-page-background-enabled":"default","ast-page-background-meta":{"desktop":{"background-color":"var(--ast-global-color-4)","background-image":"","background-repeat":"repeat","background-position":"center center","background-size":"auto","background-attachment":"scroll","background-type":"","background-media":"","overlay-type":"","overlay-color":"","overlay-opacity":"","overlay-gradient":""},"tablet":{"background-color":"","background-image":"","background-repeat":"repeat","background-position":"center center","background-size":"auto","background-attachment":"scroll","background-type":"","background-media":"","overlay-type":"","overlay-color":"","overlay-opacity":"","overlay-gradient":""},"mobile":{"background-color":"","background-image":"","background-repeat":"repeat","background-position":"center center","background-size":"auto","background-attachment":"scroll","background-type":"","background-media":"","overlay-type":"","overlay-color":"","overlay-opacity":"","overlay-gradient":""}},"ast-content-background-meta":{"desktop":{"background-color":"var(--ast-global-color-5)","background-image":"","background-repeat":"repeat","background-position":"center center","background-size":"auto","background-attachment":"scroll","background-type":"","background-media":"","overlay-type":"","overlay-color":"","overlay-opacity":"","overlay-gradient":""},"tablet":{"background-color":"var(--ast-global-color-5)","background-image":"","background-repeat":"repeat","background-position":"center center","background-size":"auto","background-attachment":"scroll","background-type":"","background-media":"","overlay-type":"","overlay-color":"","overlay-opacity":"","overlay-gradient":""},"mobile":{"background-color":"var(--ast-global-color-5)","background-image":"","background-repeat":"repeat","background-position":"center center","background-size":"auto","background-attachment":"scroll","background-type":"","background-media":"","overlay-type":"","overlay-color":"","overlay-opacity":"","overlay-gradient":""}},"footnotes":""},"categories":[29,77],"tags":[],"class_list":["post-15062","post","type-post","status-publish","format-standard","has-post-thumbnail","hentry","category-portada","category-servei-comunitari"],"post_mailing_queue_ids":[],"_links":{"self":[{"href":"https:\/\/serveiseducatius.xtec.cat\/vallesoriental4\/wp-json\/wp\/v2\/posts\/15062","targetHints":{"allow":["GET"]}}],"collection":[{"href":"https:\/\/serveiseducatius.xtec.cat\/vallesoriental4\/wp-json\/wp\/v2\/posts"}],"about":[{"href":"https:\/\/serveiseducatius.xtec.cat\/vallesoriental4\/wp-json\/wp\/v2\/types\/post"}],"author":[{"embeddable":true,"href":"https:\/\/serveiseducatius.xtec.cat\/vallesoriental4\/wp-json\/wp\/v2\/users\/1"}],"replies":[{"embeddable":true,"href":"https:\/\/serveiseducatius.xtec.cat\/vallesoriental4\/wp-json\/wp\/v2\/comments?post=15062"}],"version-history":[{"count":2,"href":"https:\/\/serveiseducatius.xtec.cat\/vallesoriental4\/wp-json\/wp\/v2\/posts\/15062\/revisions"}],"predecessor-version":[{"id":15065,"href":"https:\/\/serveiseducatius.xtec.cat\/vallesoriental4\/wp-json\/wp\/v2\/posts\/15062\/revisions\/15065"}],"wp:featuredmedia":[{"embeddable":true,"href":"https:\/\/serveiseducatius.xtec.cat\/vallesoriental4\/wp-json\/wp\/v2\/media\/15063"}],"wp:attachment":[{"href":"https:\/\/serveiseducatius.xtec.cat\/vallesoriental4\/wp-json\/wp\/v2\/media?parent=15062"}],"wp:term":[{"taxonomy":"category","embeddable":true,"href":"https:\/\/serveiseducatius.xtec.cat\/vallesoriental4\/wp-json\/wp\/v2\/categories?post=15062"},{"taxonomy":"post_tag","embeddable":true,"href":"https:\/\/serveiseducatius.xtec.cat\/vallesoriental4\/wp-json\/wp\/v2\/tags?post=15062"}],"curies":[{"name":"wp","href":"https:\/\/api.w.org\/{rel}","templated":true}]}}