{"id":14973,"date":"2020-09-04T11:12:51","date_gmt":"2020-09-04T09:12:51","guid":{"rendered":"http:\/\/serveiseducatius.xtec.cat\/vallesoriental4\/?p=14973"},"modified":"2020-09-04T11:12:51","modified_gmt":"2020-09-04T09:12:51","slug":"inauguracio-artur-aguilar-poetica-de-la-geometria-pura","status":"publish","type":"post","link":"https:\/\/serveiseducatius.xtec.cat\/vallesoriental4\/portada\/inauguracio-artur-aguilar-poetica-de-la-geometria-pura\/","title":{"rendered":"Inauguraci\u00f3 &#8211; Artur Aguilar. Po\u00e8tica de la geometria pura"},"content":{"rendered":"<p>Dijous <strong>17 de setembre<\/strong>, a les <strong>19h<\/strong>.<br \/>\nFundaci\u00f3 Vallpalou<br \/>\nRoger de Ll\u00faria, 2, Lleida, comissariada per <strong>Pilar Parcerisas<\/strong>, nova directora del programa d&#8217;exposicions i activitats.<br \/>\nPresentaci\u00f3 del cr\u00edtic d&#8217;art <strong>Abel Figueres <\/strong>amb la pres\u00e8ncia de l&#8217;artista<\/p>\n<p><a href=\"http:\/\/news.fundaciovallpalou.org\/newslink\/318912\/110.html\" target=\"_blank\" rel=\"noopener noreferrer\" data-saferedirecturl=\"https:\/\/www.google.com\/url?q=http:\/\/news.fundaciovallpalou.org\/newslink\/318912\/110.html&amp;source=gmail&amp;ust=1599153623741000&amp;usg=AFQjCNFpX-a956cDq11p1VvFpz5OVqnpxg\"><img loading=\"lazy\" decoding=\"async\" class=\"CToWUd\" src=\"https:\/\/ci3.googleusercontent.com\/proxy\/7tPYU905epDxwB4w3svwRIgsUQMMBS0ILKS1f5vl6dMmQN_NLBXzxC8QIMvD3nyYDrduOQYTo6HQs_T5IKLICAScBVB99k6-URF6y1ktWgoU0d9WbLgk8KizLvrPBHu3XOAiLwiLtpr5nY1xigYKdH8FfLqHLdmuvAfWmhosUto=s0-d-e1-ft#http:\/\/news.fundaciovallpalou.org\/mailing-manager\/domains\/news_fundaciovallpalou_org\/files\/img\/\/descargar.png\" alt=\"\" width=\"20\" height=\"20\" \/>\u00a0Descarregar invitaci\u00f3<\/a><\/p>\n<p><a href=\"http:\/\/www.fundaciovallpalou.org\" target=\"_blank\" rel=\"noopener noreferrer\" data-saferedirecturl=\"https:\/\/www.google.com\/url?q=http:\/\/www.fundaciovallpalou.org&amp;source=gmail&amp;ust=1599153623741000&amp;usg=AFQjCNGkJ19HEfAqU6exS6mukT61nqFDfA\">www.fundaciovallpalou.org<\/a><\/p>\n","protected":false},"excerpt":{"rendered":"<p>Dijous 17 de setembre, a les 19h. Fundaci\u00f3 Vallpalou Roger de Ll\u00faria, 2, Lleida, comissariada per Pilar Parcerisas, nova directora del programa d&#8217;exposicions i activitats. Presentaci\u00f3 del cr\u00edtic d&#8217;art Abel Figueres amb la pres\u00e8ncia de l&#8217;artista \u00a0Descarregar invitaci\u00f3 www.fundaciovallpalou.org<\/p>\n","protected":false},"author":1,"featured_media":14974,"comment_status":"open","ping_status":"closed","sticky":false,"template":"","format":"standard","meta":{"_bbp_topic_count":0,"_bbp_reply_count":0,"_bbp_total_topic_count":0,"_bbp_total_reply_count":0,"_bbp_voice_count":0,"_bbp_anonymous_reply_count":0,"_bbp_topic_count_hidden":0,"_bbp_reply_count_hidden":0,"_bbp_forum_subforum_count":0,"site-sidebar-layout":"default","site-content-layout":"","ast-site-content-layout":"","site-content-style":"default","site-sidebar-style":"default","ast-global-header-display":"","ast-banner-title-visibility":"","ast-main-header-display":"","ast-hfb-above-header-display":"","ast-hfb-below-header-display":"","ast-hfb-mobile-header-display":"","site-post-title":"","ast-breadcrumbs-content":"","ast-featured-img":"","footer-sml-layout":"","theme-transparent-header-meta":"","adv-header-id-meta":"","stick-header-meta":"","header-above-stick-meta":"","header-main-stick-meta":"","header-below-stick-meta":"","astra-migrate-meta-layouts":"default","ast-page-background-enabled":"default","ast-page-background-meta":{"desktop":{"background-color":"var(--ast-global-color-4)","background-image":"","background-repeat":"repeat","background-position":"center center","background-size":"auto","background-attachment":"scroll","background-type":"","background-media":"","overlay-type":"","overlay-color":"","overlay-opacity":"","overlay-gradient":""},"tablet":{"background-color":"","background-image":"","background-repeat":"repeat","background-position":"center center","background-size":"auto","background-attachment":"scroll","background-type":"","background-media":"","overlay-type":"","overlay-color":"","overlay-opacity":"","overlay-gradient":""},"mobile":{"background-color":"","background-image":"","background-repeat":"repeat","background-position":"center center","background-size":"auto","background-attachment":"scroll","background-type":"","background-media":"","overlay-type":"","overlay-color":"","overlay-opacity":"","overlay-gradient":""}},"ast-content-background-meta":{"desktop":{"background-color":"var(--ast-global-color-5)","background-image":"","background-repeat":"repeat","background-position":"center center","background-size":"auto","background-attachment":"scroll","background-type":"","background-media":"","overlay-type":"","overlay-color":"","overlay-opacity":"","overlay-gradient":""},"tablet":{"background-color":"var(--ast-global-color-5)","background-image":"","background-repeat":"repeat","background-position":"center center","background-size":"auto","background-attachment":"scroll","background-type":"","background-media":"","overlay-type":"","overlay-color":"","overlay-opacity":"","overlay-gradient":""},"mobile":{"background-color":"var(--ast-global-color-5)","background-image":"","background-repeat":"repeat","background-position":"center center","background-size":"auto","background-attachment":"scroll","background-type":"","background-media":"","overlay-type":"","overlay-color":"","overlay-opacity":"","overlay-gradient":""}},"footnotes":""},"categories":[29],"tags":[678,711,712],"class_list":["post-14973","post","type-post","status-publish","format-standard","has-post-thumbnail","hentry","category-portada","tag-art","tag-cultura","tag-inauguracio"],"post_mailing_queue_ids":[],"_links":{"self":[{"href":"https:\/\/serveiseducatius.xtec.cat\/vallesoriental4\/wp-json\/wp\/v2\/posts\/14973","targetHints":{"allow":["GET"]}}],"collection":[{"href":"https:\/\/serveiseducatius.xtec.cat\/vallesoriental4\/wp-json\/wp\/v2\/posts"}],"about":[{"href":"https:\/\/serveiseducatius.xtec.cat\/vallesoriental4\/wp-json\/wp\/v2\/types\/post"}],"author":[{"embeddable":true,"href":"https:\/\/serveiseducatius.xtec.cat\/vallesoriental4\/wp-json\/wp\/v2\/users\/1"}],"replies":[{"embeddable":true,"href":"https:\/\/serveiseducatius.xtec.cat\/vallesoriental4\/wp-json\/wp\/v2\/comments?post=14973"}],"version-history":[{"count":1,"href":"https:\/\/serveiseducatius.xtec.cat\/vallesoriental4\/wp-json\/wp\/v2\/posts\/14973\/revisions"}],"predecessor-version":[{"id":14975,"href":"https:\/\/serveiseducatius.xtec.cat\/vallesoriental4\/wp-json\/wp\/v2\/posts\/14973\/revisions\/14975"}],"wp:featuredmedia":[{"embeddable":true,"href":"https:\/\/serveiseducatius.xtec.cat\/vallesoriental4\/wp-json\/wp\/v2\/media\/14974"}],"wp:attachment":[{"href":"https:\/\/serveiseducatius.xtec.cat\/vallesoriental4\/wp-json\/wp\/v2\/media?parent=14973"}],"wp:term":[{"taxonomy":"category","embeddable":true,"href":"https:\/\/serveiseducatius.xtec.cat\/vallesoriental4\/wp-json\/wp\/v2\/categories?post=14973"},{"taxonomy":"post_tag","embeddable":true,"href":"https:\/\/serveiseducatius.xtec.cat\/vallesoriental4\/wp-json\/wp\/v2\/tags?post=14973"}],"curies":[{"name":"wp","href":"https:\/\/api.w.org\/{rel}","templated":true}]}}