{"id":14874,"date":"2020-06-10T13:47:31","date_gmt":"2020-06-10T11:47:31","guid":{"rendered":"http:\/\/serveiseducatius.xtec.cat\/vallesoriental4\/?p=14874"},"modified":"2020-06-10T13:47:31","modified_gmt":"2020-06-10T11:47:31","slug":"formacio-destiu-del-programa-educac-curs-en-linia-de-20-hores-reconegut-dins-del-pla-de-formacio-permanent-del-departament-deducacio","status":"publish","type":"post","link":"https:\/\/serveiseducatius.xtec.cat\/vallesoriental4\/portada\/formacio-destiu-del-programa-educac-curs-en-linia-de-20-hores-reconegut-dins-del-pla-de-formacio-permanent-del-departament-deducacio\/","title":{"rendered":"Formaci\u00f3 d&#8217;estiu del programa eduCAC. Curs en l\u00ednia de 20 hores reconegut dins del Pla de Formaci\u00f3 Permanent del Departament d&#8217;Educaci\u00f3"},"content":{"rendered":"<p>Aquest estiu el programa eduCAC del Consell de l\u2019Audiovisual de Catalunya ofereix el\u00a0<a href=\"https:\/\/www.educac.cat\/professorat\/formacio\/qui-em-crec-propostes-didactiques-nvegar-lentorn-comunicatiu\">curs virtual<\/a>\u00a0de 20 hores reconegut\u00a0dins del Pla de Formaci\u00f3 Permanent del Departament d&#8217;Educaci\u00f3<\/p>\n<p><strong><em>A qui em crec? Propostes did\u00e0ctiques per n@vegar per l\u2019entorn comunicatiu<\/em><\/strong><\/p>\n<p>Us proposem un taller teoricopr\u00e0ctic on s&#8217;experimentaran\u00a0recursos per introduir l&#8217;educaci\u00f3 en comunicaci\u00f3 a les aules de secund\u00e0ria. Parlarem sobre el consum informatiu, la infoxicaci\u00f3 i les\u00a0<em>fake news<\/em>. Tamb\u00e9 es facilitaran les eines per dur a terme una pr\u00e0ctica audiovisual relacionada amb el g\u00e8nere informatiu de la m\u00e0 d\u2019un t\u00e8cnic expert, que ens guiar\u00e0 en les fases de la preproducci\u00f3, la producci\u00f3 i la postproducci\u00f3\u00a0d\u2019una pe\u00e7a audiovisual.<\/p>\n<div class=\"ast-oembed-container \" style=\"height: 100%;\"><iframe loading=\"lazy\" title=\"A qui em crec? Propostes did\u00e0ctiques per n@avegar per l\u2019entorn comunicatiu\" width=\"500\" height=\"281\" src=\"https:\/\/www.youtube.com\/embed\/dGWSpbYUrwI?feature=oembed\" frameborder=\"0\" allow=\"accelerometer; autoplay; clipboard-write; encrypted-media; gyroscope; picture-in-picture; web-share\" referrerpolicy=\"strict-origin-when-cross-origin\" allowfullscreen><\/iframe><\/div>\n<p style=\"font-weight: 400;\"><strong><a href=\"https:\/\/www.cdl.cat\/oferta-formativa-escola-destiu\" data-saferedirecturl=\"https:\/\/www.google.com\/url?q=https:\/\/www.cdl.cat\/oferta-formativa-escola-destiu&amp;source=gmail&amp;ust=1591860871535000&amp;usg=AFQjCNFpAdNiJLp62FDMlCugpw13UZa9ig\">Escola d\u2019Estiu del Col\u00b7legi de Llicenciats<\/a><\/strong><\/p>\n<p style=\"font-weight: 400;\">Modalitat:\u00a0 en l\u00ednia (Campus Virtual Moodle)<\/p>\n<p style=\"font-weight: 400;\">Dies: de l\u2019<strong>1 al 10 de juliol<\/strong><\/p>\n<p style=\"font-weight: 400;\">Horaris: el curs combina activitats as\u00edncrones amb sessions a temps real (consulteu programa)<\/p>\n<p style=\"font-weight: 400;\">Hores: 20<\/p>\n<p style=\"font-weight: 400;\"><strong>Programa<\/strong>, objectius, metodologia i calendari, avaluaci\u00f3<\/p>\n<p style=\"font-weight: 400;\">Inscripcions:\u00a0al web del\u00a0<a href=\"https:\/\/www.cdl.cat\/oferta-formativa-escola-destiu\" data-saferedirecturl=\"https:\/\/www.google.com\/url?q=https:\/\/www.cdl.cat\/oferta-formativa-escola-destiu&amp;source=gmail&amp;ust=1591860871535000&amp;usg=AFQjCNFpAdNiJLp62FDMlCugpw13UZa9ig\"><strong>Col\u00b7legi Oficial de Doctors i Llicenciats en Filosofia i Lletres i en Ci\u00e8ncies de Catalunya<\/strong><\/a><\/p>\n<p style=\"font-weight: 400;\">M\u00e9s informaci\u00f3 a\u00a0<strong><a href=\"http:\/\/www.educac.cat\/\" data-saferedirecturl=\"https:\/\/www.google.com\/url?q=http:\/\/www.educac.cat&amp;source=gmail&amp;ust=1591860871535000&amp;usg=AFQjCNGv7Q3slc7kf7rK1C4nmsIenCvCYA\">www.educac.cat<\/a>\u00a0<\/strong>i\u00a0<a href=\"mailto:educac@gencat.cat\">educac@gencat.cat<\/a><\/p>\n","protected":false},"excerpt":{"rendered":"<p>Aquest estiu el programa eduCAC del Consell de l\u2019Audiovisual de Catalunya ofereix el\u00a0curs virtual\u00a0de 20 hores reconegut\u00a0dins del Pla de Formaci\u00f3 Permanent del Departament d&#8217;Educaci\u00f3 A qui em crec? Propostes did\u00e0ctiques per n@vegar per l\u2019entorn comunicatiu Us proposem un taller teoricopr\u00e0ctic on s&#8217;experimentaran\u00a0recursos per introduir l&#8217;educaci\u00f3 en comunicaci\u00f3 a les aules de secund\u00e0ria. Parlarem sobre [&hellip;]<\/p>\n","protected":false},"author":1,"featured_media":14876,"comment_status":"open","ping_status":"closed","sticky":false,"template":"","format":"standard","meta":{"_bbp_topic_count":0,"_bbp_reply_count":0,"_bbp_total_topic_count":0,"_bbp_total_reply_count":0,"_bbp_voice_count":0,"_bbp_anonymous_reply_count":0,"_bbp_topic_count_hidden":0,"_bbp_reply_count_hidden":0,"_bbp_forum_subforum_count":0,"site-sidebar-layout":"default","site-content-layout":"","ast-site-content-layout":"","site-content-style":"default","site-sidebar-style":"default","ast-global-header-display":"","ast-banner-title-visibility":"","ast-main-header-display":"","ast-hfb-above-header-display":"","ast-hfb-below-header-display":"","ast-hfb-mobile-header-display":"","site-post-title":"","ast-breadcrumbs-content":"","ast-featured-img":"","footer-sml-layout":"","theme-transparent-header-meta":"","adv-header-id-meta":"","stick-header-meta":"","header-above-stick-meta":"","header-main-stick-meta":"","header-below-stick-meta":"","astra-migrate-meta-layouts":"default","ast-page-background-enabled":"default","ast-page-background-meta":{"desktop":{"background-color":"var(--ast-global-color-4)","background-image":"","background-repeat":"repeat","background-position":"center center","background-size":"auto","background-attachment":"scroll","background-type":"","background-media":"","overlay-type":"","overlay-color":"","overlay-opacity":"","overlay-gradient":""},"tablet":{"background-color":"","background-image":"","background-repeat":"repeat","background-position":"center center","background-size":"auto","background-attachment":"scroll","background-type":"","background-media":"","overlay-type":"","overlay-color":"","overlay-opacity":"","overlay-gradient":""},"mobile":{"background-color":"","background-image":"","background-repeat":"repeat","background-position":"center center","background-size":"auto","background-attachment":"scroll","background-type":"","background-media":"","overlay-type":"","overlay-color":"","overlay-opacity":"","overlay-gradient":""}},"ast-content-background-meta":{"desktop":{"background-color":"var(--ast-global-color-5)","background-image":"","background-repeat":"repeat","background-position":"center center","background-size":"auto","background-attachment":"scroll","background-type":"","background-media":"","overlay-type":"","overlay-color":"","overlay-opacity":"","overlay-gradient":""},"tablet":{"background-color":"var(--ast-global-color-5)","background-image":"","background-repeat":"repeat","background-position":"center center","background-size":"auto","background-attachment":"scroll","background-type":"","background-media":"","overlay-type":"","overlay-color":"","overlay-opacity":"","overlay-gradient":""},"mobile":{"background-color":"var(--ast-global-color-5)","background-image":"","background-repeat":"repeat","background-position":"center center","background-size":"auto","background-attachment":"scroll","background-type":"","background-media":"","overlay-type":"","overlay-color":"","overlay-opacity":"","overlay-gradient":""}},"footnotes":""},"categories":[29],"tags":[677],"class_list":["post-14874","post","type-post","status-publish","format-standard","has-post-thumbnail","hentry","category-portada","tag-centreseducatiusenlinia-joemquedoacasa"],"post_mailing_queue_ids":[],"_links":{"self":[{"href":"https:\/\/serveiseducatius.xtec.cat\/vallesoriental4\/wp-json\/wp\/v2\/posts\/14874","targetHints":{"allow":["GET"]}}],"collection":[{"href":"https:\/\/serveiseducatius.xtec.cat\/vallesoriental4\/wp-json\/wp\/v2\/posts"}],"about":[{"href":"https:\/\/serveiseducatius.xtec.cat\/vallesoriental4\/wp-json\/wp\/v2\/types\/post"}],"author":[{"embeddable":true,"href":"https:\/\/serveiseducatius.xtec.cat\/vallesoriental4\/wp-json\/wp\/v2\/users\/1"}],"replies":[{"embeddable":true,"href":"https:\/\/serveiseducatius.xtec.cat\/vallesoriental4\/wp-json\/wp\/v2\/comments?post=14874"}],"version-history":[{"count":2,"href":"https:\/\/serveiseducatius.xtec.cat\/vallesoriental4\/wp-json\/wp\/v2\/posts\/14874\/revisions"}],"predecessor-version":[{"id":14877,"href":"https:\/\/serveiseducatius.xtec.cat\/vallesoriental4\/wp-json\/wp\/v2\/posts\/14874\/revisions\/14877"}],"wp:featuredmedia":[{"embeddable":true,"href":"https:\/\/serveiseducatius.xtec.cat\/vallesoriental4\/wp-json\/wp\/v2\/media\/14876"}],"wp:attachment":[{"href":"https:\/\/serveiseducatius.xtec.cat\/vallesoriental4\/wp-json\/wp\/v2\/media?parent=14874"}],"wp:term":[{"taxonomy":"category","embeddable":true,"href":"https:\/\/serveiseducatius.xtec.cat\/vallesoriental4\/wp-json\/wp\/v2\/categories?post=14874"},{"taxonomy":"post_tag","embeddable":true,"href":"https:\/\/serveiseducatius.xtec.cat\/vallesoriental4\/wp-json\/wp\/v2\/tags?post=14874"}],"curies":[{"name":"wp","href":"https:\/\/api.w.org\/{rel}","templated":true}]}}