{"id":14823,"date":"2020-06-03T12:39:58","date_gmt":"2020-06-03T10:39:58","guid":{"rendered":"http:\/\/serveiseducatius.xtec.cat\/vallesoriental4\/?p=14823"},"modified":"2020-06-04T19:06:07","modified_gmt":"2020-06-04T17:06:07","slug":"inscripcio-a-la-jornada-cartografia-mapes-i-geolocalitzacio-aplicades-a-leducacio","status":"publish","type":"post","link":"https:\/\/serveiseducatius.xtec.cat\/vallesoriental4\/portada\/inscripcio-a-la-jornada-cartografia-mapes-i-geolocalitzacio-aplicades-a-leducacio\/","title":{"rendered":"Inscripci\u00f3 a la Jornada Cartografia, Mapes i Geolocalitzaci\u00f3 aplicades a l\u2019educaci\u00f3"},"content":{"rendered":"<p><a href=\"https:\/\/serveiseducatius.xtec.cat\/vallesoriental4\/wp-content\/uploads\/usu1133\/2020\/06\/jornada-cartografia-mapes-geolocalitzacio.png_1637373458.png\"><img loading=\"lazy\" decoding=\"async\" class=\" wp-image-14824 alignleft\" src=\"https:\/\/serveiseducatius.xtec.cat\/vallesoriental4\/wp-content\/uploads\/usu1133\/2020\/06\/jornada-cartografia-mapes-geolocalitzacio.png_1637373458-300x201.png\" alt=\"\" width=\"318\" height=\"213\" srcset=\"https:\/\/serveiseducatius.xtec.cat\/vallesoriental4\/wp-content\/uploads\/usu1133\/2020\/06\/jornada-cartografia-mapes-geolocalitzacio.png_1637373458-300x201.png 300w, https:\/\/serveiseducatius.xtec.cat\/vallesoriental4\/wp-content\/uploads\/usu1133\/2020\/06\/jornada-cartografia-mapes-geolocalitzacio.png_1637373458.png 410w\" sizes=\"auto, (max-width: 318px) 100vw, 318px\" \/><\/a><\/p>\n<p>La geolocalitzaci\u00f3 i el mapa formen part fonamental del m\u00f3n digital. El mapa, m\u00e9s que mai, \u00e9s un element central en la comprensi\u00f3 del que passa sobre el territori: fen\u00f2mens socials, pol\u00edtics i mediambientals.<\/p>\n<p>Per recolzar la tasca del professorat en el desenvolupament d\u2019aquests aprenentatges entre els escolars, l\u2019Institut Cartogr\u00e0fic i Geol\u00f2gic de Catalunya (ICGC) proposa una jornada per prendre consci\u00e8ncia de tots aquests aspectes i per, de manera pr\u00e0ctica, con\u00e8ixer recursos que poden ser d\u2019aplicaci\u00f3 a l\u2019aula, aprofitant en aquesta jornada, l&#8217;eina gratu\u00efta\u00a0<strong>Instamaps<\/strong>\u00a0desenvolupada pel propi ICGC.<\/p>\n<p>&nbsp;<\/p>\n<p>Data: <strong>16 de juny de 16.30 a 18 hores &#8211;\u00a0 <\/strong>Jornada gratu\u00efta<\/p>\n<p>Inscripci\u00f3 a trav\u00e9s del\u00a0<a href=\"https:\/\/docs.google.com\/forms\/d\/e\/1FAIpQLSdoNXWHDKFzdT1Q9-jPb0gzansbSRVUBaGGByKwbJfhKgNwaw\/viewform\" target=\"_blank\" rel=\"noopener noreferrer\">seg\u00fcent formulari\u00a0\u00a0 <\/a>03.06.2020 &#8211; 16.06.2020<\/p>\n<p>Trobareu m\u00e9s informaci\u00f3 a la\u00a0<a href=\"http:\/\/xtec.gencat.cat\/ca\/agenda\/Inscripcio-a-la-Jornada-Cartografia-Mapes-i-Geolocalitzacio-aplicades-a-leducacio\">http:\/\/xtec.gencat.cat\/ca\/agenda\/Inscripcio-a-la-Jornada-Cartografia-Mapes-i-Geolocalitzacio-aplicades-a-leducacio<\/a><\/p>\n<p>&nbsp;<\/p>\n<p>&nbsp;<\/p>\n<p>&nbsp;<\/p>\n<p>&nbsp;<\/p>\n","protected":false},"excerpt":{"rendered":"<p>La geolocalitzaci\u00f3 i el mapa formen part fonamental del m\u00f3n digital. El mapa, m\u00e9s que mai, \u00e9s un element central en la comprensi\u00f3 del que passa sobre el territori: fen\u00f2mens socials, pol\u00edtics i mediambientals. Per recolzar la tasca del professorat en el desenvolupament d\u2019aquests aprenentatges entre els escolars, l\u2019Institut Cartogr\u00e0fic i Geol\u00f2gic de Catalunya (ICGC) [&hellip;]<\/p>\n","protected":false},"author":1,"featured_media":14824,"comment_status":"open","ping_status":"closed","sticky":false,"template":"","format":"standard","meta":{"_bbp_topic_count":0,"_bbp_reply_count":0,"_bbp_total_topic_count":0,"_bbp_total_reply_count":0,"_bbp_voice_count":0,"_bbp_anonymous_reply_count":0,"_bbp_topic_count_hidden":0,"_bbp_reply_count_hidden":0,"_bbp_forum_subforum_count":0,"site-sidebar-layout":"default","site-content-layout":"","ast-site-content-layout":"","site-content-style":"default","site-sidebar-style":"default","ast-global-header-display":"","ast-banner-title-visibility":"","ast-main-header-display":"","ast-hfb-above-header-display":"","ast-hfb-below-header-display":"","ast-hfb-mobile-header-display":"","site-post-title":"","ast-breadcrumbs-content":"","ast-featured-img":"","footer-sml-layout":"","theme-transparent-header-meta":"","adv-header-id-meta":"","stick-header-meta":"","header-above-stick-meta":"","header-main-stick-meta":"","header-below-stick-meta":"","astra-migrate-meta-layouts":"default","ast-page-background-enabled":"default","ast-page-background-meta":{"desktop":{"background-color":"var(--ast-global-color-4)","background-image":"","background-repeat":"repeat","background-position":"center center","background-size":"auto","background-attachment":"scroll","background-type":"","background-media":"","overlay-type":"","overlay-color":"","overlay-opacity":"","overlay-gradient":""},"tablet":{"background-color":"","background-image":"","background-repeat":"repeat","background-position":"center center","background-size":"auto","background-attachment":"scroll","background-type":"","background-media":"","overlay-type":"","overlay-color":"","overlay-opacity":"","overlay-gradient":""},"mobile":{"background-color":"","background-image":"","background-repeat":"repeat","background-position":"center center","background-size":"auto","background-attachment":"scroll","background-type":"","background-media":"","overlay-type":"","overlay-color":"","overlay-opacity":"","overlay-gradient":""}},"ast-content-background-meta":{"desktop":{"background-color":"var(--ast-global-color-5)","background-image":"","background-repeat":"repeat","background-position":"center center","background-size":"auto","background-attachment":"scroll","background-type":"","background-media":"","overlay-type":"","overlay-color":"","overlay-opacity":"","overlay-gradient":""},"tablet":{"background-color":"var(--ast-global-color-5)","background-image":"","background-repeat":"repeat","background-position":"center center","background-size":"auto","background-attachment":"scroll","background-type":"","background-media":"","overlay-type":"","overlay-color":"","overlay-opacity":"","overlay-gradient":""},"mobile":{"background-color":"var(--ast-global-color-5)","background-image":"","background-repeat":"repeat","background-position":"center center","background-size":"auto","background-attachment":"scroll","background-type":"","background-media":"","overlay-type":"","overlay-color":"","overlay-opacity":"","overlay-gradient":""}},"footnotes":""},"categories":[29],"tags":[677],"class_list":["post-14823","post","type-post","status-publish","format-standard","has-post-thumbnail","hentry","category-portada","tag-centreseducatiusenlinia-joemquedoacasa"],"post_mailing_queue_ids":[],"_links":{"self":[{"href":"https:\/\/serveiseducatius.xtec.cat\/vallesoriental4\/wp-json\/wp\/v2\/posts\/14823","targetHints":{"allow":["GET"]}}],"collection":[{"href":"https:\/\/serveiseducatius.xtec.cat\/vallesoriental4\/wp-json\/wp\/v2\/posts"}],"about":[{"href":"https:\/\/serveiseducatius.xtec.cat\/vallesoriental4\/wp-json\/wp\/v2\/types\/post"}],"author":[{"embeddable":true,"href":"https:\/\/serveiseducatius.xtec.cat\/vallesoriental4\/wp-json\/wp\/v2\/users\/1"}],"replies":[{"embeddable":true,"href":"https:\/\/serveiseducatius.xtec.cat\/vallesoriental4\/wp-json\/wp\/v2\/comments?post=14823"}],"version-history":[{"count":3,"href":"https:\/\/serveiseducatius.xtec.cat\/vallesoriental4\/wp-json\/wp\/v2\/posts\/14823\/revisions"}],"predecessor-version":[{"id":14828,"href":"https:\/\/serveiseducatius.xtec.cat\/vallesoriental4\/wp-json\/wp\/v2\/posts\/14823\/revisions\/14828"}],"wp:featuredmedia":[{"embeddable":true,"href":"https:\/\/serveiseducatius.xtec.cat\/vallesoriental4\/wp-json\/wp\/v2\/media\/14824"}],"wp:attachment":[{"href":"https:\/\/serveiseducatius.xtec.cat\/vallesoriental4\/wp-json\/wp\/v2\/media?parent=14823"}],"wp:term":[{"taxonomy":"category","embeddable":true,"href":"https:\/\/serveiseducatius.xtec.cat\/vallesoriental4\/wp-json\/wp\/v2\/categories?post=14823"},{"taxonomy":"post_tag","embeddable":true,"href":"https:\/\/serveiseducatius.xtec.cat\/vallesoriental4\/wp-json\/wp\/v2\/tags?post=14823"}],"curies":[{"name":"wp","href":"https:\/\/api.w.org\/{rel}","templated":true}]}}