{"id":14778,"date":"2020-05-25T17:47:16","date_gmt":"2020-05-25T15:47:16","guid":{"rendered":"http:\/\/serveiseducatius.xtec.cat\/vallesoriental4\/?p=14778"},"modified":"2020-05-25T19:54:16","modified_gmt":"2020-05-25T17:54:16","slug":"agafaelvguant-infants-i-joves-lliures-de-violencies-masclistes","status":"publish","type":"post","link":"https:\/\/serveiseducatius.xtec.cat\/vallesoriental4\/portada\/agafaelvguant-infants-i-joves-lliures-de-violencies-masclistes\/","title":{"rendered":"#AgafaElGuant: infants i joves lliures de viol\u00e8ncies masclistes"},"content":{"rendered":"<p align=\"JUSTIFY\"><a href=\"https:\/\/serveiseducatius.xtec.cat\/vallesoriental4\/wp-content\/uploads\/usu1133\/2020\/05\/fdffc005-84e2-4d10-b4f3-39afc585723e-960x640-1.jpg\"><img loading=\"lazy\" decoding=\"async\" class=\" wp-image-14781 alignleft\" src=\"https:\/\/serveiseducatius.xtec.cat\/vallesoriental4\/wp-content\/uploads\/usu1133\/2020\/05\/fdffc005-84e2-4d10-b4f3-39afc585723e-960x640-1-300x200.jpg\" alt=\"\" width=\"356\" height=\"237\" srcset=\"https:\/\/serveiseducatius.xtec.cat\/vallesoriental4\/wp-content\/uploads\/usu1133\/2020\/05\/fdffc005-84e2-4d10-b4f3-39afc585723e-960x640-1-300x200.jpg 300w, https:\/\/serveiseducatius.xtec.cat\/vallesoriental4\/wp-content\/uploads\/usu1133\/2020\/05\/fdffc005-84e2-4d10-b4f3-39afc585723e-960x640-1-768x512.jpg 768w, https:\/\/serveiseducatius.xtec.cat\/vallesoriental4\/wp-content\/uploads\/usu1133\/2020\/05\/fdffc005-84e2-4d10-b4f3-39afc585723e-960x640-1.jpg 960w\" sizes=\"auto, (max-width: 356px) 100vw, 356px\" \/><\/a><\/p>\n<p align=\"JUSTIFY\"><span style=\"font-family: Times New Roman, serif;\"><span style=\"font-size: medium;\"><span style=\"color: #212121;\"><span style=\"font-family: Arial, sans-serif;\"><span lang=\"ca-ES\">Des de l\u2019Institut Catal\u00e0 de les Dones s&#8217;ha posat en marxa la campanya de sensiblitzaci\u00f3 <\/span><\/span><\/span><u><\/u><a href=\"http:\/\/dones.gencat.cat\/ca\/ambits\/violencia_masclista\/AgafaElGuant\/\" target=\"_blank\" rel=\"noopener noreferrer\" data-saferedirecturl=\"https:\/\/www.google.com\/url?q=http:\/\/dones.gencat.cat\/ca\/ambits\/violencia_masclista\/AgafaElGuant\/&amp;source=gmail&amp;ust=1590497399112000&amp;usg=AFQjCNGCuKrv8cMfoVFXsCeIB-BrDWPW-g\"><span style=\"color: #0000ff;\"><u><span style=\"font-family: Arial, sans-serif;\"><span lang=\"ca-ES\">#AgafaElGuant Infants i joves lliures de viol\u00e8ncies masclistes<\/span><\/span><\/u><\/span><span style=\"color: #212121;\"><span style=\"font-family: Arial, sans-serif;\"><span lang=\"ca-ES\">\u00a0<\/span><\/span><\/span><\/a><span style=\"color: #212121;\"><span style=\"font-family: Arial, sans-serif;\"><span lang=\"ca-ES\">per fer front a les viol\u00e8ncies masclistes en el marc de la crisi de la Covid19.\u00a0<\/span><\/span><\/span><\/span><\/span><\/p>\n<p align=\"JUSTIFY\"><span style=\"font-family: Times New Roman, serif;\"><span style=\"font-size: medium;\"><span style=\"color: #212121;\"><span style=\"font-family: Arial, sans-serif;\"><span lang=\"ca-ES\">Ens preocupa que la\u00a0<\/span><\/span><\/span><span style=\"color: #212121;\"><span style=\"font-family: Arial, sans-serif;\"><span lang=\"ca-ES\">conviv\u00e8ncia for\u00e7ada amb agressors<\/span><\/span><\/span><span style=\"color: #212121;\"><span style=\"font-family: Arial, sans-serif;\"><span lang=\"ca-ES\">, una connectivitat m\u00e9s intensa a internet i els canvis en l\u2019\u00fas de l\u2019espai p\u00fablic puguin fer incrementar i agreujar\u00a0<\/span><\/span><\/span><span style=\"color: #212121;\"><span style=\"font-family: Arial, sans-serif;\"><span lang=\"ca-ES\">les situacions de viol\u00e8ncies masclistes que pateix la poblaci\u00f3 m\u00e9s jove.<\/span><\/span><\/span><\/span><\/span><\/p>\n<p align=\"JUSTIFY\"><span style=\"font-family: Times New Roman, serif;\"><span style=\"font-size: medium;\"><span style=\"color: #212121;\"><span style=\"font-family: Arial, sans-serif;\"><span lang=\"ca-ES\">Podreu trobar m\u00e9s informaci\u00f3 a <a href=\"http:\/\/dones.gencat.cat\/ca\/ambits\/violencia_masclista\/AgafaElGuant\/\" target=\"_blank\" rel=\"noopener noreferrer\" data-saferedirecturl=\"https:\/\/www.google.com\/url?q=http:\/\/dones.gencat.cat\/ca\/ambits\/violencia_masclista\/AgafaElGuant\/&amp;source=gmail&amp;ust=1590497399113000&amp;usg=AFQjCNEPuVBCgCjX6iDuLA1RzLHoZySFFw\">l&#8217;espai web<\/a>\u00a0de la campanya.\u00a0<\/span><\/span><\/span><\/span><\/span>Tamb\u00e9 posem a l\u2019abast recursos audiovisuals per a joves a\u00a0<a href=\"http:\/\/dones.gencat.cat\/agafaelguant\" target=\"_blank\" rel=\"noopener noreferrer\" data-saferedirecturl=\"https:\/\/www.google.com\/url?q=http:\/\/dones.gencat.cat\/agafaelguant&amp;source=gmail&amp;ust=1590497399113000&amp;usg=AFQjCNFH4R6eZ6Yj8_Kns5Q6AIbQbLk_oQ\">dones.gencat.cat\/<wbr \/>agafaelguant<\/a> .<\/p>\n<p align=\"JUSTIFY\"><strong><span style=\"font-family: Times New Roman, serif;\"><span style=\"font-size: medium;\"><span style=\"font-family: Arial, sans-serif;\">A m\u00e9s a m\u00e9s proposem un\u00a0<\/span><span style=\"font-family: Arial, sans-serif;\"><i>challenge<\/i><\/span><span style=\"font-family: Arial, sans-serif;\">\u00a0<\/span><span style=\"color: #212121;\"><span style=\"font-family: Arial, sans-serif;\"><span lang=\"ca-ES\">com a mostra de sororitat i suport col\u00b7lectiu: agafar un guant dels que estem utilitzant per fer front a la pand\u00e8mia i fer-se una fotografia\/v\u00eddeo emulant l\u2019apoderament de la Rosie the Riveter.<\/span><\/span><\/span><\/span><\/span><\/strong><\/p>\n<p align=\"JUSTIFY\"><a href=\"https:\/\/serveiseducatius.xtec.cat\/vallesoriental4\/wp-content\/uploads\/usu1133\/2020\/05\/1Challenge.jpg\"><img loading=\"lazy\" decoding=\"async\" class=\"size-medium wp-image-14779 aligncenter\" src=\"https:\/\/serveiseducatius.xtec.cat\/vallesoriental4\/wp-content\/uploads\/usu1133\/2020\/05\/1Challenge-300x150.jpg\" alt=\"\" width=\"300\" height=\"150\" srcset=\"https:\/\/serveiseducatius.xtec.cat\/vallesoriental4\/wp-content\/uploads\/usu1133\/2020\/05\/1Challenge-300x150.jpg 300w, https:\/\/serveiseducatius.xtec.cat\/vallesoriental4\/wp-content\/uploads\/usu1133\/2020\/05\/1Challenge-768x384.jpg 768w, https:\/\/serveiseducatius.xtec.cat\/vallesoriental4\/wp-content\/uploads\/usu1133\/2020\/05\/1Challenge-1024x512.jpg 1024w, https:\/\/serveiseducatius.xtec.cat\/vallesoriental4\/wp-content\/uploads\/usu1133\/2020\/05\/1Challenge.jpg 1280w\" sizes=\"auto, (max-width: 300px) 100vw, 300px\" \/><\/a><\/p>\n<p align=\"JUSTIFY\"><span style=\"font-family: Times New Roman, serif;\"><span style=\"font-size: medium;\"><span style=\"color: #212121;\"><span style=\"font-family: Arial, sans-serif;\"><span lang=\"ca-ES\">Estem segures que en el vostre \u00e0mbit d\u2019influ\u00e8ncia podreu fer arribar els missatges als i les joves que poden estar vivint aquestes situacions de viol\u00e8ncies masclistes:<\/span><\/span><\/span><\/span><\/span><\/p>\n<ul>\n<li>\n<p align=\"JUSTIFY\"><span style=\"font-family: Times New Roman, serif;\"><span style=\"font-size: medium;\"><span style=\"color: #212121;\"><span style=\"font-family: Arial, sans-serif;\"><span lang=\"ca-ES\">Infants i joves<\/span><\/span><\/span><span style=\"color: #212121;\"><span style=\"font-family: Arial, sans-serif;\"><span lang=\"ca-ES\">\u00a0que presencien<\/span><\/span><\/span><span style=\"color: #212121;\"><span style=\"font-family: Arial, sans-serif;\"><span lang=\"ca-ES\">\u00a0situacions de viol\u00e8ncia<\/span><\/span><\/span><span style=\"color: #212121;\"><span style=\"font-family: Arial, sans-serif;\"><span lang=\"ca-ES\">\u00a0cap a les seves mares o que pateixen viol\u00e8ncia sexual per part d\u2019alg\u00fa del seu entorn i del qual no poden a\u00efllar-se.<\/span><\/span><\/span><\/span><\/span><\/p>\n<\/li>\n<li>\n<p align=\"JUSTIFY\"><span style=\"font-family: Times New Roman, serif;\"><span style=\"font-size: medium;\"><span style=\"color: #212121;\"><span style=\"font-family: Arial, sans-serif;\"><span lang=\"ca-ES\">Noies joves<\/span><\/span><\/span><span style=\"color: #212121;\"><span style=\"font-family: Arial, sans-serif;\"><span lang=\"ca-ES\">\u00a0que es troben en\u00a0<\/span><\/span><\/span><span style=\"color: #212121;\"><span style=\"font-family: Arial, sans-serif;\"><span lang=\"ca-ES\">situaci\u00f3 de viol\u00e8ncia f\u00edsica, psicol\u00f2gica i\/o sexual<\/span><\/span><\/span><span style=\"color: #212121;\"><span style=\"font-family: Arial, sans-serif;\"><span lang=\"ca-ES\">\u00a0dins les pr\u00f2pies llars, centres residencials o d\u2019acollida, on la persona agressora \u00e9s la parella, algun membre de la fam\u00edlia, tutor, personal responsable de la seva cura, companys de pis o del centre residencial, o incl\u00fas persones del propi ve\u00efnat.<\/span><\/span><\/span><\/span><\/span><\/p>\n<\/li>\n<li>\n<p align=\"JUSTIFY\"><span style=\"font-family: Times New Roman, serif;\"><span style=\"font-size: medium;\"><span style=\"color: #212121;\"><span style=\"font-family: Arial, sans-serif;\"><span lang=\"ca-ES\">Noies joves que pateixen viol\u00e8ncies en l\u2019espai p\u00fablic en forma d\u2019intimidaci\u00f3, assetjament, o agressions sexuals per persones de l\u2019entorn comunitari.<\/span><\/span><\/span><\/span><\/span><\/p>\n<\/li>\n<li>\n<p align=\"JUSTIFY\"><span style=\"font-family: Times New Roman, serif;\"><span style=\"font-size: medium;\"><span style=\"color: #212121;\"><span style=\"font-family: Arial, sans-serif;\"><span lang=\"ca-ES\">Adolescents i joves LGTBIQ+<\/span><\/span><\/span><span style=\"color: #212121;\"><span style=\"font-family: Arial, sans-serif;\"><span lang=\"ca-ES\">\u00a0que estan patint\u00a0<\/span><\/span><\/span><span style=\"color: #212121;\"><span style=\"font-family: Arial, sans-serif;\"><span lang=\"ca-ES\">viol\u00e8ncia per part de familiars i entorn<\/span><\/span><\/span><span style=\"color: #212121;\"><span style=\"font-family: Arial, sans-serif;\"><span lang=\"ca-ES\">\u00a0proper que no accepten la seva identitat de g\u00e8nere o prefer\u00e8ncia sexual i que conviuen amb el rebuig, el menyspreu i la incomprensi\u00f3.<\/span><\/span><\/span><\/span><\/span><\/p>\n<\/li>\n<\/ul>\n<p>Trobareu m\u00e9s informaci\u00f3 <a href=\"http:\/\/dones.gencat.cat\/ca\/ambits\/violencia_masclista\/AgafaElGuant\/\">http:\/\/dones.gencat.cat\/ca\/ambits\/violencia_masclista\/AgafaElGuant\/<\/a><\/p>\n<p align=\"JUSTIFY\">\n","protected":false},"excerpt":{"rendered":"<p>Des de l\u2019Institut Catal\u00e0 de les Dones s&#8217;ha posat en marxa la campanya de sensiblitzaci\u00f3 #AgafaElGuant Infants i joves lliures de viol\u00e8ncies masclistes\u00a0per fer front a les viol\u00e8ncies masclistes en el marc de la crisi de la Covid19.\u00a0 Ens preocupa que la\u00a0conviv\u00e8ncia for\u00e7ada amb agressors, una connectivitat m\u00e9s intensa a internet i els canvis en [&hellip;]<\/p>\n","protected":false},"author":1,"featured_media":14779,"comment_status":"open","ping_status":"closed","sticky":false,"template":"","format":"standard","meta":{"_bbp_topic_count":0,"_bbp_reply_count":0,"_bbp_total_topic_count":0,"_bbp_total_reply_count":0,"_bbp_voice_count":0,"_bbp_anonymous_reply_count":0,"_bbp_topic_count_hidden":0,"_bbp_reply_count_hidden":0,"_bbp_forum_subforum_count":0,"site-sidebar-layout":"default","site-content-layout":"","ast-site-content-layout":"","site-content-style":"default","site-sidebar-style":"default","ast-global-header-display":"","ast-banner-title-visibility":"","ast-main-header-display":"","ast-hfb-above-header-display":"","ast-hfb-below-header-display":"","ast-hfb-mobile-header-display":"","site-post-title":"","ast-breadcrumbs-content":"","ast-featured-img":"","footer-sml-layout":"","theme-transparent-header-meta":"","adv-header-id-meta":"","stick-header-meta":"","header-above-stick-meta":"","header-main-stick-meta":"","header-below-stick-meta":"","astra-migrate-meta-layouts":"default","ast-page-background-enabled":"default","ast-page-background-meta":{"desktop":{"background-color":"var(--ast-global-color-4)","background-image":"","background-repeat":"repeat","background-position":"center center","background-size":"auto","background-attachment":"scroll","background-type":"","background-media":"","overlay-type":"","overlay-color":"","overlay-opacity":"","overlay-gradient":""},"tablet":{"background-color":"","background-image":"","background-repeat":"repeat","background-position":"center center","background-size":"auto","background-attachment":"scroll","background-type":"","background-media":"","overlay-type":"","overlay-color":"","overlay-opacity":"","overlay-gradient":""},"mobile":{"background-color":"","background-image":"","background-repeat":"repeat","background-position":"center center","background-size":"auto","background-attachment":"scroll","background-type":"","background-media":"","overlay-type":"","overlay-color":"","overlay-opacity":"","overlay-gradient":""}},"ast-content-background-meta":{"desktop":{"background-color":"var(--ast-global-color-5)","background-image":"","background-repeat":"repeat","background-position":"center center","background-size":"auto","background-attachment":"scroll","background-type":"","background-media":"","overlay-type":"","overlay-color":"","overlay-opacity":"","overlay-gradient":""},"tablet":{"background-color":"var(--ast-global-color-5)","background-image":"","background-repeat":"repeat","background-position":"center center","background-size":"auto","background-attachment":"scroll","background-type":"","background-media":"","overlay-type":"","overlay-color":"","overlay-opacity":"","overlay-gradient":""},"mobile":{"background-color":"var(--ast-global-color-5)","background-image":"","background-repeat":"repeat","background-position":"center center","background-size":"auto","background-attachment":"scroll","background-type":"","background-media":"","overlay-type":"","overlay-color":"","overlay-opacity":"","overlay-gradient":""}},"footnotes":""},"categories":[29],"tags":[673,674],"class_list":["post-14778","post","type-post","status-publish","format-standard","has-post-thumbnail","hentry","category-portada","tag-centreseducatiusenlinia","tag-joemquedoacasa"],"post_mailing_queue_ids":[],"_links":{"self":[{"href":"https:\/\/serveiseducatius.xtec.cat\/vallesoriental4\/wp-json\/wp\/v2\/posts\/14778","targetHints":{"allow":["GET"]}}],"collection":[{"href":"https:\/\/serveiseducatius.xtec.cat\/vallesoriental4\/wp-json\/wp\/v2\/posts"}],"about":[{"href":"https:\/\/serveiseducatius.xtec.cat\/vallesoriental4\/wp-json\/wp\/v2\/types\/post"}],"author":[{"embeddable":true,"href":"https:\/\/serveiseducatius.xtec.cat\/vallesoriental4\/wp-json\/wp\/v2\/users\/1"}],"replies":[{"embeddable":true,"href":"https:\/\/serveiseducatius.xtec.cat\/vallesoriental4\/wp-json\/wp\/v2\/comments?post=14778"}],"version-history":[{"count":3,"href":"https:\/\/serveiseducatius.xtec.cat\/vallesoriental4\/wp-json\/wp\/v2\/posts\/14778\/revisions"}],"predecessor-version":[{"id":14787,"href":"https:\/\/serveiseducatius.xtec.cat\/vallesoriental4\/wp-json\/wp\/v2\/posts\/14778\/revisions\/14787"}],"wp:featuredmedia":[{"embeddable":true,"href":"https:\/\/serveiseducatius.xtec.cat\/vallesoriental4\/wp-json\/wp\/v2\/media\/14779"}],"wp:attachment":[{"href":"https:\/\/serveiseducatius.xtec.cat\/vallesoriental4\/wp-json\/wp\/v2\/media?parent=14778"}],"wp:term":[{"taxonomy":"category","embeddable":true,"href":"https:\/\/serveiseducatius.xtec.cat\/vallesoriental4\/wp-json\/wp\/v2\/categories?post=14778"},{"taxonomy":"post_tag","embeddable":true,"href":"https:\/\/serveiseducatius.xtec.cat\/vallesoriental4\/wp-json\/wp\/v2\/tags?post=14778"}],"curies":[{"name":"wp","href":"https:\/\/api.w.org\/{rel}","templated":true}]}}