{"id":14505,"date":"2020-04-01T09:54:06","date_gmt":"2020-04-01T07:54:06","guid":{"rendered":"http:\/\/serveiseducatius.xtec.cat\/vallesoriental4\/?p=14505"},"modified":"2020-04-01T09:54:06","modified_gmt":"2020-04-01T07:54:06","slug":"connectat-webinar-gratuites-formacio-pere-tarre","status":"publish","type":"post","link":"https:\/\/serveiseducatius.xtec.cat\/vallesoriental4\/portada\/connectat-webinar-gratuites-formacio-pere-tarre\/","title":{"rendered":"Connecta&#8217;t WEBINAR GRATU\u00cfTES Formaci\u00f3 Pere Tarr\u00e9"},"content":{"rendered":"<p><img loading=\"lazy\" decoding=\"async\" class=\"size-medium wp-image-14506 alignleft\" src=\"https:\/\/serveiseducatius.xtec.cat\/vallesoriental4\/wp-content\/uploads\/usu1133\/2020\/04\/unnamed-300x135.jpg\" alt=\"\" width=\"300\" height=\"135\" srcset=\"https:\/\/serveiseducatius.xtec.cat\/vallesoriental4\/wp-content\/uploads\/usu1133\/2020\/04\/unnamed-300x135.jpg 300w, https:\/\/serveiseducatius.xtec.cat\/vallesoriental4\/wp-content\/uploads\/usu1133\/2020\/04\/unnamed.jpg 600w\" sizes=\"auto, (max-width: 300px) 100vw, 300px\" \/><a href=\"https:\/\/serveiseducatius.xtec.cat\/vallesoriental4\/wp-content\/uploads\/usu1133\/2020\/04\/unnamed-2.jpg\"><img loading=\"lazy\" decoding=\"async\" class=\"size-medium wp-image-14508 alignleft\" src=\"https:\/\/serveiseducatius.xtec.cat\/vallesoriental4\/wp-content\/uploads\/usu1133\/2020\/04\/unnamed-2-300x96.jpg\" alt=\"\" width=\"300\" height=\"96\" srcset=\"https:\/\/serveiseducatius.xtec.cat\/vallesoriental4\/wp-content\/uploads\/usu1133\/2020\/04\/unnamed-2-300x96.jpg 300w, https:\/\/serveiseducatius.xtec.cat\/vallesoriental4\/wp-content\/uploads\/usu1133\/2020\/04\/unnamed-2.jpg 600w\" sizes=\"auto, (max-width: 300px) 100vw, 300px\" \/><\/a> <a href=\"https:\/\/serveiseducatius.xtec.cat\/vallesoriental4\/wp-content\/uploads\/usu1133\/2020\/04\/unnamed-3.jpg\"><img loading=\"lazy\" decoding=\"async\" class=\"size-medium wp-image-14509 alignleft\" src=\"https:\/\/serveiseducatius.xtec.cat\/vallesoriental4\/wp-content\/uploads\/usu1133\/2020\/04\/unnamed-3-300x99.jpg\" alt=\"\" width=\"300\" height=\"99\" srcset=\"https:\/\/serveiseducatius.xtec.cat\/vallesoriental4\/wp-content\/uploads\/usu1133\/2020\/04\/unnamed-3-300x99.jpg 300w, https:\/\/serveiseducatius.xtec.cat\/vallesoriental4\/wp-content\/uploads\/usu1133\/2020\/04\/unnamed-3.jpg 600w\" sizes=\"auto, (max-width: 300px) 100vw, 300px\" \/><\/a> <a href=\"https:\/\/serveiseducatius.xtec.cat\/vallesoriental4\/wp-content\/uploads\/usu1133\/2020\/04\/unnamed-4.jpg\"><img loading=\"lazy\" decoding=\"async\" class=\"size-medium wp-image-14510 alignleft\" src=\"https:\/\/serveiseducatius.xtec.cat\/vallesoriental4\/wp-content\/uploads\/usu1133\/2020\/04\/unnamed-4-300x36.jpg\" alt=\"\" width=\"300\" height=\"36\" srcset=\"https:\/\/serveiseducatius.xtec.cat\/vallesoriental4\/wp-content\/uploads\/usu1133\/2020\/04\/unnamed-4-300x36.jpg 300w, https:\/\/serveiseducatius.xtec.cat\/vallesoriental4\/wp-content\/uploads\/usu1133\/2020\/04\/unnamed-4.jpg 401w\" sizes=\"auto, (max-width: 300px) 100vw, 300px\" \/><\/a><a href=\"https:\/\/serveiseducatius.xtec.cat\/vallesoriental4\/wp-content\/uploads\/usu1133\/2020\/04\/unnamed.jpg\"><br \/>\n<\/a><\/p>\n<p><a class=\"title\" href=\"https:\/\/www.peretarres.org\/premsa\/sala-de-premsa\/noticies\/campanya-per-oferir-recursos-educatius-per-als-dies-de-confinament\">La Fundaci\u00f3 Pere Tarr\u00e9s llan\u00e7a una campanya digital per oferir a fam\u00edlies i infants recursos educatius per als dies de confinament<\/a><\/p>\n<p>&nbsp;<\/p>\n<p><img loading=\"lazy\" decoding=\"async\" class=\"size-medium wp-image-14507 alignleft\" src=\"https:\/\/serveiseducatius.xtec.cat\/vallesoriental4\/wp-content\/uploads\/usu1133\/2020\/04\/unnamed-1-300x96.jpg\" alt=\"\" width=\"300\" height=\"96\" srcset=\"https:\/\/serveiseducatius.xtec.cat\/vallesoriental4\/wp-content\/uploads\/usu1133\/2020\/04\/unnamed-1-300x96.jpg 300w, https:\/\/serveiseducatius.xtec.cat\/vallesoriental4\/wp-content\/uploads\/usu1133\/2020\/04\/unnamed-1.jpg 600w\" sizes=\"auto, (max-width: 300px) 100vw, 300px\" \/><\/p>\n<p style=\"text-align: center;\"><a href=\"https:\/\/www.emx2000.net\/EMStatLink.aspx?URL=https:\/\/www.google.com\/maps?ll=41.403324,2.154444emAMPemz=15emAMPemt=memAMPemhl=es-ESemAMPemgl=ESemAMPemmapclient=embedemAMPemcid=10798320316914487313&amp;CID=0N99-855Sal097-9V&amp;RID=7867&amp;PID=59781&amp;EID=064361&amp;RCID=1218&amp;Mail=g1x7x7g8@c8v8.0zz&amp;IDM=14571413\" target=\"_blank\" rel=\"noopener noreferrer\" data-saferedirecturl=\"https:\/\/www.google.com\/url?q=https:\/\/www.emx2000.net\/EMStatLink.aspx?URL%3Dhttps:\/\/www.google.com\/maps?ll%3D41.403324,2.154444emAMPemz%3D15emAMPemt%3DmemAMPemhl%3Des-ESemAMPemgl%3DESemAMPemmapclient%3DembedemAMPemcid%3D10798320316914487313%26CID%3D0N99-855Sal097-9V%26RID%3D7867%26PID%3D59781%26EID%3D064361%26RCID%3D1218%26Mail%3Dg1x7x7g8@c8v8.0zz%26IDM%3D14571413&amp;source=gmail&amp;ust=1585813210799000&amp;usg=AFQjCNERGzITSil3PYLVmEx_O98xTeZDQg\">Carolines, 10<\/a>\u00a0<span style=\"color: #ff6600;\"><strong>|<\/strong><\/span>\u00a008012 Barcelona\u00a0<span style=\"color: #ff6600;\"><strong>|<\/strong><\/span>\u00a0Tel. 93 410 16 02\u00a0<span style=\"color: #ff6600;\"><strong>|<\/strong><\/span><a href=\"https:\/\/www.emx2000.net\/EMStatLink.aspx?URL=https:\/\/www.peretarres.org\/formacio\/cursos-online?utm_source=newsletteremAMPemutm_medium=emailemAMPemutm_campaign=webinars310320&amp;CID=0N99-855Sal097-9V&amp;RID=7867&amp;PID=59781&amp;EID=064361&amp;RCID=1218&amp;Mail=g1x7x7g8@c8v8.0zz&amp;IDM=14571413\" target=\"_blank\" rel=\"noopener noreferrer\" data-saferedirecturl=\"https:\/\/www.google.com\/url?q=https:\/\/www.emx2000.net\/EMStatLink.aspx?URL%3Dhttps:\/\/www.peretarres.org\/formacio\/cursos-online?utm_source%3DnewsletteremAMPemutm_medium%3DemailemAMPemutm_campaign%3Dwebinars310320%26CID%3D0N99-855Sal097-9V%26RID%3D7867%26PID%3D59781%26EID%3D064361%26RCID%3D1218%26Mail%3Dg1x7x7g8@c8v8.0zz%26IDM%3D14571413&amp;source=gmail&amp;ust=1585813210799000&amp;usg=AFQjCNEiTRMuQZiTNX-ubmabHj2VbQ_Uhw\">\u00a0www.peretarres.org\/formacio\/<wbr \/>cursos-online<\/a><\/p>\n","protected":false},"excerpt":{"rendered":"<p>La Fundaci\u00f3 Pere Tarr\u00e9s llan\u00e7a una campanya digital per oferir a fam\u00edlies i infants recursos educatius per als dies de confinament &nbsp; Carolines, 10\u00a0|\u00a008012 Barcelona\u00a0|\u00a0Tel. 93 410 16 02\u00a0|\u00a0www.peretarres.org\/formacio\/cursos-online<\/p>\n","protected":false},"author":1,"featured_media":14506,"comment_status":"open","ping_status":"closed","sticky":false,"template":"","format":"standard","meta":{"_bbp_topic_count":0,"_bbp_reply_count":0,"_bbp_total_topic_count":0,"_bbp_total_reply_count":0,"_bbp_voice_count":0,"_bbp_anonymous_reply_count":0,"_bbp_topic_count_hidden":0,"_bbp_reply_count_hidden":0,"_bbp_forum_subforum_count":0,"site-sidebar-layout":"default","site-content-layout":"","ast-site-content-layout":"","site-content-style":"default","site-sidebar-style":"default","ast-global-header-display":"","ast-banner-title-visibility":"","ast-main-header-display":"","ast-hfb-above-header-display":"","ast-hfb-below-header-display":"","ast-hfb-mobile-header-display":"","site-post-title":"","ast-breadcrumbs-content":"","ast-featured-img":"","footer-sml-layout":"","theme-transparent-header-meta":"","adv-header-id-meta":"","stick-header-meta":"","header-above-stick-meta":"","header-main-stick-meta":"","header-below-stick-meta":"","astra-migrate-meta-layouts":"default","ast-page-background-enabled":"default","ast-page-background-meta":{"desktop":{"background-color":"var(--ast-global-color-4)","background-image":"","background-repeat":"repeat","background-position":"center center","background-size":"auto","background-attachment":"scroll","background-type":"","background-media":"","overlay-type":"","overlay-color":"","overlay-opacity":"","overlay-gradient":""},"tablet":{"background-color":"","background-image":"","background-repeat":"repeat","background-position":"center center","background-size":"auto","background-attachment":"scroll","background-type":"","background-media":"","overlay-type":"","overlay-color":"","overlay-opacity":"","overlay-gradient":""},"mobile":{"background-color":"","background-image":"","background-repeat":"repeat","background-position":"center center","background-size":"auto","background-attachment":"scroll","background-type":"","background-media":"","overlay-type":"","overlay-color":"","overlay-opacity":"","overlay-gradient":""}},"ast-content-background-meta":{"desktop":{"background-color":"var(--ast-global-color-5)","background-image":"","background-repeat":"repeat","background-position":"center center","background-size":"auto","background-attachment":"scroll","background-type":"","background-media":"","overlay-type":"","overlay-color":"","overlay-opacity":"","overlay-gradient":""},"tablet":{"background-color":"var(--ast-global-color-5)","background-image":"","background-repeat":"repeat","background-position":"center center","background-size":"auto","background-attachment":"scroll","background-type":"","background-media":"","overlay-type":"","overlay-color":"","overlay-opacity":"","overlay-gradient":""},"mobile":{"background-color":"var(--ast-global-color-5)","background-image":"","background-repeat":"repeat","background-position":"center center","background-size":"auto","background-attachment":"scroll","background-type":"","background-media":"","overlay-type":"","overlay-color":"","overlay-opacity":"","overlay-gradient":""}},"footnotes":""},"categories":[29],"tags":[673,674],"class_list":["post-14505","post","type-post","status-publish","format-standard","has-post-thumbnail","hentry","category-portada","tag-centreseducatiusenlinia","tag-joemquedoacasa"],"post_mailing_queue_ids":[],"_links":{"self":[{"href":"https:\/\/serveiseducatius.xtec.cat\/vallesoriental4\/wp-json\/wp\/v2\/posts\/14505","targetHints":{"allow":["GET"]}}],"collection":[{"href":"https:\/\/serveiseducatius.xtec.cat\/vallesoriental4\/wp-json\/wp\/v2\/posts"}],"about":[{"href":"https:\/\/serveiseducatius.xtec.cat\/vallesoriental4\/wp-json\/wp\/v2\/types\/post"}],"author":[{"embeddable":true,"href":"https:\/\/serveiseducatius.xtec.cat\/vallesoriental4\/wp-json\/wp\/v2\/users\/1"}],"replies":[{"embeddable":true,"href":"https:\/\/serveiseducatius.xtec.cat\/vallesoriental4\/wp-json\/wp\/v2\/comments?post=14505"}],"version-history":[{"count":2,"href":"https:\/\/serveiseducatius.xtec.cat\/vallesoriental4\/wp-json\/wp\/v2\/posts\/14505\/revisions"}],"predecessor-version":[{"id":14512,"href":"https:\/\/serveiseducatius.xtec.cat\/vallesoriental4\/wp-json\/wp\/v2\/posts\/14505\/revisions\/14512"}],"wp:featuredmedia":[{"embeddable":true,"href":"https:\/\/serveiseducatius.xtec.cat\/vallesoriental4\/wp-json\/wp\/v2\/media\/14506"}],"wp:attachment":[{"href":"https:\/\/serveiseducatius.xtec.cat\/vallesoriental4\/wp-json\/wp\/v2\/media?parent=14505"}],"wp:term":[{"taxonomy":"category","embeddable":true,"href":"https:\/\/serveiseducatius.xtec.cat\/vallesoriental4\/wp-json\/wp\/v2\/categories?post=14505"},{"taxonomy":"post_tag","embeddable":true,"href":"https:\/\/serveiseducatius.xtec.cat\/vallesoriental4\/wp-json\/wp\/v2\/tags?post=14505"}],"curies":[{"name":"wp","href":"https:\/\/api.w.org\/{rel}","templated":true}]}}