{"id":14161,"date":"2020-02-11T17:23:20","date_gmt":"2020-02-11T16:23:20","guid":{"rendered":"http:\/\/serveiseducatius.xtec.cat\/vallesoriental4\/?p=14161"},"modified":"2020-02-11T17:48:33","modified_gmt":"2020-02-11T16:48:33","slug":"dona-la-nota-encara-hi-som-a-temps","status":"publish","type":"post","link":"https:\/\/serveiseducatius.xtec.cat\/vallesoriental4\/portada\/dona-la-nota-encara-hi-som-a-temps\/","title":{"rendered":"Dona la Nota. Encara hi som a temps."},"content":{"rendered":"<p style=\"font-weight: 400;\">El projecte\u00a0<strong>DONA LA NOTA, encara hi som a temps\u00a0<\/strong>\u00e9s una iniciativa del Departament d\u2019Educaci\u00f3 que pret\u00e9n que nens i nenes, nois i noies dels centres educatius de Catalunya i tota la comunitat educativa,\u00a0<strong>prenguin consci\u00e8ncia sobre el moment que vivim d\u2019emerg\u00e8ncia clim\u00e0tica i ambiental, i participin de forma activa en el seu entorn m\u00e9s proper<\/strong>.<\/p>\n<p><a href=\"https:\/\/serveiseducatius.xtec.cat\/vallesoriental4\/wp-content\/uploads\/usu1133\/2020\/02\/nota.png\"><img loading=\"lazy\" decoding=\"async\" class=\"size-full wp-image-14162 alignleft\" src=\"https:\/\/serveiseducatius.xtec.cat\/vallesoriental4\/wp-content\/uploads\/usu1133\/2020\/02\/nota.png\" alt=\"\" width=\"254\" height=\"180\" \/><\/a><\/p>\n<p style=\"font-weight: 400;\">El dia 28 de gener ja vam fer la presentaci\u00f3 oficial. Per facilitar la concreci\u00f3 de les actuacions, activitats i recursos hem creat un espai\u00a0<a href=\"https:\/\/projectes.xtec.cat\/encara-hi-som-a-temps\/\" data-saferedirecturl=\"https:\/\/www.google.com\/url?q=https:\/\/projectes.xtec.cat\/encara-hi-som-a-temps\/&amp;source=gmail&amp;ust=1581521066265000&amp;usg=AFQjCNEfnhrPekJ-SNSaECTYkhW6FEPFOw\">NODES<\/a>. Volem destacar l\u2019apartat\u00a0<a href=\"https:\/\/projectes.xtec.cat\/encara-hi-som-a-temps\/reptes\/\" data-saferedirecturl=\"https:\/\/www.google.com\/url?q=https:\/\/projectes.xtec.cat\/encara-hi-som-a-temps\/reptes\/&amp;source=gmail&amp;ust=1581521066265000&amp;usg=AFQjCNEQl9Kjde9DVMaTltrvcZEAObi38w\">Reptes<\/a>. En aquest espai convidem a tots els centres a plantejar activitats, iniciatives i projectes al voltant de la problem\u00e0tica i les possibles mesures per a la millora del medi ambient.<\/p>\n<p style=\"font-weight: 400;\">Com a cloenda al projecte,\u00a0<strong>el 5 de juny de 2020 a les 11h del mat\u00ed<\/strong>, coincidint amb la celebraci\u00f3 del\u00a0<strong>Dia Mundial del Medi Ambient<\/strong>, proposem a tots els centres de Catalunya que cantin\u00a0<a href=\"https:\/\/youtu.be\/z5csyfS5B_o\" data-saferedirecturl=\"https:\/\/www.google.com\/url?q=https:\/\/youtu.be\/z5csyfS5B_o&amp;source=gmail&amp;ust=1581521066265000&amp;usg=AFQjCNHTx9EVqnbgPtAtPTf95XbiJsT5DA\">la can\u00e7\u00f3 \u201cNo ens desdibuixeu<\/a>\u201d. Un tema creat pel Petit Taller de Can\u00e7ons, del\u00a0 Camp d\u2019Aprenentatge Pau Casals (El Vendrell).<\/p>\n<p style=\"font-weight: 400;\">En aquesta mateixa diada es concretar\u00e0 la proposta de fer un gran concert per poder celebrar-ho conjuntament. Us anirem informant i concretant d&#8217;aquesta iniciativa.<\/p>\n<p style=\"font-weight: 400;\">Us convidem doncs a aprendre aquesta can\u00e7\u00f3 i cantar-la tots junts, als patis, carrers i places dels diferents territoris de Catalunya i arreu del m\u00f3n.Us podreu inscriure a la cantada conjunta a trav\u00e9s del\u00a0<a href=\"https:\/\/projectes.xtec.cat\/encara-hi-som-a-temps\/\" data-saferedirecturl=\"https:\/\/www.google.com\/url?q=https:\/\/projectes.xtec.cat\/encara-hi-som-a-temps\/&amp;source=gmail&amp;ust=1581521066265000&amp;usg=AFQjCNEfnhrPekJ-SNSaECTYkhW6FEPFOw\">NODES<\/a>.<\/p>\n<p>&nbsp;<\/p>\n<p style=\"font-weight: 400;\"><em>\u201cMolta gent petita en lloc petits, fent coses petites per canviar el m\u00f3n\u201d.<\/em><\/p>\n<p>E. Galeano<\/p>\n","protected":false},"excerpt":{"rendered":"<p>El projecte\u00a0DONA LA NOTA, encara hi som a temps\u00a0\u00e9s una iniciativa del Departament d\u2019Educaci\u00f3 que pret\u00e9n que nens i nenes, nois i noies dels centres educatius de Catalunya i tota la comunitat educativa,\u00a0prenguin consci\u00e8ncia sobre el moment que vivim d\u2019emerg\u00e8ncia clim\u00e0tica i ambiental, i participin de forma activa en el seu entorn m\u00e9s proper. El [&hellip;]<\/p>\n","protected":false},"author":1,"featured_media":14162,"comment_status":"open","ping_status":"closed","sticky":false,"template":"","format":"standard","meta":{"_bbp_topic_count":0,"_bbp_reply_count":0,"_bbp_total_topic_count":0,"_bbp_total_reply_count":0,"_bbp_voice_count":0,"_bbp_anonymous_reply_count":0,"_bbp_topic_count_hidden":0,"_bbp_reply_count_hidden":0,"_bbp_forum_subforum_count":0,"site-sidebar-layout":"default","site-content-layout":"","ast-site-content-layout":"","site-content-style":"default","site-sidebar-style":"default","ast-global-header-display":"","ast-banner-title-visibility":"","ast-main-header-display":"","ast-hfb-above-header-display":"","ast-hfb-below-header-display":"","ast-hfb-mobile-header-display":"","site-post-title":"","ast-breadcrumbs-content":"","ast-featured-img":"","footer-sml-layout":"","theme-transparent-header-meta":"","adv-header-id-meta":"","stick-header-meta":"","header-above-stick-meta":"","header-main-stick-meta":"","header-below-stick-meta":"","astra-migrate-meta-layouts":"default","ast-page-background-enabled":"default","ast-page-background-meta":{"desktop":{"background-color":"var(--ast-global-color-4)","background-image":"","background-repeat":"repeat","background-position":"center center","background-size":"auto","background-attachment":"scroll","background-type":"","background-media":"","overlay-type":"","overlay-color":"","overlay-opacity":"","overlay-gradient":""},"tablet":{"background-color":"","background-image":"","background-repeat":"repeat","background-position":"center center","background-size":"auto","background-attachment":"scroll","background-type":"","background-media":"","overlay-type":"","overlay-color":"","overlay-opacity":"","overlay-gradient":""},"mobile":{"background-color":"","background-image":"","background-repeat":"repeat","background-position":"center center","background-size":"auto","background-attachment":"scroll","background-type":"","background-media":"","overlay-type":"","overlay-color":"","overlay-opacity":"","overlay-gradient":""}},"ast-content-background-meta":{"desktop":{"background-color":"var(--ast-global-color-5)","background-image":"","background-repeat":"repeat","background-position":"center center","background-size":"auto","background-attachment":"scroll","background-type":"","background-media":"","overlay-type":"","overlay-color":"","overlay-opacity":"","overlay-gradient":""},"tablet":{"background-color":"var(--ast-global-color-5)","background-image":"","background-repeat":"repeat","background-position":"center center","background-size":"auto","background-attachment":"scroll","background-type":"","background-media":"","overlay-type":"","overlay-color":"","overlay-opacity":"","overlay-gradient":""},"mobile":{"background-color":"var(--ast-global-color-5)","background-image":"","background-repeat":"repeat","background-position":"center center","background-size":"auto","background-attachment":"scroll","background-type":"","background-media":"","overlay-type":"","overlay-color":"","overlay-opacity":"","overlay-gradient":""}},"footnotes":""},"categories":[29],"tags":[],"class_list":["post-14161","post","type-post","status-publish","format-standard","has-post-thumbnail","hentry","category-portada"],"post_mailing_queue_ids":[],"_links":{"self":[{"href":"https:\/\/serveiseducatius.xtec.cat\/vallesoriental4\/wp-json\/wp\/v2\/posts\/14161","targetHints":{"allow":["GET"]}}],"collection":[{"href":"https:\/\/serveiseducatius.xtec.cat\/vallesoriental4\/wp-json\/wp\/v2\/posts"}],"about":[{"href":"https:\/\/serveiseducatius.xtec.cat\/vallesoriental4\/wp-json\/wp\/v2\/types\/post"}],"author":[{"embeddable":true,"href":"https:\/\/serveiseducatius.xtec.cat\/vallesoriental4\/wp-json\/wp\/v2\/users\/1"}],"replies":[{"embeddable":true,"href":"https:\/\/serveiseducatius.xtec.cat\/vallesoriental4\/wp-json\/wp\/v2\/comments?post=14161"}],"version-history":[{"count":3,"href":"https:\/\/serveiseducatius.xtec.cat\/vallesoriental4\/wp-json\/wp\/v2\/posts\/14161\/revisions"}],"predecessor-version":[{"id":14173,"href":"https:\/\/serveiseducatius.xtec.cat\/vallesoriental4\/wp-json\/wp\/v2\/posts\/14161\/revisions\/14173"}],"wp:featuredmedia":[{"embeddable":true,"href":"https:\/\/serveiseducatius.xtec.cat\/vallesoriental4\/wp-json\/wp\/v2\/media\/14162"}],"wp:attachment":[{"href":"https:\/\/serveiseducatius.xtec.cat\/vallesoriental4\/wp-json\/wp\/v2\/media?parent=14161"}],"wp:term":[{"taxonomy":"category","embeddable":true,"href":"https:\/\/serveiseducatius.xtec.cat\/vallesoriental4\/wp-json\/wp\/v2\/categories?post=14161"},{"taxonomy":"post_tag","embeddable":true,"href":"https:\/\/serveiseducatius.xtec.cat\/vallesoriental4\/wp-json\/wp\/v2\/tags?post=14161"}],"curies":[{"name":"wp","href":"https:\/\/api.w.org\/{rel}","templated":true}]}}