{"id":14060,"date":"2019-11-12T09:55:27","date_gmt":"2019-11-12T08:55:27","guid":{"rendered":"http:\/\/serveiseducatius.xtec.cat\/vallesoriental4\/?p=14060"},"modified":"2019-11-12T09:55:27","modified_gmt":"2019-11-12T08:55:27","slug":"jornada-sobre-la-gestio-de-patis-en-els-centres-educatius-pec-caldes-de-montbui","status":"publish","type":"post","link":"https:\/\/serveiseducatius.xtec.cat\/vallesoriental4\/portada\/jornada-sobre-la-gestio-de-patis-en-els-centres-educatius-pec-caldes-de-montbui\/","title":{"rendered":"\u00abJORNADA SOBRE LA GESTI\u00d3 DE PATIS EN ELS CENTRES EDUCATIUS\u00bb PEC, Caldes de Montbui"},"content":{"rendered":"<p><span style=\"color: #000000;\"><span style=\"font-family: Ubuntu;\"><span style=\"font-size: medium;\"><b>\u00abJORNADA SOBRE LA GESTI\u00d3 DE PATIS EN ELS CENTRES EDUCATIUS\u00bb<\/b> tindr\u00e0 lloc en la data, hora i lloc que us detallem a continuaci\u00f3:<a href=\"https:\/\/serveiseducatius.xtec.cat\/vallesoriental4\/wp-content\/uploads\/usu1133\/2019\/11\/Cartell-Jornada-Patis-21.jpg\"><img loading=\"lazy\" decoding=\"async\" class=\"alignright size-medium wp-image-14061\" src=\"https:\/\/serveiseducatius.xtec.cat\/vallesoriental4\/wp-content\/uploads\/usu1133\/2019\/11\/Cartell-Jornada-Patis-21-212x300.jpg\" alt=\"\" width=\"212\" height=\"300\" srcset=\"https:\/\/serveiseducatius.xtec.cat\/vallesoriental4\/wp-content\/uploads\/usu1133\/2019\/11\/Cartell-Jornada-Patis-21-212x300.jpg 212w, https:\/\/serveiseducatius.xtec.cat\/vallesoriental4\/wp-content\/uploads\/usu1133\/2019\/11\/Cartell-Jornada-Patis-21.jpg 226w\" sizes=\"auto, (max-width: 212px) 100vw, 212px\" \/><\/a><\/span><\/span><\/span><\/p>\n<p><span style=\"color: #000000;\"><span style=\"font-family: Ubuntu;\"><span style=\"font-size: medium;\"><b>dia : dissabte, 23 de novembre de 2019<\/b><\/span><\/span><\/span><\/p>\n<p><span style=\"color: #000000;\"><span style=\"font-family: Ubuntu;\"><span style=\"font-size: medium;\"><b>hora : de 9.30h a 13.30h <\/b>( veure document adjunt \u2013 temporitzaci\u00f3 jornada)<\/span><\/span><\/span><\/p>\n<p><span style=\"color: #000000;\"><span style=\"font-family: Ubuntu;\"><span style=\"font-size: medium;\"><b>Lloc : Sales A i B de Les Cases dels Mestres ( Planta baixa). <\/b><\/span><\/span><\/span><\/p>\n<p>PROGRAMA: <a href=\"https:\/\/serveiseducatius.xtec.cat\/vallesoriental4\/wp-content\/uploads\/usu1133\/2019\/11\/Programa-Jornada-Patis-3-11.pdf\">Programa Jornada Patis <\/a><\/p>\n<p><span style=\"color: #000000;\"><span style=\"font-family: Ubuntu;\"><span style=\"font-size: large;\"><span style=\"font-size: medium;\"><b>Cal inscripci\u00f3 pr\u00e8via a l&#8217;enlla\u00e7 :<\/b><\/span><span style=\"font-size: medium;\"><br \/>\n<\/span><\/span><\/span><\/span><\/p>\n<p><span style=\"color: #000000;\"><span style=\"font-family: Ubuntu;\"><span style=\"font-size: large;\"><a href=\"https:\/\/docs.google.com\/forms\/d\/1ePyLtOxIRL46cGw8_4fvrCB1_JZgBPpZfjVERKjnzW4\/edit\" target=\"_blank\" rel=\"noopener noreferrer\" data-saferedirecturl=\"https:\/\/www.google.com\/url?q=https:\/\/docs.google.com\/forms\/d\/1ePyLtOxIRL46cGw8_4fvrCB1_JZgBPpZfjVERKjnzW4\/edit&amp;source=gmail&amp;ust=1573634911772000&amp;usg=AFQjCNF4SOWauA75QTIDp4jB_VwCIXswCQ\"><span style=\"font-size: medium;\">https:\/\/docs.google.com\/for\/\/<wbr \/>1ePyLtOxIRL46cGw8_4fvrCB1_<wbr \/>JZgBPpZfjVERKjnzW4\/edit<\/span><\/a><\/span><\/span><\/span><\/p>\n<p><span style=\"color: #000000;\"><span style=\"font-family: Ubuntu;\"><span style=\"font-size: large;\"><span style=\"font-size: medium;\">Tamb\u00e9 us podeu inscriure al correu : <a href=\"mailto:pec@caldesdemontbui.cat\" target=\"_blank\" rel=\"noopener noreferrer\">pec@caldesdemontbui.cat<\/a>, indicant lel vostre nom i dades de contacte o al tel\u00e8fon de Serveis Personals de l&#8217;Ajuntament de Caldes de Montbui: <\/span><span style=\"font-size: medium;\">93.862.70.24.<\/span><\/span><\/span><\/span><\/p>\n","protected":false},"excerpt":{"rendered":"<p>\u00abJORNADA SOBRE LA GESTI\u00d3 DE PATIS EN ELS CENTRES EDUCATIUS\u00bb tindr\u00e0 lloc en la data, hora i lloc que us detallem a continuaci\u00f3: dia : dissabte, 23 de novembre de 2019 hora : de 9.30h a 13.30h ( veure document adjunt \u2013 temporitzaci\u00f3 jornada) Lloc : Sales A i B de Les Cases dels Mestres [&hellip;]<\/p>\n","protected":false},"author":1,"featured_media":14061,"comment_status":"open","ping_status":"closed","sticky":false,"template":"","format":"standard","meta":{"_bbp_topic_count":0,"_bbp_reply_count":0,"_bbp_total_topic_count":0,"_bbp_total_reply_count":0,"_bbp_voice_count":0,"_bbp_anonymous_reply_count":0,"_bbp_topic_count_hidden":0,"_bbp_reply_count_hidden":0,"_bbp_forum_subforum_count":0,"site-sidebar-layout":"default","site-content-layout":"","ast-site-content-layout":"","site-content-style":"default","site-sidebar-style":"default","ast-global-header-display":"","ast-banner-title-visibility":"","ast-main-header-display":"","ast-hfb-above-header-display":"","ast-hfb-below-header-display":"","ast-hfb-mobile-header-display":"","site-post-title":"","ast-breadcrumbs-content":"","ast-featured-img":"","footer-sml-layout":"","theme-transparent-header-meta":"","adv-header-id-meta":"","stick-header-meta":"","header-above-stick-meta":"","header-main-stick-meta":"","header-below-stick-meta":"","astra-migrate-meta-layouts":"default","ast-page-background-enabled":"default","ast-page-background-meta":{"desktop":{"background-color":"var(--ast-global-color-4)","background-image":"","background-repeat":"repeat","background-position":"center center","background-size":"auto","background-attachment":"scroll","background-type":"","background-media":"","overlay-type":"","overlay-color":"","overlay-opacity":"","overlay-gradient":""},"tablet":{"background-color":"","background-image":"","background-repeat":"repeat","background-position":"center center","background-size":"auto","background-attachment":"scroll","background-type":"","background-media":"","overlay-type":"","overlay-color":"","overlay-opacity":"","overlay-gradient":""},"mobile":{"background-color":"","background-image":"","background-repeat":"repeat","background-position":"center center","background-size":"auto","background-attachment":"scroll","background-type":"","background-media":"","overlay-type":"","overlay-color":"","overlay-opacity":"","overlay-gradient":""}},"ast-content-background-meta":{"desktop":{"background-color":"var(--ast-global-color-5)","background-image":"","background-repeat":"repeat","background-position":"center center","background-size":"auto","background-attachment":"scroll","background-type":"","background-media":"","overlay-type":"","overlay-color":"","overlay-opacity":"","overlay-gradient":""},"tablet":{"background-color":"var(--ast-global-color-5)","background-image":"","background-repeat":"repeat","background-position":"center center","background-size":"auto","background-attachment":"scroll","background-type":"","background-media":"","overlay-type":"","overlay-color":"","overlay-opacity":"","overlay-gradient":""},"mobile":{"background-color":"var(--ast-global-color-5)","background-image":"","background-repeat":"repeat","background-position":"center center","background-size":"auto","background-attachment":"scroll","background-type":"","background-media":"","overlay-type":"","overlay-color":"","overlay-opacity":"","overlay-gradient":""}},"footnotes":""},"categories":[29],"tags":[],"class_list":["post-14060","post","type-post","status-publish","format-standard","has-post-thumbnail","hentry","category-portada"],"post_mailing_queue_ids":[],"_links":{"self":[{"href":"https:\/\/serveiseducatius.xtec.cat\/vallesoriental4\/wp-json\/wp\/v2\/posts\/14060","targetHints":{"allow":["GET"]}}],"collection":[{"href":"https:\/\/serveiseducatius.xtec.cat\/vallesoriental4\/wp-json\/wp\/v2\/posts"}],"about":[{"href":"https:\/\/serveiseducatius.xtec.cat\/vallesoriental4\/wp-json\/wp\/v2\/types\/post"}],"author":[{"embeddable":true,"href":"https:\/\/serveiseducatius.xtec.cat\/vallesoriental4\/wp-json\/wp\/v2\/users\/1"}],"replies":[{"embeddable":true,"href":"https:\/\/serveiseducatius.xtec.cat\/vallesoriental4\/wp-json\/wp\/v2\/comments?post=14060"}],"version-history":[{"count":1,"href":"https:\/\/serveiseducatius.xtec.cat\/vallesoriental4\/wp-json\/wp\/v2\/posts\/14060\/revisions"}],"predecessor-version":[{"id":14063,"href":"https:\/\/serveiseducatius.xtec.cat\/vallesoriental4\/wp-json\/wp\/v2\/posts\/14060\/revisions\/14063"}],"wp:featuredmedia":[{"embeddable":true,"href":"https:\/\/serveiseducatius.xtec.cat\/vallesoriental4\/wp-json\/wp\/v2\/media\/14061"}],"wp:attachment":[{"href":"https:\/\/serveiseducatius.xtec.cat\/vallesoriental4\/wp-json\/wp\/v2\/media?parent=14060"}],"wp:term":[{"taxonomy":"category","embeddable":true,"href":"https:\/\/serveiseducatius.xtec.cat\/vallesoriental4\/wp-json\/wp\/v2\/categories?post=14060"},{"taxonomy":"post_tag","embeddable":true,"href":"https:\/\/serveiseducatius.xtec.cat\/vallesoriental4\/wp-json\/wp\/v2\/tags?post=14060"}],"curies":[{"name":"wp","href":"https:\/\/api.w.org\/{rel}","templated":true}]}}