{"id":13959,"date":"2019-09-20T09:35:47","date_gmt":"2019-09-20T07:35:47","guid":{"rendered":"http:\/\/serveiseducatius.xtec.cat\/vallesoriental4\/?p=13959"},"modified":"2019-09-20T09:35:47","modified_gmt":"2019-09-20T07:35:47","slug":"x-jornades-de-reflexio-i-recerca-psicomotricitat-i-escola","status":"publish","type":"post","link":"https:\/\/serveiseducatius.xtec.cat\/vallesoriental4\/portada\/x-jornades-de-reflexio-i-recerca-psicomotricitat-i-escola\/","title":{"rendered":"X Jornades de Reflexi\u00f3 i Recerca: Psicomotricitat i Escola"},"content":{"rendered":"<p>Les \u201c<b>X Jornades de Reflexi\u00f3 i Recerca: Psicomotricitat i Escola<\/b>\u201d que es realitzaran el\u00a0<b>8 i 9 de novembre<\/b>\u00a0de 2019 a la Universitat Aut\u00f2noma de Barcelona. En aquesta X edici\u00f3 la tem\u00e0tica ser\u00e0 \u201c<b>l\u2019adult: una pres\u00e8ncia que acompanya<\/b><i>\u201d.<\/i><\/p>\n<p>Us facilitem tamb\u00e9 l\u2019enlla\u00e7 a la p\u00e0gina web de les jornades:<\/p>\n<p><a href=\"https:\/\/jornadespsicomotricitat.uab.cat\/\" target=\"_blank\" rel=\"noopener noreferrer\" data-saferedirecturl=\"https:\/\/www.google.com\/url?q=https:\/\/jornadespsicomotricitat.uab.cat\/&amp;source=gmail&amp;ust=1569050339244000&amp;usg=AFQjCNHMykEBCCujw4PeHVWlW0pjRBL6Sw\">https:\/\/<wbr \/>jornadespsicomotricitat.uab.<wbr \/>cat\/<\/a><\/p>\n<p>Tanmateix, aprofitem per recordar que les\u00a0<i>#JornadesPsicoUAB2019\u00a0<\/i>les constru\u00efm entre tots i totes i, per aix\u00f2, en aquesta edici\u00f3 continuem apostant per un\u00a0<b>espai de difusi\u00f3<\/b>\u00a0dins del programa per a que tothom que ho desitgi pugui explicar una\u00a0<b>experi\u00e8ncia educativa<\/b>\u00a0o una\u00a0<b>recerca<\/b>\u00a0relacionada amb la tem\u00e0tica de les jornades.<\/p>\n<p>Fins el\u00a0<b>29 de setembre<\/b>\u00a0estar\u00e0 obert el termini per lliurar al comit\u00e8 organitzador les comunicacions en format escrit (omplint la plantilla que es troba a la p\u00e0gina web). Les comunicacions acceptades es podran presentar de manera oral en les jornades i formaran part de l\u2019espai de difusi\u00f3 d\u2019aquestes.<\/p>\n<p>Finalment, informar-vos que aquesta \u00e9s una formaci\u00f3 reconeguda pel Departament d&#8217;Educaci\u00f3 de la Generalitat de Catalunya.<\/p>\n","protected":false},"excerpt":{"rendered":"<p>Les \u201cX Jornades de Reflexi\u00f3 i Recerca: Psicomotricitat i Escola\u201d que es realitzaran el\u00a08 i 9 de novembre\u00a0de 2019 a la Universitat Aut\u00f2noma de Barcelona. En aquesta X edici\u00f3 la tem\u00e0tica ser\u00e0 \u201cl\u2019adult: una pres\u00e8ncia que acompanya\u201d. Us facilitem tamb\u00e9 l\u2019enlla\u00e7 a la p\u00e0gina web de les jornades: https:\/\/jornadespsicomotricitat.uab.cat\/ Tanmateix, aprofitem per recordar que les\u00a0#JornadesPsicoUAB2019\u00a0les [&hellip;]<\/p>\n","protected":false},"author":1,"featured_media":13960,"comment_status":"open","ping_status":"closed","sticky":false,"template":"","format":"standard","meta":{"_bbp_topic_count":0,"_bbp_reply_count":0,"_bbp_total_topic_count":0,"_bbp_total_reply_count":0,"_bbp_voice_count":0,"_bbp_anonymous_reply_count":0,"_bbp_topic_count_hidden":0,"_bbp_reply_count_hidden":0,"_bbp_forum_subforum_count":0,"site-sidebar-layout":"default","site-content-layout":"","ast-site-content-layout":"","site-content-style":"default","site-sidebar-style":"default","ast-global-header-display":"","ast-banner-title-visibility":"","ast-main-header-display":"","ast-hfb-above-header-display":"","ast-hfb-below-header-display":"","ast-hfb-mobile-header-display":"","site-post-title":"","ast-breadcrumbs-content":"","ast-featured-img":"","footer-sml-layout":"","theme-transparent-header-meta":"","adv-header-id-meta":"","stick-header-meta":"","header-above-stick-meta":"","header-main-stick-meta":"","header-below-stick-meta":"","astra-migrate-meta-layouts":"default","ast-page-background-enabled":"default","ast-page-background-meta":{"desktop":{"background-color":"var(--ast-global-color-4)","background-image":"","background-repeat":"repeat","background-position":"center center","background-size":"auto","background-attachment":"scroll","background-type":"","background-media":"","overlay-type":"","overlay-color":"","overlay-opacity":"","overlay-gradient":""},"tablet":{"background-color":"","background-image":"","background-repeat":"repeat","background-position":"center center","background-size":"auto","background-attachment":"scroll","background-type":"","background-media":"","overlay-type":"","overlay-color":"","overlay-opacity":"","overlay-gradient":""},"mobile":{"background-color":"","background-image":"","background-repeat":"repeat","background-position":"center center","background-size":"auto","background-attachment":"scroll","background-type":"","background-media":"","overlay-type":"","overlay-color":"","overlay-opacity":"","overlay-gradient":""}},"ast-content-background-meta":{"desktop":{"background-color":"var(--ast-global-color-5)","background-image":"","background-repeat":"repeat","background-position":"center center","background-size":"auto","background-attachment":"scroll","background-type":"","background-media":"","overlay-type":"","overlay-color":"","overlay-opacity":"","overlay-gradient":""},"tablet":{"background-color":"var(--ast-global-color-5)","background-image":"","background-repeat":"repeat","background-position":"center center","background-size":"auto","background-attachment":"scroll","background-type":"","background-media":"","overlay-type":"","overlay-color":"","overlay-opacity":"","overlay-gradient":""},"mobile":{"background-color":"var(--ast-global-color-5)","background-image":"","background-repeat":"repeat","background-position":"center center","background-size":"auto","background-attachment":"scroll","background-type":"","background-media":"","overlay-type":"","overlay-color":"","overlay-opacity":"","overlay-gradient":""}},"footnotes":""},"categories":[29],"tags":[],"class_list":["post-13959","post","type-post","status-publish","format-standard","has-post-thumbnail","hentry","category-portada"],"post_mailing_queue_ids":[],"_links":{"self":[{"href":"https:\/\/serveiseducatius.xtec.cat\/vallesoriental4\/wp-json\/wp\/v2\/posts\/13959","targetHints":{"allow":["GET"]}}],"collection":[{"href":"https:\/\/serveiseducatius.xtec.cat\/vallesoriental4\/wp-json\/wp\/v2\/posts"}],"about":[{"href":"https:\/\/serveiseducatius.xtec.cat\/vallesoriental4\/wp-json\/wp\/v2\/types\/post"}],"author":[{"embeddable":true,"href":"https:\/\/serveiseducatius.xtec.cat\/vallesoriental4\/wp-json\/wp\/v2\/users\/1"}],"replies":[{"embeddable":true,"href":"https:\/\/serveiseducatius.xtec.cat\/vallesoriental4\/wp-json\/wp\/v2\/comments?post=13959"}],"version-history":[{"count":1,"href":"https:\/\/serveiseducatius.xtec.cat\/vallesoriental4\/wp-json\/wp\/v2\/posts\/13959\/revisions"}],"predecessor-version":[{"id":13961,"href":"https:\/\/serveiseducatius.xtec.cat\/vallesoriental4\/wp-json\/wp\/v2\/posts\/13959\/revisions\/13961"}],"wp:featuredmedia":[{"embeddable":true,"href":"https:\/\/serveiseducatius.xtec.cat\/vallesoriental4\/wp-json\/wp\/v2\/media\/13960"}],"wp:attachment":[{"href":"https:\/\/serveiseducatius.xtec.cat\/vallesoriental4\/wp-json\/wp\/v2\/media?parent=13959"}],"wp:term":[{"taxonomy":"category","embeddable":true,"href":"https:\/\/serveiseducatius.xtec.cat\/vallesoriental4\/wp-json\/wp\/v2\/categories?post=13959"},{"taxonomy":"post_tag","embeddable":true,"href":"https:\/\/serveiseducatius.xtec.cat\/vallesoriental4\/wp-json\/wp\/v2\/tags?post=13959"}],"curies":[{"name":"wp","href":"https:\/\/api.w.org\/{rel}","templated":true}]}}