{"id":13864,"date":"2019-06-28T11:20:22","date_gmt":"2019-06-28T09:20:22","guid":{"rendered":"http:\/\/serveiseducatius.xtec.cat\/vallesoriental4\/?p=13864"},"modified":"2019-06-28T11:56:35","modified_gmt":"2019-06-28T09:56:35","slug":"practiques-educatives-de-referencia-dinnovacio-pedagogica","status":"publish","type":"post","link":"https:\/\/serveiseducatius.xtec.cat\/vallesoriental4\/portada\/practiques-educatives-de-referencia-dinnovacio-pedagogica\/","title":{"rendered":"Pr\u00e0ctiques educatives de refer\u00e8ncia d&#8217;innovaci\u00f3 pedag\u00f2gica"},"content":{"rendered":"<p><a href=\"https:\/\/portaldogc.gencat.cat\/utilsEADOP\/PDF\/7906\/1751051.pdf\" target=\"_blank\" rel=\"noopener noreferrer\" data-saferedirecturl=\"https:\/\/www.google.com\/url?q=https:\/\/portaldogc.gencat.cat\/utilsEADOP\/PDF\/7906\/1751051.pdf&amp;source=gmail&amp;ust=1561793056602000&amp;usg=AFQjCNHbnOHoI2v6FhyINaKRX8uQsEmrKw\">Convocat\u00f2ria per al reconeixement de pr\u00e0ctiques educatives de refer\u00e8ncia d&#8217;innovaci\u00f3 pedag\u00f2gica<\/a><\/p>\n<div>El termini de presentaci\u00f3 de pr\u00e0ctiques educatives de refer\u00e8ncia finalitzar\u00e0 el<b>\u00a030 de setembre de 2019.<\/b><\/div>\n<div><\/div>\n<div>Les pr\u00e0ctiques que siguin reconegudes i certificades tamb\u00e9 estaran recollides al <a href=\"https:\/\/innovacio.xtec.gencat.cat\/#\/programes\" target=\"_blank\" rel=\"noopener noreferrer\" data-saferedirecturl=\"https:\/\/www.google.com\/url?q=https:\/\/innovacio.xtec.gencat.cat\/%23\/programes&amp;source=gmail&amp;ust=1561793056602000&amp;usg=AFQjCNEdpCxbHT9uJ7Tl3IvMSaWCroDazg\">MAPA DE LA INNOVACI\u00d3<\/a><\/div>\n<div><\/div>\n<div>Us agra\u00efrem doncs que compartiu l&#8217;objecte d&#8217;aquesta resoluci\u00f3:<\/div>\n<div><\/div>\n<blockquote>\n<div>Recon\u00e8ixer i certificar pr\u00e0ctiques educatives de refer\u00e8ncia d\u2019innovaci\u00f3 pedag\u00f2gica consolidades i vinculades al projecte educatiu de centre i que evidencien una millora educativa, d\u2019acord amb la modalitat prevista a l\u2019article 2 de l\u2019Ordre ENS\/303\/2015, de 21 de setembre, sobre el reconeixement de la innovaci\u00f3 pedag\u00f2gica que defineix les pr\u00e0ctiques educatives de refer\u00e8ncia com \u00a0aquelles que consisteixen en iniciatives del professorat vinculades al projecte educatiu del centre que evidencien una millora educativa, aix\u00ed com els materials i recursos educatius elaborats pel professorat, un cop han estat implementats i sempre que aportin millores per a l\u2019aprenentatge.<\/div>\n<\/blockquote>\n<p>Destinataris: Les persones destinat\u00e0ries de la convocat\u00f2ria s\u00f3n el professorat o grups de professorat del Servei d\u2019Educaci\u00f3 de Catalunya.<\/p>\n<blockquote>\n<div><\/div>\n<\/blockquote>\n","protected":false},"excerpt":{"rendered":"<p>Convocat\u00f2ria per al reconeixement de pr\u00e0ctiques educatives de refer\u00e8ncia d&#8217;innovaci\u00f3 pedag\u00f2gica El termini de presentaci\u00f3 de pr\u00e0ctiques educatives de refer\u00e8ncia finalitzar\u00e0 el\u00a030 de setembre de 2019. Les pr\u00e0ctiques que siguin reconegudes i certificades tamb\u00e9 estaran recollides al MAPA DE LA INNOVACI\u00d3 Us agra\u00efrem doncs que compartiu l&#8217;objecte d&#8217;aquesta resoluci\u00f3: Recon\u00e8ixer i certificar pr\u00e0ctiques educatives de [&hellip;]<\/p>\n","protected":false},"author":1,"featured_media":0,"comment_status":"open","ping_status":"closed","sticky":false,"template":"","format":"standard","meta":{"_bbp_topic_count":0,"_bbp_reply_count":0,"_bbp_total_topic_count":0,"_bbp_total_reply_count":0,"_bbp_voice_count":0,"_bbp_anonymous_reply_count":0,"_bbp_topic_count_hidden":0,"_bbp_reply_count_hidden":0,"_bbp_forum_subforum_count":0,"site-sidebar-layout":"default","site-content-layout":"","ast-site-content-layout":"","site-content-style":"default","site-sidebar-style":"default","ast-global-header-display":"","ast-banner-title-visibility":"","ast-main-header-display":"","ast-hfb-above-header-display":"","ast-hfb-below-header-display":"","ast-hfb-mobile-header-display":"","site-post-title":"","ast-breadcrumbs-content":"","ast-featured-img":"","footer-sml-layout":"","theme-transparent-header-meta":"","adv-header-id-meta":"","stick-header-meta":"","header-above-stick-meta":"","header-main-stick-meta":"","header-below-stick-meta":"","astra-migrate-meta-layouts":"default","ast-page-background-enabled":"default","ast-page-background-meta":{"desktop":{"background-color":"var(--ast-global-color-4)","background-image":"","background-repeat":"repeat","background-position":"center center","background-size":"auto","background-attachment":"scroll","background-type":"","background-media":"","overlay-type":"","overlay-color":"","overlay-opacity":"","overlay-gradient":""},"tablet":{"background-color":"","background-image":"","background-repeat":"repeat","background-position":"center center","background-size":"auto","background-attachment":"scroll","background-type":"","background-media":"","overlay-type":"","overlay-color":"","overlay-opacity":"","overlay-gradient":""},"mobile":{"background-color":"","background-image":"","background-repeat":"repeat","background-position":"center center","background-size":"auto","background-attachment":"scroll","background-type":"","background-media":"","overlay-type":"","overlay-color":"","overlay-opacity":"","overlay-gradient":""}},"ast-content-background-meta":{"desktop":{"background-color":"var(--ast-global-color-5)","background-image":"","background-repeat":"repeat","background-position":"center center","background-size":"auto","background-attachment":"scroll","background-type":"","background-media":"","overlay-type":"","overlay-color":"","overlay-opacity":"","overlay-gradient":""},"tablet":{"background-color":"var(--ast-global-color-5)","background-image":"","background-repeat":"repeat","background-position":"center center","background-size":"auto","background-attachment":"scroll","background-type":"","background-media":"","overlay-type":"","overlay-color":"","overlay-opacity":"","overlay-gradient":""},"mobile":{"background-color":"var(--ast-global-color-5)","background-image":"","background-repeat":"repeat","background-position":"center center","background-size":"auto","background-attachment":"scroll","background-type":"","background-media":"","overlay-type":"","overlay-color":"","overlay-opacity":"","overlay-gradient":""}},"footnotes":""},"categories":[29],"tags":[],"class_list":["post-13864","post","type-post","status-publish","format-standard","hentry","category-portada"],"post_mailing_queue_ids":[],"_links":{"self":[{"href":"https:\/\/serveiseducatius.xtec.cat\/vallesoriental4\/wp-json\/wp\/v2\/posts\/13864","targetHints":{"allow":["GET"]}}],"collection":[{"href":"https:\/\/serveiseducatius.xtec.cat\/vallesoriental4\/wp-json\/wp\/v2\/posts"}],"about":[{"href":"https:\/\/serveiseducatius.xtec.cat\/vallesoriental4\/wp-json\/wp\/v2\/types\/post"}],"author":[{"embeddable":true,"href":"https:\/\/serveiseducatius.xtec.cat\/vallesoriental4\/wp-json\/wp\/v2\/users\/1"}],"replies":[{"embeddable":true,"href":"https:\/\/serveiseducatius.xtec.cat\/vallesoriental4\/wp-json\/wp\/v2\/comments?post=13864"}],"version-history":[{"count":1,"href":"https:\/\/serveiseducatius.xtec.cat\/vallesoriental4\/wp-json\/wp\/v2\/posts\/13864\/revisions"}],"predecessor-version":[{"id":13865,"href":"https:\/\/serveiseducatius.xtec.cat\/vallesoriental4\/wp-json\/wp\/v2\/posts\/13864\/revisions\/13865"}],"wp:attachment":[{"href":"https:\/\/serveiseducatius.xtec.cat\/vallesoriental4\/wp-json\/wp\/v2\/media?parent=13864"}],"wp:term":[{"taxonomy":"category","embeddable":true,"href":"https:\/\/serveiseducatius.xtec.cat\/vallesoriental4\/wp-json\/wp\/v2\/categories?post=13864"},{"taxonomy":"post_tag","embeddable":true,"href":"https:\/\/serveiseducatius.xtec.cat\/vallesoriental4\/wp-json\/wp\/v2\/tags?post=13864"}],"curies":[{"name":"wp","href":"https:\/\/api.w.org\/{rel}","templated":true}]}}