{"id":13800,"date":"2019-05-30T09:59:50","date_gmt":"2019-05-30T07:59:50","guid":{"rendered":"http:\/\/serveiseducatius.xtec.cat\/vallesoriental4\/?p=13800"},"modified":"2019-05-30T09:59:50","modified_gmt":"2019-05-30T07:59:50","slug":"vii-jornada-de-bones-practiques-can-vila-acompanyem-les-nostres-families","status":"publish","type":"post","link":"https:\/\/serveiseducatius.xtec.cat\/vallesoriental4\/portada\/vii-jornada-de-bones-practiques-can-vila-acompanyem-les-nostres-families\/","title":{"rendered":"VII Jornada de bones pr\u00e0ctiques Can Vila &#8220;Acompanyem les nostres fam\u00edlies&#8221;"},"content":{"rendered":"<p dir=\"ltr\">A141201A14\u00a0\u00a0VII Jornada de bones pr\u00e0ctiques educatives EMEE Can Vila 2019: Acompanyem a les fam\u00edlies<\/p>\n<p dir=\"ltr\">es far\u00e0 el proper dia 28\/6 a la sala d&#8217;actes de l&#8217;institut Aiguaviva, de 9 a 14h<\/p>\n<p dir=\"ltr\">Jornada de bones pr\u00e0ctiques educatives organitzada per l&#8217;Escola Can Vila de Mollet del Vall\u00e8s.<\/p>\n<div dir=\"ltr\">\n<p dir=\"ltr\">Teniu tota la informaci\u00f3 i l&#8217;enlla\u00e7 a la inscripci\u00f3\u00a0<a href=\"https:\/\/aplicacions.gestioeducativa.gencat.cat\/pls\/soloas\/pk_for_mod_ins.p_for_detall_activitat?p_header=Llista%20d%27activitats%5Epk_for_mod_ins.p_for_cons_activitats?p_crp=A14%26p_any=2018-2019%26p_totes=s%26p_inici=101%26p_excloure_crp_rec=T&amp;p_codi=A141201A14&amp;p_curs=2018-2019&amp;p_excloure_crp_rec=T\" target=\"_blank\" rel=\"noopener noreferrer\" data-saferedirecturl=\"https:\/\/www.google.com\/url?q=https:\/\/aplicacions.gestioeducativa.gencat.cat\/pls\/soloas\/pk_for_mod_ins.p_for_detall_activitat?p_header%3DLlista%2520d%2527activitats%255Epk_for_mod_ins.p_for_cons_activitats?p_crp%3DA14%2526p_any%3D2018-2019%2526p_totes%3Ds%2526p_inici%3D101%2526p_excloure_crp_rec%3DT%26p_codi%3DA141201A14%26p_curs%3D2018-2019%26p_excloure_crp_rec%3DT&amp;source=gmail&amp;ust=1559265035700000&amp;usg=AFQjCNEf3RDd-ac2ccZGi6crnqo-62PZ1A\">aqu\u00ed.<\/a><\/p>\n<p dir=\"ltr\"><a href=\"https:\/\/serveiseducatius.xtec.cat\/vallesoriental4\/wp-content\/uploads\/usu1133\/2019\/05\/play-stone-1237497_960_720.jpg\"><img loading=\"lazy\" decoding=\"async\" class=\"alignright size-medium wp-image-13801\" src=\"https:\/\/serveiseducatius.xtec.cat\/vallesoriental4\/wp-content\/uploads\/usu1133\/2019\/05\/play-stone-1237497_960_720-300x200.jpg\" alt=\"\" width=\"300\" height=\"200\" srcset=\"https:\/\/serveiseducatius.xtec.cat\/vallesoriental4\/wp-content\/uploads\/usu1133\/2019\/05\/play-stone-1237497_960_720-300x200.jpg 300w, https:\/\/serveiseducatius.xtec.cat\/vallesoriental4\/wp-content\/uploads\/usu1133\/2019\/05\/play-stone-1237497_960_720-768x512.jpg 768w, https:\/\/serveiseducatius.xtec.cat\/vallesoriental4\/wp-content\/uploads\/usu1133\/2019\/05\/play-stone-1237497_960_720.jpg 960w\" sizes=\"auto, (max-width: 300px) 100vw, 300px\" \/><\/a><\/p>\n<\/div>\n","protected":false},"excerpt":{"rendered":"<p>A141201A14\u00a0\u00a0VII Jornada de bones pr\u00e0ctiques educatives EMEE Can Vila 2019: Acompanyem a les fam\u00edlies es far\u00e0 el proper dia 28\/6 a la sala d&#8217;actes de l&#8217;institut Aiguaviva, de 9 a 14h Jornada de bones pr\u00e0ctiques educatives organitzada per l&#8217;Escola Can Vila de Mollet del Vall\u00e8s. Teniu tota la informaci\u00f3 i l&#8217;enlla\u00e7 a la inscripci\u00f3\u00a0aqu\u00ed.<\/p>\n","protected":false},"author":1,"featured_media":13801,"comment_status":"open","ping_status":"closed","sticky":false,"template":"","format":"standard","meta":{"_bbp_topic_count":0,"_bbp_reply_count":0,"_bbp_total_topic_count":0,"_bbp_total_reply_count":0,"_bbp_voice_count":0,"_bbp_anonymous_reply_count":0,"_bbp_topic_count_hidden":0,"_bbp_reply_count_hidden":0,"_bbp_forum_subforum_count":0,"site-sidebar-layout":"default","site-content-layout":"","ast-site-content-layout":"","site-content-style":"default","site-sidebar-style":"default","ast-global-header-display":"","ast-banner-title-visibility":"","ast-main-header-display":"","ast-hfb-above-header-display":"","ast-hfb-below-header-display":"","ast-hfb-mobile-header-display":"","site-post-title":"","ast-breadcrumbs-content":"","ast-featured-img":"","footer-sml-layout":"","theme-transparent-header-meta":"","adv-header-id-meta":"","stick-header-meta":"","header-above-stick-meta":"","header-main-stick-meta":"","header-below-stick-meta":"","astra-migrate-meta-layouts":"default","ast-page-background-enabled":"default","ast-page-background-meta":{"desktop":{"background-color":"var(--ast-global-color-4)","background-image":"","background-repeat":"repeat","background-position":"center center","background-size":"auto","background-attachment":"scroll","background-type":"","background-media":"","overlay-type":"","overlay-color":"","overlay-opacity":"","overlay-gradient":""},"tablet":{"background-color":"","background-image":"","background-repeat":"repeat","background-position":"center center","background-size":"auto","background-attachment":"scroll","background-type":"","background-media":"","overlay-type":"","overlay-color":"","overlay-opacity":"","overlay-gradient":""},"mobile":{"background-color":"","background-image":"","background-repeat":"repeat","background-position":"center center","background-size":"auto","background-attachment":"scroll","background-type":"","background-media":"","overlay-type":"","overlay-color":"","overlay-opacity":"","overlay-gradient":""}},"ast-content-background-meta":{"desktop":{"background-color":"var(--ast-global-color-5)","background-image":"","background-repeat":"repeat","background-position":"center center","background-size":"auto","background-attachment":"scroll","background-type":"","background-media":"","overlay-type":"","overlay-color":"","overlay-opacity":"","overlay-gradient":""},"tablet":{"background-color":"var(--ast-global-color-5)","background-image":"","background-repeat":"repeat","background-position":"center center","background-size":"auto","background-attachment":"scroll","background-type":"","background-media":"","overlay-type":"","overlay-color":"","overlay-opacity":"","overlay-gradient":""},"mobile":{"background-color":"var(--ast-global-color-5)","background-image":"","background-repeat":"repeat","background-position":"center center","background-size":"auto","background-attachment":"scroll","background-type":"","background-media":"","overlay-type":"","overlay-color":"","overlay-opacity":"","overlay-gradient":""}},"footnotes":""},"categories":[598,29],"tags":[],"class_list":["post-13800","post","type-post","status-publish","format-standard","has-post-thumbnail","hentry","category-inclusio-a-les-aules","category-portada"],"post_mailing_queue_ids":[],"_links":{"self":[{"href":"https:\/\/serveiseducatius.xtec.cat\/vallesoriental4\/wp-json\/wp\/v2\/posts\/13800","targetHints":{"allow":["GET"]}}],"collection":[{"href":"https:\/\/serveiseducatius.xtec.cat\/vallesoriental4\/wp-json\/wp\/v2\/posts"}],"about":[{"href":"https:\/\/serveiseducatius.xtec.cat\/vallesoriental4\/wp-json\/wp\/v2\/types\/post"}],"author":[{"embeddable":true,"href":"https:\/\/serveiseducatius.xtec.cat\/vallesoriental4\/wp-json\/wp\/v2\/users\/1"}],"replies":[{"embeddable":true,"href":"https:\/\/serveiseducatius.xtec.cat\/vallesoriental4\/wp-json\/wp\/v2\/comments?post=13800"}],"version-history":[{"count":1,"href":"https:\/\/serveiseducatius.xtec.cat\/vallesoriental4\/wp-json\/wp\/v2\/posts\/13800\/revisions"}],"predecessor-version":[{"id":13802,"href":"https:\/\/serveiseducatius.xtec.cat\/vallesoriental4\/wp-json\/wp\/v2\/posts\/13800\/revisions\/13802"}],"wp:featuredmedia":[{"embeddable":true,"href":"https:\/\/serveiseducatius.xtec.cat\/vallesoriental4\/wp-json\/wp\/v2\/media\/13801"}],"wp:attachment":[{"href":"https:\/\/serveiseducatius.xtec.cat\/vallesoriental4\/wp-json\/wp\/v2\/media?parent=13800"}],"wp:term":[{"taxonomy":"category","embeddable":true,"href":"https:\/\/serveiseducatius.xtec.cat\/vallesoriental4\/wp-json\/wp\/v2\/categories?post=13800"},{"taxonomy":"post_tag","embeddable":true,"href":"https:\/\/serveiseducatius.xtec.cat\/vallesoriental4\/wp-json\/wp\/v2\/tags?post=13800"}],"curies":[{"name":"wp","href":"https:\/\/api.w.org\/{rel}","templated":true}]}}