{"id":13766,"date":"2019-05-21T09:44:21","date_gmt":"2019-05-21T07:44:21","guid":{"rendered":"http:\/\/serveiseducatius.xtec.cat\/vallesoriental4\/?p=13766"},"modified":"2019-05-21T09:44:21","modified_gmt":"2019-05-21T07:44:21","slug":"webinar-com-introduir-la-indagacio-a-laula-de-ciencies","status":"publish","type":"post","link":"https:\/\/serveiseducatius.xtec.cat\/vallesoriental4\/portada\/webinar-com-introduir-la-indagacio-a-laula-de-ciencies\/","title":{"rendered":"Webinar \u201cCom introduir la indagaci\u00f3 a l\u2019aula de ci\u00e8ncies?"},"content":{"rendered":"<p><strong><em>La metodologia IBSE com a eina d\u2019aprenentatge competencial de les ci\u00e8ncies\u201d<\/em><\/strong><\/p>\n<p>L\u2019ensenyament de les ci\u00e8ncies basat en la indagaci\u00f3 (IBSE, en angl\u00e8s) ha demostrat ser una aproximaci\u00f3 motivadora d\u2019aprenentatge de les ci\u00e8ncies mitjan\u00e7ant la participaci\u00f3 de l\u2019alumnat en el\u00a0 disseny i la realitzaci\u00f3 de les seves pr\u00f2pies investigacions cient\u00edfiques. D\u2019aquesta manera l\u2019IBSE promou el desenvolupament de compet\u00e8ncies i habilitats cient\u00edfiques i personals a trav\u00e9s de la realitzaci\u00f3 de pr\u00e0ctiques indagatives a l\u2019aula.<\/p>\n<p>Aquest seminari pret\u00e9n donar a con\u00e8ixer les bases de la metodologia IBSE i oferir al professorat exemples i eines per poder dissenyar i aplicar activitats.<\/p>\n<p><strong>Data i hora:<\/strong>\u00a0Dijous 6 de juny, a les 18:30h.<\/p>\n<p><strong>Durada aproximada:<\/strong>\u00a01 hora<\/p>\n<p><strong>Modalitat:<\/strong>\u00a0Seminari en l\u00ednia (webinar).<\/p>\n<p><strong>Inscripci\u00f3:<\/strong>\u00a0Obligat\u00f2ria a\u00a0<a href=\"https:\/\/projectes.fundaciorecerca.cat\/Webinar\/index.asp?accio=formulari\" data-saferedirecturl=\"https:\/\/www.google.com\/url?q=https:\/\/projectes.fundaciorecerca.cat\/Webinar\/index.asp?accio%3Dformulari&amp;source=gmail&amp;ust=1558509719475000&amp;usg=AFQjCNF8kWeDP92EC6ynrKYPc8CdHsz6dw\">https:\/\/projectes.fundaciorecerca.cat\/Webinar\/index.asp?accio=formulari<\/a><\/p>\n<p><strong>Instruccions<\/strong><\/p>\n<p>Els i les participants s\u2019hauran de connectar al webinar cinc minuts abans de l\u2019hora d\u2019inici a trav\u00e9s d\u2019aquest link:<a href=\"https:\/\/eun2.adobeconnect.com\/amgen-teach-adobe-connect-training\/\" data-saferedirecturl=\"https:\/\/www.google.com\/url?q=https:\/\/eun2.adobeconnect.com\/amgen-teach-adobe-connect-training\/&amp;source=gmail&amp;ust=1558509719475000&amp;usg=AFQjCNEdsbGcA3IJ08DEHAm4fCrFfV2pqw\">https:\/\/eun2.adobeconnect.com\/amgen-teach-adobe-connect-training\/<\/a><\/p>\n<p>El webinar es far\u00e0 a trav\u00e9s de l\u2019aplicaci\u00f3 gratu\u00efta Adobe Connect, que es pot descarregar en aquest link:\u00a0<a href=\"https:\/\/eun2.adobeconnect.com\/common\/help\/en\/support\/meeting_test.htm\" data-saferedirecturl=\"https:\/\/www.google.com\/url?q=https:\/\/eun2.adobeconnect.com\/common\/help\/en\/support\/meeting_test.htm&amp;source=gmail&amp;ust=1558509719475000&amp;usg=AFQjCNF7Ps-0HvhXJbqU4P8bBLF55K5v4w\">https:\/\/eun2.adobeconnect.com\/common\/help\/en\/support\/meeting_test.htm<\/a>.<\/p>\n<p>Es recomana a tothom que testi la seva connexi\u00f3 abans de la seva participaci\u00f3 en el seminari, utilitzant aquest enlla\u00e7:<u><a href=\"https:\/\/eun2.adobeconnect.com\/common\/help\/en\/support\/meeting_test.htm\" data-saferedirecturl=\"https:\/\/www.google.com\/url?q=https:\/\/eun2.adobeconnect.com\/common\/help\/en\/support\/meeting_test.htm&amp;source=gmail&amp;ust=1558509719475000&amp;usg=AFQjCNF7Ps-0HvhXJbqU4P8bBLF55K5v4w\">https:\/\/eun2.adobeconnect.com\/common\/help\/en\/support\/meeting_test.htm<\/a><\/u>).<\/p>\n<p><strong>Organitzadors:<\/strong>\u00a0Jordi Soler Garcia (professor de secund\u00e0ria i batxillerat a l\u2019Escola Augusta de Barcelona i ambaixador d\u2019Amgen Teach) i Amgen Teach. Amb el suport de la Fundaci\u00f3 Catalana de la Recerca i la Innovaci\u00f3.<\/p>\n<p>S\u2019emetr\u00e0 un certificat de participaci\u00f3 als i a les participants degudament inscrits.<\/p>\n","protected":false},"excerpt":{"rendered":"<p>La metodologia IBSE com a eina d\u2019aprenentatge competencial de les ci\u00e8ncies\u201d L\u2019ensenyament de les ci\u00e8ncies basat en la indagaci\u00f3 (IBSE, en angl\u00e8s) ha demostrat ser una aproximaci\u00f3 motivadora d\u2019aprenentatge de les ci\u00e8ncies mitjan\u00e7ant la participaci\u00f3 de l\u2019alumnat en el\u00a0 disseny i la realitzaci\u00f3 de les seves pr\u00f2pies investigacions cient\u00edfiques. D\u2019aquesta manera l\u2019IBSE promou el desenvolupament [&hellip;]<\/p>\n","protected":false},"author":1,"featured_media":0,"comment_status":"open","ping_status":"closed","sticky":false,"template":"","format":"standard","meta":{"_bbp_topic_count":0,"_bbp_reply_count":0,"_bbp_total_topic_count":0,"_bbp_total_reply_count":0,"_bbp_voice_count":0,"_bbp_anonymous_reply_count":0,"_bbp_topic_count_hidden":0,"_bbp_reply_count_hidden":0,"_bbp_forum_subforum_count":0,"site-sidebar-layout":"default","site-content-layout":"","ast-site-content-layout":"","site-content-style":"default","site-sidebar-style":"default","ast-global-header-display":"","ast-banner-title-visibility":"","ast-main-header-display":"","ast-hfb-above-header-display":"","ast-hfb-below-header-display":"","ast-hfb-mobile-header-display":"","site-post-title":"","ast-breadcrumbs-content":"","ast-featured-img":"","footer-sml-layout":"","theme-transparent-header-meta":"","adv-header-id-meta":"","stick-header-meta":"","header-above-stick-meta":"","header-main-stick-meta":"","header-below-stick-meta":"","astra-migrate-meta-layouts":"default","ast-page-background-enabled":"default","ast-page-background-meta":{"desktop":{"background-color":"var(--ast-global-color-4)","background-image":"","background-repeat":"repeat","background-position":"center center","background-size":"auto","background-attachment":"scroll","background-type":"","background-media":"","overlay-type":"","overlay-color":"","overlay-opacity":"","overlay-gradient":""},"tablet":{"background-color":"","background-image":"","background-repeat":"repeat","background-position":"center center","background-size":"auto","background-attachment":"scroll","background-type":"","background-media":"","overlay-type":"","overlay-color":"","overlay-opacity":"","overlay-gradient":""},"mobile":{"background-color":"","background-image":"","background-repeat":"repeat","background-position":"center center","background-size":"auto","background-attachment":"scroll","background-type":"","background-media":"","overlay-type":"","overlay-color":"","overlay-opacity":"","overlay-gradient":""}},"ast-content-background-meta":{"desktop":{"background-color":"var(--ast-global-color-5)","background-image":"","background-repeat":"repeat","background-position":"center center","background-size":"auto","background-attachment":"scroll","background-type":"","background-media":"","overlay-type":"","overlay-color":"","overlay-opacity":"","overlay-gradient":""},"tablet":{"background-color":"var(--ast-global-color-5)","background-image":"","background-repeat":"repeat","background-position":"center center","background-size":"auto","background-attachment":"scroll","background-type":"","background-media":"","overlay-type":"","overlay-color":"","overlay-opacity":"","overlay-gradient":""},"mobile":{"background-color":"var(--ast-global-color-5)","background-image":"","background-repeat":"repeat","background-position":"center center","background-size":"auto","background-attachment":"scroll","background-type":"","background-media":"","overlay-type":"","overlay-color":"","overlay-opacity":"","overlay-gradient":""}},"footnotes":""},"categories":[29],"tags":[],"class_list":["post-13766","post","type-post","status-publish","format-standard","hentry","category-portada"],"post_mailing_queue_ids":[],"_links":{"self":[{"href":"https:\/\/serveiseducatius.xtec.cat\/vallesoriental4\/wp-json\/wp\/v2\/posts\/13766","targetHints":{"allow":["GET"]}}],"collection":[{"href":"https:\/\/serveiseducatius.xtec.cat\/vallesoriental4\/wp-json\/wp\/v2\/posts"}],"about":[{"href":"https:\/\/serveiseducatius.xtec.cat\/vallesoriental4\/wp-json\/wp\/v2\/types\/post"}],"author":[{"embeddable":true,"href":"https:\/\/serveiseducatius.xtec.cat\/vallesoriental4\/wp-json\/wp\/v2\/users\/1"}],"replies":[{"embeddable":true,"href":"https:\/\/serveiseducatius.xtec.cat\/vallesoriental4\/wp-json\/wp\/v2\/comments?post=13766"}],"version-history":[{"count":1,"href":"https:\/\/serveiseducatius.xtec.cat\/vallesoriental4\/wp-json\/wp\/v2\/posts\/13766\/revisions"}],"predecessor-version":[{"id":13767,"href":"https:\/\/serveiseducatius.xtec.cat\/vallesoriental4\/wp-json\/wp\/v2\/posts\/13766\/revisions\/13767"}],"wp:attachment":[{"href":"https:\/\/serveiseducatius.xtec.cat\/vallesoriental4\/wp-json\/wp\/v2\/media?parent=13766"}],"wp:term":[{"taxonomy":"category","embeddable":true,"href":"https:\/\/serveiseducatius.xtec.cat\/vallesoriental4\/wp-json\/wp\/v2\/categories?post=13766"},{"taxonomy":"post_tag","embeddable":true,"href":"https:\/\/serveiseducatius.xtec.cat\/vallesoriental4\/wp-json\/wp\/v2\/tags?post=13766"}],"curies":[{"name":"wp","href":"https:\/\/api.w.org\/{rel}","templated":true}]}}