{"id":13755,"date":"2019-05-20T11:27:34","date_gmt":"2019-05-20T09:27:34","guid":{"rendered":"http:\/\/serveiseducatius.xtec.cat\/vallesoriental4\/?p=13755"},"modified":"2019-05-20T11:27:34","modified_gmt":"2019-05-20T09:27:34","slug":"presentacio-del-llibre-aprenentatge-basat-en-projectes-treballs-practics-i-controversies-28-experiencies-i-reflexions-per-a-ensenyar-ciencies","status":"publish","type":"post","link":"https:\/\/serveiseducatius.xtec.cat\/vallesoriental4\/portada\/presentacio-del-llibre-aprenentatge-basat-en-projectes-treballs-practics-i-controversies-28-experiencies-i-reflexions-per-a-ensenyar-ciencies\/","title":{"rendered":"Presentaci\u00f3 del llibre &#8220;Aprenentatge Basat en Projectes, Treballs Pr\u00e0ctics i Controv\u00e8rsies. 28 experi\u00e8ncies i reflexions per a ensenyar ci\u00e8ncies&#8221;"},"content":{"rendered":"<p class=\"gmail_default\">El proper <b>dilluns 3 de juny a les 18:30h a la Biblioteca Municipal de Montmel\u00f3<\/b> tindr\u00e0 lloc la <b>presentaci\u00f3 del llibre \u201cAprenentatge Basat en Projectes, Treballs Pr\u00e0ctics i Controv\u00e8rsies<\/b>. 28 experi\u00e8ncies i reflexions per ensenyar ci\u00e8ncies\u201d per part del seu autor, Jordi Dom\u00e8nech.<a href=\"https:\/\/serveiseducatius.xtec.cat\/vallesoriental4\/wp-content\/uploads\/usu1133\/2019\/05\/Premi-2018-post.jpg\"><img loading=\"lazy\" decoding=\"async\" class=\"alignright size-medium wp-image-13756\" src=\"https:\/\/serveiseducatius.xtec.cat\/vallesoriental4\/wp-content\/uploads\/usu1133\/2019\/05\/Premi-2018-post-300x167.jpg\" alt=\"\" width=\"300\" height=\"167\" srcset=\"https:\/\/serveiseducatius.xtec.cat\/vallesoriental4\/wp-content\/uploads\/usu1133\/2019\/05\/Premi-2018-post-300x167.jpg 300w, https:\/\/serveiseducatius.xtec.cat\/vallesoriental4\/wp-content\/uploads\/usu1133\/2019\/05\/Premi-2018-post-768x428.jpg 768w, https:\/\/serveiseducatius.xtec.cat\/vallesoriental4\/wp-content\/uploads\/usu1133\/2019\/05\/Premi-2018-post-1024x570.jpg 1024w\" sizes=\"auto, (max-width: 300px) 100vw, 300px\" \/><\/a><\/p>\n<p class=\"gmail_default\">El llibre, que ha rebut el premi Marta Mata 2018 i\u00a0<a href=\"https:\/\/www.rosasensat.org\/producte\/aprenentatge-basat-en-projectes-treballs-practics-i-controversies\/\" target=\"_blank\" rel=\"noopener noreferrer\" data-saferedirecturl=\"https:\/\/www.google.com\/url?q=https:\/\/www.rosasensat.org\/producte\/aprenentatge-basat-en-projectes-treballs-practics-i-controversies\/&amp;source=gmail&amp;ust=1558230411744000&amp;usg=AFQjCNEPgKLKoIyAus0Xj7fFJEegQQPOhA\">es pot adquirir a la web de l\u2019Associaci\u00f3 Rosa Sensat<\/a>,\u00a0 recull 10 anys d\u2019experi\u00e8ncies educatives al voltant de l\u2019ensenyament de les ci\u00e8ncies.\u00a0Al llarg de 28 propostes aplicades a l&#8217;aula i la seva revisi\u00f3, es recorren enfocaments metodol\u00f2gics al voltant de la Indagaci\u00f3, les Habilitats de Raonament Cient\u00edfic, l\u2019Aprenentatge Basat en Projectes i en Problemes, les Controv\u00e8rsies S\u00f2cio-Cient\u00edfiques i les Pseudoci\u00e8ncies. Se&#8217;n descriuen el marcs te\u00f2rics, les seves possibilitats i limitacions, i s\u2019ofereixen orientacions i suports per al disseny i la realitzaci\u00f3 d\u2019activitats. A la presentaci\u00f3 es comentaran les aportacions del llibre, que vol ser una invitaci\u00f3 a habitar l\u2019espai inc\u00f2mode que se situa entre el discurs i la pr\u00e0ctica.\u00a0Perqu\u00e8 el canvi educatiu no es troba en les teories de la Did\u00e0ctica de les Ci\u00e8ncies, ni en la pr\u00e0ctica a les aules i els laboratoris escolars, sin\u00f3 en la borrosa col\u00b7lisi\u00f3 entre aquestes dues forces formidables.<\/p>\n<p class=\"gmail_default\">Aquest \u00e9s el primer par\u00e0graf del llibre:<\/p>\n<p class=\"gmail_default\">&#8220;Vaig comen\u00e7ar com a profe de Ci\u00e8ncies a Secund\u00e0ria ara ja fa uns 10 anys. Vaig arribar de rebot del m\u00f3n de la recerca universit\u00e0ria, buscant estabilitat i un ofici assossegat que no m&#8217;ocup\u00e9s gaire temps. Vivia amb la idea innocent que, com que sabia explicar i fer un \u00fas raonable d&#8217;analogies i met\u00e0fores, me&#8217;n sortiria prou b\u00e9. Aviat totes aquestes concepcions sobre l&#8217;ofici es van revelar equivocades.&#8221;<\/p>\n<p class=\"gmail_default\">Blog de l&#8217;autor:\u00a0<a href=\"https:\/\/blogcienciesnaturals.wordpress.com\/\" target=\"_blank\" rel=\"noopener noreferrer\" data-saferedirecturl=\"https:\/\/www.google.com\/url?q=https:\/\/blogcienciesnaturals.wordpress.com\/&amp;source=gmail&amp;ust=1558230411744000&amp;usg=AFQjCNGZU-WGYJf1qQQFhJCvuP3nRzHvuQ\">https:\/\/<wbr \/>blogcienciesnaturals.<wbr \/>wordpress.com\/<\/a><\/p>\n<p class=\"gmail_default\">Portfolio de l&#8217;autor:\u00a0<a href=\"https:\/\/jordidomenechportfolio.wordpress.com\/\" target=\"_blank\" rel=\"noopener noreferrer\" data-saferedirecturl=\"https:\/\/www.google.com\/url?q=https:\/\/jordidomenechportfolio.wordpress.com\/&amp;source=gmail&amp;ust=1558230411745000&amp;usg=AFQjCNGbwCDYD3SQIJW_O5VUgKoWve6r0g\">https:\/\/<wbr \/>jordidomenechportfolio.<wbr \/>wordpress.com\/<\/a><\/p>\n<p class=\"gmail_default\">\n","protected":false},"excerpt":{"rendered":"<p>El proper dilluns 3 de juny a les 18:30h a la Biblioteca Municipal de Montmel\u00f3 tindr\u00e0 lloc la presentaci\u00f3 del llibre \u201cAprenentatge Basat en Projectes, Treballs Pr\u00e0ctics i Controv\u00e8rsies. 28 experi\u00e8ncies i reflexions per ensenyar ci\u00e8ncies\u201d per part del seu autor, Jordi Dom\u00e8nech. El llibre, que ha rebut el premi Marta Mata 2018 i\u00a0es pot [&hellip;]<\/p>\n","protected":false},"author":1,"featured_media":13756,"comment_status":"open","ping_status":"closed","sticky":false,"template":"","format":"standard","meta":{"_bbp_topic_count":0,"_bbp_reply_count":0,"_bbp_total_topic_count":0,"_bbp_total_reply_count":0,"_bbp_voice_count":0,"_bbp_anonymous_reply_count":0,"_bbp_topic_count_hidden":0,"_bbp_reply_count_hidden":0,"_bbp_forum_subforum_count":0,"site-sidebar-layout":"default","site-content-layout":"","ast-site-content-layout":"","site-content-style":"default","site-sidebar-style":"default","ast-global-header-display":"","ast-banner-title-visibility":"","ast-main-header-display":"","ast-hfb-above-header-display":"","ast-hfb-below-header-display":"","ast-hfb-mobile-header-display":"","site-post-title":"","ast-breadcrumbs-content":"","ast-featured-img":"","footer-sml-layout":"","theme-transparent-header-meta":"","adv-header-id-meta":"","stick-header-meta":"","header-above-stick-meta":"","header-main-stick-meta":"","header-below-stick-meta":"","astra-migrate-meta-layouts":"default","ast-page-background-enabled":"default","ast-page-background-meta":{"desktop":{"background-color":"var(--ast-global-color-4)","background-image":"","background-repeat":"repeat","background-position":"center center","background-size":"auto","background-attachment":"scroll","background-type":"","background-media":"","overlay-type":"","overlay-color":"","overlay-opacity":"","overlay-gradient":""},"tablet":{"background-color":"","background-image":"","background-repeat":"repeat","background-position":"center center","background-size":"auto","background-attachment":"scroll","background-type":"","background-media":"","overlay-type":"","overlay-color":"","overlay-opacity":"","overlay-gradient":""},"mobile":{"background-color":"","background-image":"","background-repeat":"repeat","background-position":"center center","background-size":"auto","background-attachment":"scroll","background-type":"","background-media":"","overlay-type":"","overlay-color":"","overlay-opacity":"","overlay-gradient":""}},"ast-content-background-meta":{"desktop":{"background-color":"var(--ast-global-color-5)","background-image":"","background-repeat":"repeat","background-position":"center center","background-size":"auto","background-attachment":"scroll","background-type":"","background-media":"","overlay-type":"","overlay-color":"","overlay-opacity":"","overlay-gradient":""},"tablet":{"background-color":"var(--ast-global-color-5)","background-image":"","background-repeat":"repeat","background-position":"center center","background-size":"auto","background-attachment":"scroll","background-type":"","background-media":"","overlay-type":"","overlay-color":"","overlay-opacity":"","overlay-gradient":""},"mobile":{"background-color":"var(--ast-global-color-5)","background-image":"","background-repeat":"repeat","background-position":"center center","background-size":"auto","background-attachment":"scroll","background-type":"","background-media":"","overlay-type":"","overlay-color":"","overlay-opacity":"","overlay-gradient":""}},"footnotes":""},"categories":[29],"tags":[],"class_list":["post-13755","post","type-post","status-publish","format-standard","has-post-thumbnail","hentry","category-portada"],"post_mailing_queue_ids":[],"_links":{"self":[{"href":"https:\/\/serveiseducatius.xtec.cat\/vallesoriental4\/wp-json\/wp\/v2\/posts\/13755","targetHints":{"allow":["GET"]}}],"collection":[{"href":"https:\/\/serveiseducatius.xtec.cat\/vallesoriental4\/wp-json\/wp\/v2\/posts"}],"about":[{"href":"https:\/\/serveiseducatius.xtec.cat\/vallesoriental4\/wp-json\/wp\/v2\/types\/post"}],"author":[{"embeddable":true,"href":"https:\/\/serveiseducatius.xtec.cat\/vallesoriental4\/wp-json\/wp\/v2\/users\/1"}],"replies":[{"embeddable":true,"href":"https:\/\/serveiseducatius.xtec.cat\/vallesoriental4\/wp-json\/wp\/v2\/comments?post=13755"}],"version-history":[{"count":1,"href":"https:\/\/serveiseducatius.xtec.cat\/vallesoriental4\/wp-json\/wp\/v2\/posts\/13755\/revisions"}],"predecessor-version":[{"id":13757,"href":"https:\/\/serveiseducatius.xtec.cat\/vallesoriental4\/wp-json\/wp\/v2\/posts\/13755\/revisions\/13757"}],"wp:featuredmedia":[{"embeddable":true,"href":"https:\/\/serveiseducatius.xtec.cat\/vallesoriental4\/wp-json\/wp\/v2\/media\/13756"}],"wp:attachment":[{"href":"https:\/\/serveiseducatius.xtec.cat\/vallesoriental4\/wp-json\/wp\/v2\/media?parent=13755"}],"wp:term":[{"taxonomy":"category","embeddable":true,"href":"https:\/\/serveiseducatius.xtec.cat\/vallesoriental4\/wp-json\/wp\/v2\/categories?post=13755"},{"taxonomy":"post_tag","embeddable":true,"href":"https:\/\/serveiseducatius.xtec.cat\/vallesoriental4\/wp-json\/wp\/v2\/tags?post=13755"}],"curies":[{"name":"wp","href":"https:\/\/api.w.org\/{rel}","templated":true}]}}