{"id":13074,"date":"2019-01-18T09:43:53","date_gmt":"2019-01-18T08:43:53","guid":{"rendered":"http:\/\/serveiseducatius.xtec.cat\/vallesoriental4\/?p=13074"},"modified":"2019-01-18T09:43:53","modified_gmt":"2019-01-18T08:43:53","slug":"dones-i-ciencia-digna-couso","status":"publish","type":"post","link":"https:\/\/serveiseducatius.xtec.cat\/vallesoriental4\/portada\/dones-i-ciencia-digna-couso\/","title":{"rendered":"Dones i ci\u00e8ncia &#8211; Digna Couso"},"content":{"rendered":"<p>El proper\u00a0dimarts\u00a0<strong>22 de gener<\/strong> a les <strong>18h <\/strong>i a la Sala d\u2019Actes d\u2019UManresa, us oferim la primera confer\u00e8ncia del \u00a0<u>X Cicle Obert de Confer\u00e8ncies Educatives<\/u>\u00a0al Campus UManresa,\u00a0que porta per t\u00edtol <em><strong>Dones i ci\u00e8ncia<\/strong><\/em>\u00a0i anir\u00e0 a c\u00e0rrec de Digna Couso, llicenciada en F\u00edsica i doctora en Ensenyament de les Ci\u00e8ncies.<\/p>\n<p>L\u2019entrada \u00e9s gratu\u00efta i oberta a tothom per\u00f2, per motius d\u2019espai, us agrairem que confirmeu\u00a0la vostra assist\u00e8ncia per correu electr\u00f2nic a <a href=\"mailto:educacio.infantil@umanresa.cat\">educacio.infantil@umanresa.cat<\/a><\/p>\n<p><a href=\"https:\/\/serveiseducatius.xtec.cat\/vallesoriental4\/wp-content\/uploads\/usu1133\/2019\/01\/untitled-1.png\"><img loading=\"lazy\" decoding=\"async\" class=\"alignright size-full wp-image-13075\" src=\"https:\/\/serveiseducatius.xtec.cat\/vallesoriental4\/wp-content\/uploads\/usu1133\/2019\/01\/untitled-1.png\" alt=\"\" width=\"234\" height=\"63\" \/><\/a><\/p>\n<p>Per a m\u00e9s informaci\u00f3, entreu al nostre <a href=\"http:\/\/blocs.umanresa.cat\/educaciofub\/2019\/01\/17\/dones-i-ciencia\/\" data-saferedirecturl=\"https:\/\/www.google.com\/url?q=http:\/\/blocs.umanresa.cat\/educaciofub\/2019\/01\/17\/dones-i-ciencia\/&amp;source=gmail&amp;ust=1547872167017000&amp;usg=AFQjCNHs12JGxDOPmLFDtaRFp8SFAp1KEg\"> Bloc d\u2019Educaci\u00f3 &gt;<\/a><\/p>\n","protected":false},"excerpt":{"rendered":"<p>El proper\u00a0dimarts\u00a022 de gener a les 18h i a la Sala d\u2019Actes d\u2019UManresa, us oferim la primera confer\u00e8ncia del \u00a0X Cicle Obert de Confer\u00e8ncies Educatives\u00a0al Campus UManresa,\u00a0que porta per t\u00edtol Dones i ci\u00e8ncia\u00a0i anir\u00e0 a c\u00e0rrec de Digna Couso, llicenciada en F\u00edsica i doctora en Ensenyament de les Ci\u00e8ncies. L\u2019entrada \u00e9s gratu\u00efta i oberta a [&hellip;]<\/p>\n","protected":false},"author":1,"featured_media":13075,"comment_status":"open","ping_status":"closed","sticky":false,"template":"","format":"standard","meta":{"_bbp_topic_count":0,"_bbp_reply_count":0,"_bbp_total_topic_count":0,"_bbp_total_reply_count":0,"_bbp_voice_count":0,"_bbp_anonymous_reply_count":0,"_bbp_topic_count_hidden":0,"_bbp_reply_count_hidden":0,"_bbp_forum_subforum_count":0,"site-sidebar-layout":"default","site-content-layout":"","ast-site-content-layout":"","site-content-style":"default","site-sidebar-style":"default","ast-global-header-display":"","ast-banner-title-visibility":"","ast-main-header-display":"","ast-hfb-above-header-display":"","ast-hfb-below-header-display":"","ast-hfb-mobile-header-display":"","site-post-title":"","ast-breadcrumbs-content":"","ast-featured-img":"","footer-sml-layout":"","theme-transparent-header-meta":"","adv-header-id-meta":"","stick-header-meta":"","header-above-stick-meta":"","header-main-stick-meta":"","header-below-stick-meta":"","astra-migrate-meta-layouts":"default","ast-page-background-enabled":"default","ast-page-background-meta":{"desktop":{"background-color":"var(--ast-global-color-4)","background-image":"","background-repeat":"repeat","background-position":"center center","background-size":"auto","background-attachment":"scroll","background-type":"","background-media":"","overlay-type":"","overlay-color":"","overlay-opacity":"","overlay-gradient":""},"tablet":{"background-color":"","background-image":"","background-repeat":"repeat","background-position":"center center","background-size":"auto","background-attachment":"scroll","background-type":"","background-media":"","overlay-type":"","overlay-color":"","overlay-opacity":"","overlay-gradient":""},"mobile":{"background-color":"","background-image":"","background-repeat":"repeat","background-position":"center center","background-size":"auto","background-attachment":"scroll","background-type":"","background-media":"","overlay-type":"","overlay-color":"","overlay-opacity":"","overlay-gradient":""}},"ast-content-background-meta":{"desktop":{"background-color":"var(--ast-global-color-5)","background-image":"","background-repeat":"repeat","background-position":"center center","background-size":"auto","background-attachment":"scroll","background-type":"","background-media":"","overlay-type":"","overlay-color":"","overlay-opacity":"","overlay-gradient":""},"tablet":{"background-color":"var(--ast-global-color-5)","background-image":"","background-repeat":"repeat","background-position":"center center","background-size":"auto","background-attachment":"scroll","background-type":"","background-media":"","overlay-type":"","overlay-color":"","overlay-opacity":"","overlay-gradient":""},"mobile":{"background-color":"var(--ast-global-color-5)","background-image":"","background-repeat":"repeat","background-position":"center center","background-size":"auto","background-attachment":"scroll","background-type":"","background-media":"","overlay-type":"","overlay-color":"","overlay-opacity":"","overlay-gradient":""}},"footnotes":""},"categories":[29,611],"tags":[],"class_list":["post-13074","post","type-post","status-publish","format-standard","has-post-thumbnail","hentry","category-portada","category-stem"],"post_mailing_queue_ids":[],"_links":{"self":[{"href":"https:\/\/serveiseducatius.xtec.cat\/vallesoriental4\/wp-json\/wp\/v2\/posts\/13074","targetHints":{"allow":["GET"]}}],"collection":[{"href":"https:\/\/serveiseducatius.xtec.cat\/vallesoriental4\/wp-json\/wp\/v2\/posts"}],"about":[{"href":"https:\/\/serveiseducatius.xtec.cat\/vallesoriental4\/wp-json\/wp\/v2\/types\/post"}],"author":[{"embeddable":true,"href":"https:\/\/serveiseducatius.xtec.cat\/vallesoriental4\/wp-json\/wp\/v2\/users\/1"}],"replies":[{"embeddable":true,"href":"https:\/\/serveiseducatius.xtec.cat\/vallesoriental4\/wp-json\/wp\/v2\/comments?post=13074"}],"version-history":[{"count":1,"href":"https:\/\/serveiseducatius.xtec.cat\/vallesoriental4\/wp-json\/wp\/v2\/posts\/13074\/revisions"}],"predecessor-version":[{"id":13076,"href":"https:\/\/serveiseducatius.xtec.cat\/vallesoriental4\/wp-json\/wp\/v2\/posts\/13074\/revisions\/13076"}],"wp:featuredmedia":[{"embeddable":true,"href":"https:\/\/serveiseducatius.xtec.cat\/vallesoriental4\/wp-json\/wp\/v2\/media\/13075"}],"wp:attachment":[{"href":"https:\/\/serveiseducatius.xtec.cat\/vallesoriental4\/wp-json\/wp\/v2\/media?parent=13074"}],"wp:term":[{"taxonomy":"category","embeddable":true,"href":"https:\/\/serveiseducatius.xtec.cat\/vallesoriental4\/wp-json\/wp\/v2\/categories?post=13074"},{"taxonomy":"post_tag","embeddable":true,"href":"https:\/\/serveiseducatius.xtec.cat\/vallesoriental4\/wp-json\/wp\/v2\/tags?post=13074"}],"curies":[{"name":"wp","href":"https:\/\/api.w.org\/{rel}","templated":true}]}}