{"id":12938,"date":"2018-12-03T09:49:56","date_gmt":"2018-12-03T08:49:56","guid":{"rendered":"http:\/\/serveiseducatius.xtec.cat\/vallesoriental4\/?p=12938"},"modified":"2018-12-03T09:49:56","modified_gmt":"2018-12-03T08:49:56","slug":"x-jornada-de-dialegs-educatius","status":"publish","type":"post","link":"https:\/\/serveiseducatius.xtec.cat\/vallesoriental4\/portada\/x-jornada-de-dialegs-educatius\/","title":{"rendered":"X Jornada de Di\u00e0legs Educatius"},"content":{"rendered":"<p>Us presentem la <strong>X Jornada de Di\u00e0legs Educatius<\/strong>, que en aquesta edici\u00f3 gira al voltant de les aportacions de la <strong>neuroci\u00e8ncia<\/strong> a l\u2019<strong>educaci\u00f3<\/strong>. Les diferents experi\u00e8ncies d\u2019enguany us oferiran eines pedag\u00f2giques per ajudar a millorar l\u2019educaci\u00f3.<a href=\"https:\/\/serveiseducatius.xtec.cat\/vallesoriental4\/wp-content\/uploads\/usu1133\/2018\/12\/untitled.png\"><img loading=\"lazy\" decoding=\"async\" class=\"alignright size-medium wp-image-12939\" src=\"https:\/\/serveiseducatius.xtec.cat\/vallesoriental4\/wp-content\/uploads\/usu1133\/2018\/12\/untitled-300x225.png\" alt=\"\" width=\"300\" height=\"225\" srcset=\"https:\/\/serveiseducatius.xtec.cat\/vallesoriental4\/wp-content\/uploads\/usu1133\/2018\/12\/untitled-300x225.png 300w, https:\/\/serveiseducatius.xtec.cat\/vallesoriental4\/wp-content\/uploads\/usu1133\/2018\/12\/untitled-200x150.png 200w, https:\/\/serveiseducatius.xtec.cat\/vallesoriental4\/wp-content\/uploads\/usu1133\/2018\/12\/untitled.png 384w\" sizes=\"auto, (max-width: 300px) 100vw, 300px\" \/><\/a><\/p>\n<p>Si voleu saber-ne m\u00e9s i con\u00e8ixer el programa, entreu al nostre Bloc d\u2019Educaci\u00f3, on tamb\u00e9 trobareu l\u2019enlla\u00e7 per tal que us hi pugueu inscriure:<\/p>\n<p><strong><a href=\"http:\/\/blocs.umanresa.cat\/educaciofub\/2018\/11\/30\/x-jornada-de-dialegs-educatius-neurociencia-i-educacio\/\" data-saferedirecturl=\"https:\/\/www.google.com\/url?q=http:\/\/blocs.umanresa.cat\/educaciofub\/2018\/11\/30\/x-jornada-de-dialegs-educatius-neurociencia-i-educacio\/&amp;source=gmail&amp;ust=1543912729357000&amp;usg=AFQjCNFPuRzKDZP7mBMaoTAOaJ7pPf5r_Q\">X Jornada de Di\u00e0legs Educatius [&gt;]<\/a><\/strong><\/p>\n","protected":false},"excerpt":{"rendered":"<p>Us presentem la X Jornada de Di\u00e0legs Educatius, que en aquesta edici\u00f3 gira al voltant de les aportacions de la neuroci\u00e8ncia a l\u2019educaci\u00f3. Les diferents experi\u00e8ncies d\u2019enguany us oferiran eines pedag\u00f2giques per ajudar a millorar l\u2019educaci\u00f3. Si voleu saber-ne m\u00e9s i con\u00e8ixer el programa, entreu al nostre Bloc d\u2019Educaci\u00f3, on tamb\u00e9 trobareu l\u2019enlla\u00e7 per tal [&hellip;]<\/p>\n","protected":false},"author":1,"featured_media":12939,"comment_status":"open","ping_status":"closed","sticky":false,"template":"","format":"standard","meta":{"_bbp_topic_count":0,"_bbp_reply_count":0,"_bbp_total_topic_count":0,"_bbp_total_reply_count":0,"_bbp_voice_count":0,"_bbp_anonymous_reply_count":0,"_bbp_topic_count_hidden":0,"_bbp_reply_count_hidden":0,"_bbp_forum_subforum_count":0,"site-sidebar-layout":"default","site-content-layout":"","ast-site-content-layout":"","site-content-style":"default","site-sidebar-style":"default","ast-global-header-display":"","ast-banner-title-visibility":"","ast-main-header-display":"","ast-hfb-above-header-display":"","ast-hfb-below-header-display":"","ast-hfb-mobile-header-display":"","site-post-title":"","ast-breadcrumbs-content":"","ast-featured-img":"","footer-sml-layout":"","theme-transparent-header-meta":"","adv-header-id-meta":"","stick-header-meta":"","header-above-stick-meta":"","header-main-stick-meta":"","header-below-stick-meta":"","astra-migrate-meta-layouts":"default","ast-page-background-enabled":"default","ast-page-background-meta":{"desktop":{"background-color":"var(--ast-global-color-4)","background-image":"","background-repeat":"repeat","background-position":"center center","background-size":"auto","background-attachment":"scroll","background-type":"","background-media":"","overlay-type":"","overlay-color":"","overlay-opacity":"","overlay-gradient":""},"tablet":{"background-color":"","background-image":"","background-repeat":"repeat","background-position":"center center","background-size":"auto","background-attachment":"scroll","background-type":"","background-media":"","overlay-type":"","overlay-color":"","overlay-opacity":"","overlay-gradient":""},"mobile":{"background-color":"","background-image":"","background-repeat":"repeat","background-position":"center center","background-size":"auto","background-attachment":"scroll","background-type":"","background-media":"","overlay-type":"","overlay-color":"","overlay-opacity":"","overlay-gradient":""}},"ast-content-background-meta":{"desktop":{"background-color":"var(--ast-global-color-5)","background-image":"","background-repeat":"repeat","background-position":"center center","background-size":"auto","background-attachment":"scroll","background-type":"","background-media":"","overlay-type":"","overlay-color":"","overlay-opacity":"","overlay-gradient":""},"tablet":{"background-color":"var(--ast-global-color-5)","background-image":"","background-repeat":"repeat","background-position":"center center","background-size":"auto","background-attachment":"scroll","background-type":"","background-media":"","overlay-type":"","overlay-color":"","overlay-opacity":"","overlay-gradient":""},"mobile":{"background-color":"var(--ast-global-color-5)","background-image":"","background-repeat":"repeat","background-position":"center center","background-size":"auto","background-attachment":"scroll","background-type":"","background-media":"","overlay-type":"","overlay-color":"","overlay-opacity":"","overlay-gradient":""}},"footnotes":""},"categories":[29],"tags":[],"class_list":["post-12938","post","type-post","status-publish","format-standard","has-post-thumbnail","hentry","category-portada"],"post_mailing_queue_ids":[],"_links":{"self":[{"href":"https:\/\/serveiseducatius.xtec.cat\/vallesoriental4\/wp-json\/wp\/v2\/posts\/12938","targetHints":{"allow":["GET"]}}],"collection":[{"href":"https:\/\/serveiseducatius.xtec.cat\/vallesoriental4\/wp-json\/wp\/v2\/posts"}],"about":[{"href":"https:\/\/serveiseducatius.xtec.cat\/vallesoriental4\/wp-json\/wp\/v2\/types\/post"}],"author":[{"embeddable":true,"href":"https:\/\/serveiseducatius.xtec.cat\/vallesoriental4\/wp-json\/wp\/v2\/users\/1"}],"replies":[{"embeddable":true,"href":"https:\/\/serveiseducatius.xtec.cat\/vallesoriental4\/wp-json\/wp\/v2\/comments?post=12938"}],"version-history":[{"count":1,"href":"https:\/\/serveiseducatius.xtec.cat\/vallesoriental4\/wp-json\/wp\/v2\/posts\/12938\/revisions"}],"predecessor-version":[{"id":12940,"href":"https:\/\/serveiseducatius.xtec.cat\/vallesoriental4\/wp-json\/wp\/v2\/posts\/12938\/revisions\/12940"}],"wp:featuredmedia":[{"embeddable":true,"href":"https:\/\/serveiseducatius.xtec.cat\/vallesoriental4\/wp-json\/wp\/v2\/media\/12939"}],"wp:attachment":[{"href":"https:\/\/serveiseducatius.xtec.cat\/vallesoriental4\/wp-json\/wp\/v2\/media?parent=12938"}],"wp:term":[{"taxonomy":"category","embeddable":true,"href":"https:\/\/serveiseducatius.xtec.cat\/vallesoriental4\/wp-json\/wp\/v2\/categories?post=12938"},{"taxonomy":"post_tag","embeddable":true,"href":"https:\/\/serveiseducatius.xtec.cat\/vallesoriental4\/wp-json\/wp\/v2\/tags?post=12938"}],"curies":[{"name":"wp","href":"https:\/\/api.w.org\/{rel}","templated":true}]}}