{"id":12925,"date":"2018-11-30T11:37:33","date_gmt":"2018-11-30T10:37:33","guid":{"rendered":"http:\/\/serveiseducatius.xtec.cat\/vallesoriental4\/?p=12925"},"modified":"2018-11-30T11:37:33","modified_gmt":"2018-11-30T10:37:33","slug":"1r-congres-deducacio-publica-a-catalunya","status":"publish","type":"post","link":"https:\/\/serveiseducatius.xtec.cat\/vallesoriental4\/portada\/1r-congres-deducacio-publica-a-catalunya\/","title":{"rendered":"1r Congr\u00e9s d&#8217;Educaci\u00f3 P\u00fablica a Catalunya"},"content":{"rendered":"<p>Un grup d&#8217;escoles pertanyents a la <strong>Xarxa 0-12 de la Federaci\u00f3 de MRP de Catalunya<\/strong>, estant impulsant la celebraci\u00f3 d&#8217;un Congr\u00e9s d&#8217;educaci\u00f3 publica a Catalunya.<\/p>\n<p><span style=\"font-family: arial,helvetica,sans-serif;\">Entre elles, tenim <strong>l&#8217;Escola Els Pinetons, de La Garriga,\u00a0<\/strong>que forma part del grup impulsor. Els promotors animen a tots aquells centres que ho desitgin, a sumar-s\u2019hi <a href=\"https:\/\/docs.google.com\/forms\/d\/e\/1FAIpQLScEJF-hJXXVQpj_HNeKTUEeC_pb9X3Vnpo9KWIBDT8YQCiiNA\/viewform\" target=\"_blank\" rel=\"noopener\" data-saferedirecturl=\"https:\/\/www.google.com\/url?q=https:\/\/docs.google.com\/forms\/d\/e\/1FAIpQLScEJF-hJXXVQpj_HNeKTUEeC_pb9X3Vnpo9KWIBDT8YQCiiNA\/viewform&amp;source=gmail&amp;ust=1543660028429000&amp;usg=AFQjCNEYPkhJCjwDbP7QWGx0uNKsxnTfbA\">a trav\u00e9s d\u2019aquest formulari d\u2019adhesi\u00f3<\/a>.<br \/>\n<\/span><\/p>\n<div>Trobareu tota la informaci\u00f3 al seg\u00fcent article:<\/div>\n<div>\n<div dir=\"ltr\">\n<div><a id=\"m_6304094054605041853gmail-m_-1434439578604901017m_2807698855138303111LPlnk391856\" href=\"http:\/\/diarieducacio.cat\/una-setantena-de-centres-promouen-el-primer-congres-deducacio-publica-a-catalunya\/\" target=\"_blank\" rel=\"noopener\" data-saferedirecturl=\"https:\/\/www.google.com\/url?q=http:\/\/diarieducacio.cat\/una-setantena-de-centres-promouen-el-primer-congres-deducacio-publica-a-catalunya\/&amp;source=gmail&amp;ust=1543660028429000&amp;usg=AFQjCNEcySupEP8aE_hyaQSU9VUYFmw8Ng\">http:\/\/diarieducacio.cat\/una-<wbr \/>setantena-de-centres-promouen-<wbr \/>el-primer-congres-deducacio-<wbr \/>publica-a-catalunya\/<\/a><\/div>\n<div><\/div>\n<div id=\"m_6304094054605041853gmail-m_-1434439578604901017m_2807698855138303111LPBorder_GTaHR0cDovL2RpYXJpZWR1Y2FjaW8uY2F0L3VuYS1zZXRhbnRlbmEtZGUtY2VudHJlcy1wcm9tb3Vlbi1lbC1wcmltZXItY29uZ3Jlcy1kZWR1Y2FjaW8tcHVibGljYS1hLWNhdGFsdW55YS8.\" class=\"m_6304094054605041853gmail-m_-1434439578604901017m_2807698855138303111LPBorder177854\">\n<table id=\"m_6304094054605041853gmail-m_-1434439578604901017m_2807698855138303111LPContainer177854\">\n<tbody>\n<tr valign=\"top\">\n<td>\n<div id=\"m_6304094054605041853gmail-m_-1434439578604901017m_2807698855138303111LPImageContainer177854\"><a id=\"m_6304094054605041853gmail-m_-1434439578604901017m_2807698855138303111LPImageAnchor177854\" href=\"http:\/\/diarieducacio.cat\/una-setantena-de-centres-promouen-el-primer-congres-deducacio-publica-a-catalunya\/\" target=\"_blank\" rel=\"noopener\" data-saferedirecturl=\"https:\/\/www.google.com\/url?q=http:\/\/diarieducacio.cat\/una-setantena-de-centres-promouen-el-primer-congres-deducacio-publica-a-catalunya\/&amp;source=gmail&amp;ust=1543660028429000&amp;usg=AFQjCNEcySupEP8aE_hyaQSU9VUYFmw8Ng\"><img loading=\"lazy\" decoding=\"async\" id=\"m_6304094054605041853gmail-m_-1434439578604901017m_2807698855138303111LPThumbnailImageId177854\" class=\"m_6304094054605041853gmail-CToWUd CToWUd\" src=\"https:\/\/ci4.googleusercontent.com\/proxy\/bAK0aHurPVujyiYKdqGW_jZNFdygZ0mrcRwHbd7SLwwtJmvgH4GHL0rYK0kDFZWAtzCnu96WNSFZqkZFLpNARRkDM0YLn9hXwZdg7yHZvwgU3O4=s0-d-e1-ft#http:\/\/diarieducacio.cat\/wp-content\/uploads\/2018\/11\/IMG_4023.jpg\" alt=\"\" width=\"240\" height=\"126\" \/><\/a><\/div>\n<\/td>\n<td>\n<div id=\"m_6304094054605041853gmail-m_-1434439578604901017m_2807698855138303111LPTitle177854\" style=\"font-family: 'wf_segoe-ui_light','Segoe UI Light','Segoe WP Light','Segoe UI','Segoe WP',Tahoma,Arial,sans-serif; font-size: 21px; font-weight: 300; margin-right: 8px; margin-bottom: 12px;\"><a id=\"m_6304094054605041853gmail-m_-1434439578604901017m_2807698855138303111LPUrlAnchor177854\" href=\"http:\/\/diarieducacio.cat\/una-setantena-de-centres-promouen-el-primer-congres-deducacio-publica-a-catalunya\/\" target=\"_blank\" rel=\"noopener\" data-saferedirecturl=\"https:\/\/www.google.com\/url?q=http:\/\/diarieducacio.cat\/una-setantena-de-centres-promouen-el-primer-congres-deducacio-publica-a-catalunya\/&amp;source=gmail&amp;ust=1543660028429000&amp;usg=AFQjCNEcySupEP8aE_hyaQSU9VUYFmw8Ng\">Consulta tots els centres que promouen el primer Congr\u00e9s d&#8217;Educaci\u00f3 P\u00fablica a Catalunya<\/a><\/div>\n<div id=\"m_6304094054605041853gmail-m_-1434439578604901017m_2807698855138303111LPDescription177854\" style=\"overflow: hidden; font-family: 'wf_segoe-ui_normal','Segoe UI','Segoe WP',Tahoma,Arial,sans-serif; font-size: 14px; margin-right: 8px; margin-bottom: 12px; max-height: 100px;\">Despr\u00e9s de mesos de contactes i consultes, finalment un nombr\u00f3s grup de centres p\u00fablics de Catalunya (de bressol, infantil i prim\u00e0ria i secund\u00e0ria) s&#8217;han proposat tirar endavant el 1r Congr\u00e9s d&#8217;Educaci\u00f3 P\u00fablica a Catalunya, els preparatius del qual arrenquen ara definitivament i que es preveu que tingui lloc el febrer de 2020.<\/div>\n<div id=\"m_6304094054605041853gmail-m_-1434439578604901017m_2807698855138303111LPMetadata177854\" style=\"color: #a6a6a6; font-family: 'wf_segoe-ui_normal','Segoe UI','Segoe WP',Tahoma,Arial,sans-serif; font-size: 14px; font-weight: 400;\"><a href=\"http:\/\/diarieducacio.cat\/\" target=\"_blank\" rel=\"noopener\" data-saferedirecturl=\"https:\/\/www.google.com\/url?q=http:\/\/diarieducacio.cat\/&amp;source=gmail&amp;ust=1543660028430000&amp;usg=AFQjCNFVO5Yu0GdiGIrGIpYvg10L3DpIIQ\">diarieducacio.cat<\/a><\/div>\n<\/td>\n<\/tr>\n<\/tbody>\n<\/table>\n<\/div>\n<\/div>\n<\/div>\n","protected":false},"excerpt":{"rendered":"<p>Un grup d&#8217;escoles pertanyents a la Xarxa 0-12 de la Federaci\u00f3 de MRP de Catalunya, estant impulsant la celebraci\u00f3 d&#8217;un Congr\u00e9s d&#8217;educaci\u00f3 publica a Catalunya. Entre elles, tenim l&#8217;Escola Els Pinetons, de La Garriga,\u00a0que forma part del grup impulsor. Els promotors animen a tots aquells centres que ho desitgin, a sumar-s\u2019hi a trav\u00e9s d\u2019aquest formulari [&hellip;]<\/p>\n","protected":false},"author":1,"featured_media":0,"comment_status":"open","ping_status":"closed","sticky":false,"template":"","format":"standard","meta":{"_bbp_topic_count":0,"_bbp_reply_count":0,"_bbp_total_topic_count":0,"_bbp_total_reply_count":0,"_bbp_voice_count":0,"_bbp_anonymous_reply_count":0,"_bbp_topic_count_hidden":0,"_bbp_reply_count_hidden":0,"_bbp_forum_subforum_count":0,"site-sidebar-layout":"default","site-content-layout":"","ast-site-content-layout":"","site-content-style":"default","site-sidebar-style":"default","ast-global-header-display":"","ast-banner-title-visibility":"","ast-main-header-display":"","ast-hfb-above-header-display":"","ast-hfb-below-header-display":"","ast-hfb-mobile-header-display":"","site-post-title":"","ast-breadcrumbs-content":"","ast-featured-img":"","footer-sml-layout":"","theme-transparent-header-meta":"","adv-header-id-meta":"","stick-header-meta":"","header-above-stick-meta":"","header-main-stick-meta":"","header-below-stick-meta":"","astra-migrate-meta-layouts":"default","ast-page-background-enabled":"default","ast-page-background-meta":{"desktop":{"background-color":"var(--ast-global-color-4)","background-image":"","background-repeat":"repeat","background-position":"center center","background-size":"auto","background-attachment":"scroll","background-type":"","background-media":"","overlay-type":"","overlay-color":"","overlay-opacity":"","overlay-gradient":""},"tablet":{"background-color":"","background-image":"","background-repeat":"repeat","background-position":"center center","background-size":"auto","background-attachment":"scroll","background-type":"","background-media":"","overlay-type":"","overlay-color":"","overlay-opacity":"","overlay-gradient":""},"mobile":{"background-color":"","background-image":"","background-repeat":"repeat","background-position":"center center","background-size":"auto","background-attachment":"scroll","background-type":"","background-media":"","overlay-type":"","overlay-color":"","overlay-opacity":"","overlay-gradient":""}},"ast-content-background-meta":{"desktop":{"background-color":"var(--ast-global-color-5)","background-image":"","background-repeat":"repeat","background-position":"center center","background-size":"auto","background-attachment":"scroll","background-type":"","background-media":"","overlay-type":"","overlay-color":"","overlay-opacity":"","overlay-gradient":""},"tablet":{"background-color":"var(--ast-global-color-5)","background-image":"","background-repeat":"repeat","background-position":"center center","background-size":"auto","background-attachment":"scroll","background-type":"","background-media":"","overlay-type":"","overlay-color":"","overlay-opacity":"","overlay-gradient":""},"mobile":{"background-color":"var(--ast-global-color-5)","background-image":"","background-repeat":"repeat","background-position":"center center","background-size":"auto","background-attachment":"scroll","background-type":"","background-media":"","overlay-type":"","overlay-color":"","overlay-opacity":"","overlay-gradient":""}},"footnotes":""},"categories":[29],"tags":[],"class_list":["post-12925","post","type-post","status-publish","format-standard","hentry","category-portada"],"post_mailing_queue_ids":[],"_links":{"self":[{"href":"https:\/\/serveiseducatius.xtec.cat\/vallesoriental4\/wp-json\/wp\/v2\/posts\/12925","targetHints":{"allow":["GET"]}}],"collection":[{"href":"https:\/\/serveiseducatius.xtec.cat\/vallesoriental4\/wp-json\/wp\/v2\/posts"}],"about":[{"href":"https:\/\/serveiseducatius.xtec.cat\/vallesoriental4\/wp-json\/wp\/v2\/types\/post"}],"author":[{"embeddable":true,"href":"https:\/\/serveiseducatius.xtec.cat\/vallesoriental4\/wp-json\/wp\/v2\/users\/1"}],"replies":[{"embeddable":true,"href":"https:\/\/serveiseducatius.xtec.cat\/vallesoriental4\/wp-json\/wp\/v2\/comments?post=12925"}],"version-history":[{"count":1,"href":"https:\/\/serveiseducatius.xtec.cat\/vallesoriental4\/wp-json\/wp\/v2\/posts\/12925\/revisions"}],"predecessor-version":[{"id":12926,"href":"https:\/\/serveiseducatius.xtec.cat\/vallesoriental4\/wp-json\/wp\/v2\/posts\/12925\/revisions\/12926"}],"wp:attachment":[{"href":"https:\/\/serveiseducatius.xtec.cat\/vallesoriental4\/wp-json\/wp\/v2\/media?parent=12925"}],"wp:term":[{"taxonomy":"category","embeddable":true,"href":"https:\/\/serveiseducatius.xtec.cat\/vallesoriental4\/wp-json\/wp\/v2\/categories?post=12925"},{"taxonomy":"post_tag","embeddable":true,"href":"https:\/\/serveiseducatius.xtec.cat\/vallesoriental4\/wp-json\/wp\/v2\/tags?post=12925"}],"curies":[{"name":"wp","href":"https:\/\/api.w.org\/{rel}","templated":true}]}}