{"id":12891,"date":"2018-11-19T15:38:57","date_gmt":"2018-11-19T14:38:57","guid":{"rendered":"http:\/\/serveiseducatius.xtec.cat\/vallesoriental4\/?p=12891"},"modified":"2018-11-19T15:38:57","modified_gmt":"2018-11-19T14:38:57","slug":"laprenentatge-servei-un-pont-entre-la-innovacio-educativa-i-el-desenvolupament-sostenible","status":"publish","type":"post","link":"https:\/\/serveiseducatius.xtec.cat\/vallesoriental4\/portada\/laprenentatge-servei-un-pont-entre-la-innovacio-educativa-i-el-desenvolupament-sostenible\/","title":{"rendered":"L\u2019Aprenentatge Servei, un pont entre la innovaci\u00f3 educativa i el desenvolupament sostenible"},"content":{"rendered":"<p>Confer\u00e8ncia a c\u00e0rrec de la Senyora Nieves T\u00e0pia, fundadora i directora del Centro Latinoamericano de Aprendizaje y Servicio Solidario, amb seu a Buenos Aires.<\/p>\n<p><b>Lloc: Casa del Mar. c. Albareda, 1-13 ( Barcelona )<br \/>\n<\/b><\/p>\n<p><b>Dia: 10 de desembre de 2018<\/b><\/p>\n<h6><b><span style=\"font-size: small;\">Hora: 18:00 \u2013 20:00<\/span><\/b><\/h6>\n<p>&nbsp;<\/p>\n<p><a href=\"https:\/\/aplicacions.gestioeducativa.gencat.cat\/pls\/soloas\/pk_for_mod_ins.p_for_cons_activitats?p_any=2018-2019&amp;p_codi=1040401104\" target=\"_blank\" rel=\"noopener\" data-saferedirecturl=\"https:\/\/www.google.com\/url?q=https:\/\/aplicacions.gestioeducativa.gencat.cat\/pls\/soloas\/pk_for_mod_ins.p_for_cons_activitats?p_any%3D2018-2019%26p_codi%3D1040401104&amp;source=gmail&amp;ust=1542718024756000&amp;usg=AFQjCNGLdGG1eHrmTUzQOj8l_Ciuw8OQ1w\">Inscripcions professorat<\/a><\/p>\n<p><a href=\"https:\/\/inscripcions-ajuntament.barcelona.cat\/index.php\/366246\" target=\"_blank\" rel=\"noopener\" data-saferedirecturl=\"https:\/\/www.google.com\/url?q=https:\/\/inscripcions-ajuntament.barcelona.cat\/index.php\/366246&amp;source=gmail&amp;ust=1542718024756000&amp;usg=AFQjCNFABo4gO4EVLfhadlSLTWJE1GsHlA\">Inscripcions entitats<\/a><\/p>\n","protected":false},"excerpt":{"rendered":"<p>Confer\u00e8ncia a c\u00e0rrec de la Senyora Nieves T\u00e0pia, fundadora i directora del Centro Latinoamericano de Aprendizaje y Servicio Solidario, amb seu a Buenos Aires. Lloc: Casa del Mar. c. Albareda, 1-13 ( Barcelona ) Dia: 10 de desembre de 2018 Hora: 18:00 \u2013 20:00 &nbsp; Inscripcions professorat Inscripcions entitats<\/p>\n","protected":false},"author":1,"featured_media":9798,"comment_status":"open","ping_status":"closed","sticky":false,"template":"","format":"standard","meta":{"_bbp_topic_count":0,"_bbp_reply_count":0,"_bbp_total_topic_count":0,"_bbp_total_reply_count":0,"_bbp_voice_count":0,"_bbp_anonymous_reply_count":0,"_bbp_topic_count_hidden":0,"_bbp_reply_count_hidden":0,"_bbp_forum_subforum_count":0,"site-sidebar-layout":"default","site-content-layout":"","ast-site-content-layout":"","site-content-style":"default","site-sidebar-style":"default","ast-global-header-display":"","ast-banner-title-visibility":"","ast-main-header-display":"","ast-hfb-above-header-display":"","ast-hfb-below-header-display":"","ast-hfb-mobile-header-display":"","site-post-title":"","ast-breadcrumbs-content":"","ast-featured-img":"","footer-sml-layout":"","theme-transparent-header-meta":"","adv-header-id-meta":"","stick-header-meta":"","header-above-stick-meta":"","header-main-stick-meta":"","header-below-stick-meta":"","astra-migrate-meta-layouts":"default","ast-page-background-enabled":"default","ast-page-background-meta":{"desktop":{"background-color":"var(--ast-global-color-4)","background-image":"","background-repeat":"repeat","background-position":"center center","background-size":"auto","background-attachment":"scroll","background-type":"","background-media":"","overlay-type":"","overlay-color":"","overlay-opacity":"","overlay-gradient":""},"tablet":{"background-color":"","background-image":"","background-repeat":"repeat","background-position":"center center","background-size":"auto","background-attachment":"scroll","background-type":"","background-media":"","overlay-type":"","overlay-color":"","overlay-opacity":"","overlay-gradient":""},"mobile":{"background-color":"","background-image":"","background-repeat":"repeat","background-position":"center center","background-size":"auto","background-attachment":"scroll","background-type":"","background-media":"","overlay-type":"","overlay-color":"","overlay-opacity":"","overlay-gradient":""}},"ast-content-background-meta":{"desktop":{"background-color":"var(--ast-global-color-5)","background-image":"","background-repeat":"repeat","background-position":"center center","background-size":"auto","background-attachment":"scroll","background-type":"","background-media":"","overlay-type":"","overlay-color":"","overlay-opacity":"","overlay-gradient":""},"tablet":{"background-color":"var(--ast-global-color-5)","background-image":"","background-repeat":"repeat","background-position":"center center","background-size":"auto","background-attachment":"scroll","background-type":"","background-media":"","overlay-type":"","overlay-color":"","overlay-opacity":"","overlay-gradient":""},"mobile":{"background-color":"var(--ast-global-color-5)","background-image":"","background-repeat":"repeat","background-position":"center center","background-size":"auto","background-attachment":"scroll","background-type":"","background-media":"","overlay-type":"","overlay-color":"","overlay-opacity":"","overlay-gradient":""}},"footnotes":""},"categories":[29,77],"tags":[],"class_list":["post-12891","post","type-post","status-publish","format-standard","has-post-thumbnail","hentry","category-portada","category-servei-comunitari"],"post_mailing_queue_ids":[],"_links":{"self":[{"href":"https:\/\/serveiseducatius.xtec.cat\/vallesoriental4\/wp-json\/wp\/v2\/posts\/12891","targetHints":{"allow":["GET"]}}],"collection":[{"href":"https:\/\/serveiseducatius.xtec.cat\/vallesoriental4\/wp-json\/wp\/v2\/posts"}],"about":[{"href":"https:\/\/serveiseducatius.xtec.cat\/vallesoriental4\/wp-json\/wp\/v2\/types\/post"}],"author":[{"embeddable":true,"href":"https:\/\/serveiseducatius.xtec.cat\/vallesoriental4\/wp-json\/wp\/v2\/users\/1"}],"replies":[{"embeddable":true,"href":"https:\/\/serveiseducatius.xtec.cat\/vallesoriental4\/wp-json\/wp\/v2\/comments?post=12891"}],"version-history":[{"count":1,"href":"https:\/\/serveiseducatius.xtec.cat\/vallesoriental4\/wp-json\/wp\/v2\/posts\/12891\/revisions"}],"predecessor-version":[{"id":12892,"href":"https:\/\/serveiseducatius.xtec.cat\/vallesoriental4\/wp-json\/wp\/v2\/posts\/12891\/revisions\/12892"}],"wp:featuredmedia":[{"embeddable":true,"href":"https:\/\/serveiseducatius.xtec.cat\/vallesoriental4\/wp-json\/wp\/v2\/media\/9798"}],"wp:attachment":[{"href":"https:\/\/serveiseducatius.xtec.cat\/vallesoriental4\/wp-json\/wp\/v2\/media?parent=12891"}],"wp:term":[{"taxonomy":"category","embeddable":true,"href":"https:\/\/serveiseducatius.xtec.cat\/vallesoriental4\/wp-json\/wp\/v2\/categories?post=12891"},{"taxonomy":"post_tag","embeddable":true,"href":"https:\/\/serveiseducatius.xtec.cat\/vallesoriental4\/wp-json\/wp\/v2\/tags?post=12891"}],"curies":[{"name":"wp","href":"https:\/\/api.w.org\/{rel}","templated":true}]}}