{"id":12780,"date":"2018-10-22T11:51:02","date_gmt":"2018-10-22T09:51:02","guid":{"rendered":"http:\/\/serveiseducatius.xtec.cat\/vallesoriental4\/?p=12780"},"modified":"2018-10-22T11:51:02","modified_gmt":"2018-10-22T09:51:02","slug":"i-jornada-de-tca-i-accio-social-els-trastorns-de-la-conducta-alimentaria-i-el-seu-abordatge-socioeducatiu","status":"publish","type":"post","link":"https:\/\/serveiseducatius.xtec.cat\/vallesoriental4\/portada\/i-jornada-de-tca-i-accio-social-els-trastorns-de-la-conducta-alimentaria-i-el-seu-abordatge-socioeducatiu\/","title":{"rendered":"I Jornada de TCA i Acci\u00f3 Social: \u201cEls trastorns de la Conducta Aliment\u00e0ria i el seu abordatge socioeducatiu\u201d"},"content":{"rendered":"<p>Des de la Fundaci\u00f3 FITA ens plau convidar-vos a la <strong>I Jornada de TCA i Acci\u00f3 Social: \u201cEls trastorns de la Conducta Aliment\u00e0ria i el seu abordatge socioeducatiu\u201d <\/strong>que es dur\u00e0 a terme el proper <strong>dilluns 26 de Novembre de 2018 de 9 a 15h al CaixaForum de Barcelona<\/strong>.<\/p>\n<p>Un espai per parlar dels TCA des d\u2019una perspectiva social i educativa on <strong>escoltarem persones afectades de TCA, professionals de salut i l\u2019educaci\u00f3<\/strong> i coneixerem nous projectes que s\u2019estan duent a terme amb l\u2019objectiu de prevenir els TCA i millorar-ne la seva detecci\u00f3 i el seu abordatge.<\/p>\n<p>La jornada s\u2019adre\u00e7a a fam\u00edlies, mestres, professionals de l\u2019educaci\u00f3 i el treball social, professionals de la salut mental i a qualsevol persona que estigui interessada en entendre i con\u00e8ixer els TCA.<\/p>\n<p>La <strong>inscripci\u00f3 \u00e9s gratu\u00efta pr\u00e8via reserva de pla\u00e7a<\/strong> a: <a href=\"mailto:projectes@fundacion-ita.org\">projectes@fundacion-ita.org<\/a><\/p>\n<p><a href=\"https:\/\/serveiseducatius.xtec.cat\/vallesoriental4\/wp-content\/uploads\/usu1133\/2018\/10\/unnamed-1.jpg\"><img loading=\"lazy\" decoding=\"async\" class=\"alignright size-full wp-image-12781\" src=\"https:\/\/serveiseducatius.xtec.cat\/vallesoriental4\/wp-content\/uploads\/usu1133\/2018\/10\/unnamed-1.jpg\" alt=\"\" width=\"221\" height=\"124\" \/><\/a><\/p>\n<p>Adjunt al correu hi trobareu el programa de la jornada. Trobareu m\u00e9s informaci\u00f3 a <a href=\"https:\/\/ituquepensesfer.org\/i-jornada-de-tca-i-accio-social-els-trastorns-de-la-conducta-alimentaria-i-el-seu-abordatge-socioeducatiu\/\" data-saferedirecturl=\"https:\/\/www.google.com\/url?q=https:\/\/ituquepensesfer.org\/i-jornada-de-tca-i-accio-social-els-trastorns-de-la-conducta-alimentaria-i-el-seu-abordatge-socioeducatiu\/&amp;source=gmail&amp;ust=1540287202247000&amp;usg=AFQjCNFiNJxAJrjufijaZP1t8xySB5wdNw\">https:\/\/ituquepensesfer.org\/i-jornada-de-tca-i-accio-social-els-trastorns-de-la-conducta-alimentaria-i-el-seu-abordatge-socioeducatiu\/<\/a><\/p>\n","protected":false},"excerpt":{"rendered":"<p>Des de la Fundaci\u00f3 FITA ens plau convidar-vos a la I Jornada de TCA i Acci\u00f3 Social: \u201cEls trastorns de la Conducta Aliment\u00e0ria i el seu abordatge socioeducatiu\u201d que es dur\u00e0 a terme el proper dilluns 26 de Novembre de 2018 de 9 a 15h al CaixaForum de Barcelona. Un espai per parlar dels TCA [&hellip;]<\/p>\n","protected":false},"author":1,"featured_media":12781,"comment_status":"closed","ping_status":"closed","sticky":false,"template":"","format":"standard","meta":{"_bbp_topic_count":0,"_bbp_reply_count":0,"_bbp_total_topic_count":0,"_bbp_total_reply_count":0,"_bbp_voice_count":0,"_bbp_anonymous_reply_count":0,"_bbp_topic_count_hidden":0,"_bbp_reply_count_hidden":0,"_bbp_forum_subforum_count":0,"site-sidebar-layout":"default","site-content-layout":"","ast-site-content-layout":"","site-content-style":"default","site-sidebar-style":"default","ast-global-header-display":"","ast-banner-title-visibility":"","ast-main-header-display":"","ast-hfb-above-header-display":"","ast-hfb-below-header-display":"","ast-hfb-mobile-header-display":"","site-post-title":"","ast-breadcrumbs-content":"","ast-featured-img":"","footer-sml-layout":"","theme-transparent-header-meta":"","adv-header-id-meta":"","stick-header-meta":"","header-above-stick-meta":"","header-main-stick-meta":"","header-below-stick-meta":"","astra-migrate-meta-layouts":"default","ast-page-background-enabled":"default","ast-page-background-meta":{"desktop":{"background-color":"var(--ast-global-color-4)","background-image":"","background-repeat":"repeat","background-position":"center center","background-size":"auto","background-attachment":"scroll","background-type":"","background-media":"","overlay-type":"","overlay-color":"","overlay-opacity":"","overlay-gradient":""},"tablet":{"background-color":"","background-image":"","background-repeat":"repeat","background-position":"center center","background-size":"auto","background-attachment":"scroll","background-type":"","background-media":"","overlay-type":"","overlay-color":"","overlay-opacity":"","overlay-gradient":""},"mobile":{"background-color":"","background-image":"","background-repeat":"repeat","background-position":"center center","background-size":"auto","background-attachment":"scroll","background-type":"","background-media":"","overlay-type":"","overlay-color":"","overlay-opacity":"","overlay-gradient":""}},"ast-content-background-meta":{"desktop":{"background-color":"var(--ast-global-color-5)","background-image":"","background-repeat":"repeat","background-position":"center center","background-size":"auto","background-attachment":"scroll","background-type":"","background-media":"","overlay-type":"","overlay-color":"","overlay-opacity":"","overlay-gradient":""},"tablet":{"background-color":"var(--ast-global-color-5)","background-image":"","background-repeat":"repeat","background-position":"center center","background-size":"auto","background-attachment":"scroll","background-type":"","background-media":"","overlay-type":"","overlay-color":"","overlay-opacity":"","overlay-gradient":""},"mobile":{"background-color":"var(--ast-global-color-5)","background-image":"","background-repeat":"repeat","background-position":"center center","background-size":"auto","background-attachment":"scroll","background-type":"","background-media":"","overlay-type":"","overlay-color":"","overlay-opacity":"","overlay-gradient":""}},"footnotes":""},"categories":[29],"tags":[],"class_list":["post-12780","post","type-post","status-publish","format-standard","has-post-thumbnail","hentry","category-portada"],"post_mailing_queue_ids":[],"_links":{"self":[{"href":"https:\/\/serveiseducatius.xtec.cat\/vallesoriental4\/wp-json\/wp\/v2\/posts\/12780","targetHints":{"allow":["GET"]}}],"collection":[{"href":"https:\/\/serveiseducatius.xtec.cat\/vallesoriental4\/wp-json\/wp\/v2\/posts"}],"about":[{"href":"https:\/\/serveiseducatius.xtec.cat\/vallesoriental4\/wp-json\/wp\/v2\/types\/post"}],"author":[{"embeddable":true,"href":"https:\/\/serveiseducatius.xtec.cat\/vallesoriental4\/wp-json\/wp\/v2\/users\/1"}],"replies":[{"embeddable":true,"href":"https:\/\/serveiseducatius.xtec.cat\/vallesoriental4\/wp-json\/wp\/v2\/comments?post=12780"}],"version-history":[{"count":1,"href":"https:\/\/serveiseducatius.xtec.cat\/vallesoriental4\/wp-json\/wp\/v2\/posts\/12780\/revisions"}],"predecessor-version":[{"id":12782,"href":"https:\/\/serveiseducatius.xtec.cat\/vallesoriental4\/wp-json\/wp\/v2\/posts\/12780\/revisions\/12782"}],"wp:featuredmedia":[{"embeddable":true,"href":"https:\/\/serveiseducatius.xtec.cat\/vallesoriental4\/wp-json\/wp\/v2\/media\/12781"}],"wp:attachment":[{"href":"https:\/\/serveiseducatius.xtec.cat\/vallesoriental4\/wp-json\/wp\/v2\/media?parent=12780"}],"wp:term":[{"taxonomy":"category","embeddable":true,"href":"https:\/\/serveiseducatius.xtec.cat\/vallesoriental4\/wp-json\/wp\/v2\/categories?post=12780"},{"taxonomy":"post_tag","embeddable":true,"href":"https:\/\/serveiseducatius.xtec.cat\/vallesoriental4\/wp-json\/wp\/v2\/tags?post=12780"}],"curies":[{"name":"wp","href":"https:\/\/api.w.org\/{rel}","templated":true}]}}