{"id":837,"count":0,"description":"4a edici\u00f3 de la Fira de mostres de rob\u00f2tica i steam\r\n\r\nrealitzada al Centre C\u00edvic i Cultural La F\u00e0brica\r\n\r\nComptem amb la col.laboraci\u00f3 de Canal Set. Santa Eul\u00e0lia Televisi\u00f3","link":"https:\/\/serveiseducatius.xtec.cat\/vallesoriental4\/categoria\/fira-de-mostres-robotica-i-steam\/4a-edicio-fira-a-santa-eulalia-de-roncana\/","name":"4a edici\u00f3 Fira a Santa Eul\u00e0lia de Ron\u00e7ana","slug":"4a-edicio-fira-a-santa-eulalia-de-roncana","taxonomy":"category","parent":815,"meta":[],"_links":{"self":[{"href":"https:\/\/serveiseducatius.xtec.cat\/vallesoriental4\/wp-json\/wp\/v2\/categories\/837","targetHints":{"allow":["GET"]}}],"collection":[{"href":"https:\/\/serveiseducatius.xtec.cat\/vallesoriental4\/wp-json\/wp\/v2\/categories"}],"about":[{"href":"https:\/\/serveiseducatius.xtec.cat\/vallesoriental4\/wp-json\/wp\/v2\/taxonomies\/category"}],"up":[{"embeddable":true,"href":"https:\/\/serveiseducatius.xtec.cat\/vallesoriental4\/wp-json\/wp\/v2\/categories\/815"}],"wp:post_type":[{"href":"https:\/\/serveiseducatius.xtec.cat\/vallesoriental4\/wp-json\/wp\/v2\/posts?categories=837"}],"curies":[{"name":"wp","href":"https:\/\/api.w.org\/{rel}","templated":true}]}}