{"id":830,"count":13,"description":"<p style=\"text-align: center;\">La 2a edici\u00f3 de la Fira de mostres de rob\u00f2tica i steam s'ha realitzat a la pista poliesportiva de Lli\u00e7\u00e0 de Vall.<\/p>\r\n<p style=\"text-align: center;\">Hem comptat amb la col.laboraci\u00f3 de R\u00e0dio Vinyalet, de l'Escola Els Vinyals, de Lli\u00e7\u00e0 de Vall.<\/p>","link":"https:\/\/serveiseducatius.xtec.cat\/vallesoriental4\/categoria\/fira-de-mostres-robotica-i-steam\/2a-edicio-fira-a-llica-de-vall\/","name":"2a edici\u00f3 Fira a Lli\u00e7\u00e0 de Vall","slug":"2a-edicio-fira-a-llica-de-vall","taxonomy":"category","parent":815,"meta":[],"_links":{"self":[{"href":"https:\/\/serveiseducatius.xtec.cat\/vallesoriental4\/wp-json\/wp\/v2\/categories\/830","targetHints":{"allow":["GET"]}}],"collection":[{"href":"https:\/\/serveiseducatius.xtec.cat\/vallesoriental4\/wp-json\/wp\/v2\/categories"}],"about":[{"href":"https:\/\/serveiseducatius.xtec.cat\/vallesoriental4\/wp-json\/wp\/v2\/taxonomies\/category"}],"up":[{"embeddable":true,"href":"https:\/\/serveiseducatius.xtec.cat\/vallesoriental4\/wp-json\/wp\/v2\/categories\/815"}],"wp:post_type":[{"href":"https:\/\/serveiseducatius.xtec.cat\/vallesoriental4\/wp-json\/wp\/v2\/posts?categories=830"}],"curies":[{"name":"wp","href":"https:\/\/api.w.org\/{rel}","templated":true}]}}