{"id":829,"count":15,"description":"<p style=\"text-align: center;\">1a edici\u00f3 de la Fira de mostres de rob\u00f2tica i steam<\/p>\r\n<p style=\"text-align: center;\">realitzada al pavell\u00f3 municipal de Bigues i Riells del Fai.<\/p>\r\n<p style=\"text-align: center;\">Hem comptat amb la col.laboraci\u00f3 de R\u00e0dio El Tur\u00f3, de l'Escola El Tur\u00f3 de Bigues i Riells del Fai.<\/p>","link":"https:\/\/serveiseducatius.xtec.cat\/vallesoriental4\/categoria\/fira-de-mostres-robotica-i-steam\/1a-edicio-fira-a-bigues-i-riells-del-fai\/","name":"1a edici\u00f3 Fira a Bigues i Riells del Fai","slug":"1a-edicio-fira-a-bigues-i-riells-del-fai","taxonomy":"category","parent":815,"meta":[],"_links":{"self":[{"href":"https:\/\/serveiseducatius.xtec.cat\/vallesoriental4\/wp-json\/wp\/v2\/categories\/829","targetHints":{"allow":["GET"]}}],"collection":[{"href":"https:\/\/serveiseducatius.xtec.cat\/vallesoriental4\/wp-json\/wp\/v2\/categories"}],"about":[{"href":"https:\/\/serveiseducatius.xtec.cat\/vallesoriental4\/wp-json\/wp\/v2\/taxonomies\/category"}],"up":[{"embeddable":true,"href":"https:\/\/serveiseducatius.xtec.cat\/vallesoriental4\/wp-json\/wp\/v2\/categories\/815"}],"wp:post_type":[{"href":"https:\/\/serveiseducatius.xtec.cat\/vallesoriental4\/wp-json\/wp\/v2\/posts?categories=829"}],"curies":[{"name":"wp","href":"https:\/\/api.w.org\/{rel}","templated":true}]}}