{"id":20887,"date":"2022-09-08T13:06:35","date_gmt":"2022-09-08T11:06:35","guid":{"rendered":"https:\/\/serveiseducatius.xtec.cat\/vallesoriental3\/?p=20887"},"modified":"2022-09-08T13:06:35","modified_gmt":"2022-09-08T11:06:35","slug":"jornada-pedagogica-sobre-dones-memoria-i-literatura","status":"publish","type":"post","link":"https:\/\/serveiseducatius.xtec.cat\/vallesoriental3\/portada\/jornada-pedagogica-sobre-dones-memoria-i-literatura\/","title":{"rendered":"Jornada pedag\u00f2gica sobre dones, mem\u00f2ria i literatura"},"content":{"rendered":"<p><span style=\"color: #000000; font-family: arial, sans-serif;\"><img loading=\"lazy\" decoding=\"async\" class=\"alignleft wp-image-20888 size-medium\" src=\"https:\/\/serveiseducatius.xtec.cat\/vallesoriental3\/wp-content\/uploads\/usu768\/2022\/09\/Captura-1-210x214.png\" alt=\"\" width=\"210\" height=\"214\" srcset=\"https:\/\/serveiseducatius.xtec.cat\/vallesoriental3\/wp-content\/uploads\/usu768\/2022\/09\/Captura-1-210x214.png 210w, https:\/\/serveiseducatius.xtec.cat\/vallesoriental3\/wp-content\/uploads\/usu768\/2022\/09\/Captura-1-768x783.png 768w, https:\/\/serveiseducatius.xtec.cat\/vallesoriental3\/wp-content\/uploads\/usu768\/2022\/09\/Captura-1.png 780w\" sizes=\"auto, (max-width: 210px) 100vw, 210px\" \/>La Societat Catalana d&#8217;Hist\u00f2ria Cultural i l&#8217;Institut Superior de Ci\u00e8ncies Religioses de Barcelona, que gaudeix de la pres\u00e8ncia destacada de la Universitat de Barcelona organitza la <span style=\"font-size: small;\"><span lang=\"CA\"><b>Jornada Pedag\u00f2gica sobre dones, mem\u00f2ria i literatura (a prop\u00f2sit de la cacera de bruixes a Catalunya entre els segles XV i XVIII)\u00a0<\/b>que tindr\u00e0 lloc el dia 22 d&#8217;octubre de 2022.<\/span><\/span><\/span><\/p>\n<p><span style=\"color: #000000; font-family: arial, sans-serif;\">\u00a0<\/span><span style=\"color: #000000; font-family: arial, sans-serif;\">Aquesta jornada\u00a0<u>compta amb el reconeixement del Departament d&#8217;Educaci\u00f3 com a activitat semipresencial de formaci\u00f3 permanent del personal docent no universitari amb una durada de 20 hores i amb el patrocini del Departament de Cultura i la Fundaci\u00f3 Cavall Fort com a acci\u00f3 de foment de l&#8217;h\u00e0bit lector<\/u>.<\/span><\/p>\n<p><span style=\"color: #000000; font-family: arial, sans-serif; font-size: small;\"><span lang=\"CA\">\u2734Des d&#8217;una \u00f2ptica hist\u00f2rica, la cacera de bruixes constitueix un fenomen que s&#8217;inicia a diferents zones de la Mediterr\u00e0nia occidental en la baixa \u00e8poca medieval i que s&#8217;est\u00e9n al centre i el nord del continent europeu \u2014i, fins i tot, a les col\u00f2nies nord-americanes\u2014 en l&#8217;\u00e8poca moderna. En s\u00edntesi, se salda amb milers d&#8217;individus \u2014majorit\u00e0riament dones\u2014 acusats, processats i castigats per tribunals civils i eclesi\u00e0stics. Entre les punicions, es compta sovint la pena capital.<\/span><\/span><span style=\"color: #000000; font-family: arial, sans-serif; font-size: small;\"><span lang=\"CA\">En el fons, aquest fenomen es produeix en conson\u00e0ncia amb un delicte nou: el de bruixeria. Fet i fet, un delicte que s&#8217;articula a partir de mesclar diferents aspectes que provenen de certes tradicions anteriors amb algunes q\u00fcestions forjades en la baixa \u00e8poca medieval i que tenen les dimensions social, religiosa i etnopo\u00e8tica com a denominadors comuns. Aix\u00ed, per exemple, aplega l&#8217;antisemitisme, la misog\u00ednia, la superaci\u00f3 de la teologia agustiniana, la consolidaci\u00f3 de la demonologia tomista, la predicaci\u00f3 oposada a certs costums i usos, l&#8217;acci\u00f3 inquisitorial contra les doctrines her\u00e8tiques, les supersticions at\u00e0viques sobre la m\u00e0gia negra i la diabolitzaci\u00f3 co\u0140lectiva d&#8217;esperits i arquetipus folkl\u00f2rics.<\/span><\/span><span style=\"color: #000000; font-family: arial, sans-serif; font-size: small;\"><span lang=\"CA\">Comptat i debatut, Catalunya coneix una incid\u00e8ncia forta d&#8217;aquest fenomen. No endebades, \u00e9s l&#8217;escenari on el 1424 es dona forma a la primera norma europea contra el delicte de bruixeria. I, tamb\u00e9, \u00e9s un dels indrets on entre el 1618 i el 1622 es desplega una activitat no sols fren\u00e8tica sin\u00f3 sobretot cruenta contra les persones sospitoses de perpetrar-lo mentrestant es travessa la petita \u00e8poca glacial amb qu\u00e8 es tanca l&#8217;\u00f2ptim clim\u00e0tic medieval. En definitiva, esdev\u00e9 un espai idoni per estudiar-ne, d&#8217;una banda, les dimensions i, d&#8217;una altra, les causes i les repercussions.<\/span><\/span><\/p>\n<p><span style=\"color: #000000; font-family: arial, sans-serif;\">Trobareu m\u00e9s informaci\u00f3 detallada a<b>:<\/b><\/span><\/p>\n<p><span style=\"color: #000000; font-family: arial, sans-serif;\"><span style=\"font-size: small;\"><span lang=\"CA\">\u00a0\u25cf\u00a0 Programa:\u00a0<\/span><\/span><b><span style=\"font-size: small;\"><span lang=\"CA\"><a href=\"https:\/\/eur03.safelinks.protection.outlook.com\/?url=https%3A%2F%2Fbit.ly%2Fjornadadones2022_programa&amp;data=05%7C01%7Cserveis_edu_mvo.educacio%40gencat.cat%7C61b087864fcb4fbf547808da8ca059f9%7C3b9427dcd30e43bc8c06ff7253676fec%7C1%7C0%7C637976917688310015%7CUnknown%7CTWFpbGZsb3d8eyJWIjoiMC4wLjAwMDAiLCJQIjoiV2luMzIiLCJBTiI6Ik1haWwiLCJXVCI6Mn0%3D%7C3000%7C%7C%7C&amp;sdata=RqYovewKJh0NCFmrMBxoTBNVsJZKyPUC%2BvBPu28WLl4%3D&amp;reserved=0\" target=\"_blank\" rel=\"noopener\" data-saferedirecturl=\"https:\/\/www.google.com\/url?q=https:\/\/eur03.safelinks.protection.outlook.com\/?url%3Dhttps%253A%252F%252Fbit.ly%252Fjornadadones2022_programa%26data%3D05%257C01%257Cserveis_edu_mvo.educacio%2540gencat.cat%257C61b087864fcb4fbf547808da8ca059f9%257C3b9427dcd30e43bc8c06ff7253676fec%257C1%257C0%257C637976917688310015%257CUnknown%257CTWFpbGZsb3d8eyJWIjoiMC4wLjAwMDAiLCJQIjoiV2luMzIiLCJBTiI6Ik1haWwiLCJXVCI6Mn0%253D%257C3000%257C%257C%257C%26sdata%3DRqYovewKJh0NCFmrMBxoTBNVsJZKyPUC%252BvBPu28WLl4%253D%26reserved%3D0&amp;source=gmail&amp;ust=1662706033590000&amp;usg=AOvVaw3pJ2YHIlZPVaj_NlNrlHce\">https:\/\/bit.ly\/<wbr \/>jornadadones2022_programa<\/a><\/span><\/span><\/b><\/span><span style=\"color: #000000; font-family: arial, sans-serif;\"><span style=\"font-size: small;\"><span lang=\"CA\">\u00a0<\/span><\/span><\/span><\/p>\n<p><span style=\"color: #000000; font-family: arial, sans-serif;\"><span style=\"font-size: small;\"><span lang=\"CA\">\u25cf\u00a0 Inscripci\u00f3:\u00a0<\/span><\/span><span style=\"font-size: small;\"><span lang=\"CA\"><a href=\"https:\/\/eur03.safelinks.protection.outlook.com\/?url=https%3A%2F%2Fbit.ly%2Fjornadadones2022_inscripcio&amp;data=05%7C01%7Cserveis_edu_mvo.educacio%40gencat.cat%7C61b087864fcb4fbf547808da8ca059f9%7C3b9427dcd30e43bc8c06ff7253676fec%7C1%7C0%7C637976917688466245%7CUnknown%7CTWFpbGZsb3d8eyJWIjoiMC4wLjAwMDAiLCJQIjoiV2luMzIiLCJBTiI6Ik1haWwiLCJXVCI6Mn0%3D%7C3000%7C%7C%7C&amp;sdata=yjXyYJDS5757uK%2BfROIzawWkBs7nFiXoMBbh%2Fhh6Kjc%3D&amp;reserved=0\" target=\"_blank\" rel=\"noopener\" data-saferedirecturl=\"https:\/\/www.google.com\/url?q=https:\/\/eur03.safelinks.protection.outlook.com\/?url%3Dhttps%253A%252F%252Fbit.ly%252Fjornadadones2022_inscripcio%26data%3D05%257C01%257Cserveis_edu_mvo.educacio%2540gencat.cat%257C61b087864fcb4fbf547808da8ca059f9%257C3b9427dcd30e43bc8c06ff7253676fec%257C1%257C0%257C637976917688466245%257CUnknown%257CTWFpbGZsb3d8eyJWIjoiMC4wLjAwMDAiLCJQIjoiV2luMzIiLCJBTiI6Ik1haWwiLCJXVCI6Mn0%253D%257C3000%257C%257C%257C%26sdata%3DyjXyYJDS5757uK%252BfROIzawWkBs7nFiXoMBbh%252Fhh6Kjc%253D%26reserved%3D0&amp;source=gmail&amp;ust=1662706033590000&amp;usg=AOvVaw383weKu1JikLBncmsGQO8I\">https:\/\/bit.ly\/<wbr \/>jornadadones2022_inscripcio<\/a><b>\u00a0<\/b>(<wbr \/>Cal formalitzar la inscripci\u00f3)<\/span><\/span><\/span><\/p>\n<p><span style=\"font-family: arial, sans-serif;\">\u25cf\u00a0 Cartell:\u00a0<a href=\"https:\/\/bit.ly\/jornadadones2022_cartell\" target=\"_blank\" rel=\"noopener\" data-saferedirecturl=\"https:\/\/www.google.com\/url?q=https:\/\/bit.ly\/jornadadones2022_cartell&amp;source=gmail&amp;ust=1662706033590000&amp;usg=AOvVaw2bdslzhRCN-CaEt9hXvEB1\"><b>https:\/\/bit.ly\/<wbr \/>jornadadones2022_cartell<\/b><\/a><\/span><\/p>\n","protected":false},"excerpt":{"rendered":"<p>La Societat Catalana d&#8217;Hist\u00f2ria Cultural i l&#8217;Institut Superior de Ci\u00e8ncies Religioses de Barcelona, que gaudeix de la pres\u00e8ncia destacada de [&hellip;]<\/p>\n","protected":false},"author":1,"featured_media":20888,"comment_status":"open","ping_status":"closed","sticky":false,"template":"","format":"standard","meta":{"_bbp_topic_count":0,"_bbp_reply_count":0,"_bbp_total_topic_count":0,"_bbp_total_reply_count":0,"_bbp_voice_count":0,"_bbp_anonymous_reply_count":0,"_bbp_topic_count_hidden":0,"_bbp_reply_count_hidden":0,"_bbp_forum_subforum_count":0,"site-sidebar-layout":"default","site-content-layout":"","ast-site-content-layout":"","site-content-style":"default","site-sidebar-style":"default","ast-global-header-display":"","ast-banner-title-visibility":"","ast-main-header-display":"","ast-hfb-above-header-display":"","ast-hfb-below-header-display":"","ast-hfb-mobile-header-display":"","site-post-title":"","ast-breadcrumbs-content":"","ast-featured-img":"","footer-sml-layout":"","theme-transparent-header-meta":"","adv-header-id-meta":"","stick-header-meta":"","header-above-stick-meta":"","header-main-stick-meta":"","header-below-stick-meta":"","astra-migrate-meta-layouts":"default","ast-page-background-enabled":"default","ast-page-background-meta":{"desktop":{"background-color":"var(--ast-global-color-4)","background-image":"","background-repeat":"repeat","background-position":"center center","background-size":"auto","background-attachment":"scroll","background-type":"","background-media":"","overlay-type":"","overlay-color":"","overlay-opacity":"","overlay-gradient":""},"tablet":{"background-color":"","background-image":"","background-repeat":"repeat","background-position":"center center","background-size":"auto","background-attachment":"scroll","background-type":"","background-media":"","overlay-type":"","overlay-color":"","overlay-opacity":"","overlay-gradient":""},"mobile":{"background-color":"","background-image":"","background-repeat":"repeat","background-position":"center center","background-size":"auto","background-attachment":"scroll","background-type":"","background-media":"","overlay-type":"","overlay-color":"","overlay-opacity":"","overlay-gradient":""}},"ast-content-background-meta":{"desktop":{"background-color":"var(--ast-global-color-5)","background-image":"","background-repeat":"repeat","background-position":"center center","background-size":"auto","background-attachment":"scroll","background-type":"","background-media":"","overlay-type":"","overlay-color":"","overlay-opacity":"","overlay-gradient":""},"tablet":{"background-color":"var(--ast-global-color-5)","background-image":"","background-repeat":"repeat","background-position":"center center","background-size":"auto","background-attachment":"scroll","background-type":"","background-media":"","overlay-type":"","overlay-color":"","overlay-opacity":"","overlay-gradient":""},"mobile":{"background-color":"var(--ast-global-color-5)","background-image":"","background-repeat":"repeat","background-position":"center center","background-size":"auto","background-attachment":"scroll","background-type":"","background-media":"","overlay-type":"","overlay-color":"","overlay-opacity":"","overlay-gradient":""}},"footnotes":""},"categories":[29],"tags":[],"class_list":["post-20887","post","type-post","status-publish","format-standard","has-post-thumbnail","hentry","category-portada"],"post_mailing_queue_ids":[],"_links":{"self":[{"href":"https:\/\/serveiseducatius.xtec.cat\/vallesoriental3\/wp-json\/wp\/v2\/posts\/20887","targetHints":{"allow":["GET"]}}],"collection":[{"href":"https:\/\/serveiseducatius.xtec.cat\/vallesoriental3\/wp-json\/wp\/v2\/posts"}],"about":[{"href":"https:\/\/serveiseducatius.xtec.cat\/vallesoriental3\/wp-json\/wp\/v2\/types\/post"}],"author":[{"embeddable":true,"href":"https:\/\/serveiseducatius.xtec.cat\/vallesoriental3\/wp-json\/wp\/v2\/users\/1"}],"replies":[{"embeddable":true,"href":"https:\/\/serveiseducatius.xtec.cat\/vallesoriental3\/wp-json\/wp\/v2\/comments?post=20887"}],"version-history":[{"count":1,"href":"https:\/\/serveiseducatius.xtec.cat\/vallesoriental3\/wp-json\/wp\/v2\/posts\/20887\/revisions"}],"predecessor-version":[{"id":20889,"href":"https:\/\/serveiseducatius.xtec.cat\/vallesoriental3\/wp-json\/wp\/v2\/posts\/20887\/revisions\/20889"}],"wp:featuredmedia":[{"embeddable":true,"href":"https:\/\/serveiseducatius.xtec.cat\/vallesoriental3\/wp-json\/wp\/v2\/media\/20888"}],"wp:attachment":[{"href":"https:\/\/serveiseducatius.xtec.cat\/vallesoriental3\/wp-json\/wp\/v2\/media?parent=20887"}],"wp:term":[{"taxonomy":"category","embeddable":true,"href":"https:\/\/serveiseducatius.xtec.cat\/vallesoriental3\/wp-json\/wp\/v2\/categories?post=20887"},{"taxonomy":"post_tag","embeddable":true,"href":"https:\/\/serveiseducatius.xtec.cat\/vallesoriental3\/wp-json\/wp\/v2\/tags?post=20887"}],"curies":[{"name":"wp","href":"https:\/\/api.w.org\/{rel}","templated":true}]}}