{"id":20631,"date":"2022-03-02T12:14:27","date_gmt":"2022-03-02T11:14:27","guid":{"rendered":"https:\/\/serveiseducatius.xtec.cat\/vallesoriental3\/?p=20631"},"modified":"2022-03-02T12:59:44","modified_gmt":"2022-03-02T11:59:44","slug":"families-4t-deso-com-ajudo-al-meu-fill-a-a-decidir","status":"publish","type":"post","link":"https:\/\/serveiseducatius.xtec.cat\/vallesoriental3\/portada\/families-4t-deso-com-ajudo-al-meu-fill-a-a-decidir\/","title":{"rendered":"FAM\u00cdLIES 4t d&#8217;ESO: Com ajudo al meu fill-a a decidir?"},"content":{"rendered":"<h5><strong>Xerrada orientada a fam\u00edlies de joves en l\u2019\u00faltima etapa d&#8217;Educaci\u00f3 Secund\u00e0ria Obligat\u00f2ria<\/strong><\/h5>\n<p>Activitat adre\u00e7ada a les fam\u00edlies per acompanyar els seus fills i filles en el moment de la presa de decisions en la primera tria significativa que han de fer en el seu itinerari educatiu. Es reflexionar\u00e0 sobre el moment vital en qu\u00e8 es troben els joves i les emocions presents (neguits, dubtes, pors, il\u00b7lusions, incertesa), i es compartiran eines i recursos per acompanyar-los en el proc\u00e9s de tria de l\u2019itinerari educatiu.<\/p>\n<p><strong>Objectius<\/strong>:<\/p>\n<ul>\n<li>Facilitar elements de reflexi\u00f3 per orientar el paper de la fam\u00edlia en el proc\u00e9s de decisi\u00f3 del noi\/a en relaci\u00f3 amb els estudis postobligatoris i gestionar la tensi\u00f3 entre protecci\u00f3 i adquisici\u00f3 d\u2019eines per a l\u2019autonomia personal.<\/li>\n<li>Facilitar el coneixement de recursos d\u2019informaci\u00f3 i orientaci\u00f3 a la xarxa i en el municipi.<\/li>\n<\/ul>\n<p><strong>Horari:<\/strong> 19:00 \u2013 20:30<br \/>\n<strong>Data<\/strong>: Dimecres 9 de mar\u00e7 de 2022<br \/>\n<strong>Format:<\/strong> Virtual.<br \/>\n<strong>Acc\u00e9s:<\/strong> <a href=\"https:\/\/bit.ly\/comajudoadecidirsantceloni\" target=\"_blank\" rel=\"noopener\">https:\/\/bit.ly\/comajudoadecidirsantceloni<\/a><\/p>\n<p>Xerrada organitzada pel servei RUMB de l&#8217;Ajuntament de Sant Celoni<\/p>\n","protected":false},"excerpt":{"rendered":"<p>Xerrada orientada a fam\u00edlies de joves en l\u2019\u00faltima etapa d&#8217;Educaci\u00f3 Secund\u00e0ria Obligat\u00f2ria Activitat adre\u00e7ada a les fam\u00edlies per acompanyar els [&hellip;]<\/p>\n","protected":false},"author":1,"featured_media":20632,"comment_status":"closed","ping_status":"closed","sticky":false,"template":"","format":"standard","meta":{"_bbp_topic_count":0,"_bbp_reply_count":0,"_bbp_total_topic_count":0,"_bbp_total_reply_count":0,"_bbp_voice_count":0,"_bbp_anonymous_reply_count":0,"_bbp_topic_count_hidden":0,"_bbp_reply_count_hidden":0,"_bbp_forum_subforum_count":0,"site-sidebar-layout":"default","site-content-layout":"","ast-site-content-layout":"","site-content-style":"default","site-sidebar-style":"default","ast-global-header-display":"","ast-banner-title-visibility":"","ast-main-header-display":"","ast-hfb-above-header-display":"","ast-hfb-below-header-display":"","ast-hfb-mobile-header-display":"","site-post-title":"","ast-breadcrumbs-content":"","ast-featured-img":"","footer-sml-layout":"","theme-transparent-header-meta":"","adv-header-id-meta":"","stick-header-meta":"","header-above-stick-meta":"","header-main-stick-meta":"","header-below-stick-meta":"","astra-migrate-meta-layouts":"default","ast-page-background-enabled":"default","ast-page-background-meta":{"desktop":{"background-color":"var(--ast-global-color-4)","background-image":"","background-repeat":"repeat","background-position":"center center","background-size":"auto","background-attachment":"scroll","background-type":"","background-media":"","overlay-type":"","overlay-color":"","overlay-opacity":"","overlay-gradient":""},"tablet":{"background-color":"","background-image":"","background-repeat":"repeat","background-position":"center center","background-size":"auto","background-attachment":"scroll","background-type":"","background-media":"","overlay-type":"","overlay-color":"","overlay-opacity":"","overlay-gradient":""},"mobile":{"background-color":"","background-image":"","background-repeat":"repeat","background-position":"center center","background-size":"auto","background-attachment":"scroll","background-type":"","background-media":"","overlay-type":"","overlay-color":"","overlay-opacity":"","overlay-gradient":""}},"ast-content-background-meta":{"desktop":{"background-color":"var(--ast-global-color-5)","background-image":"","background-repeat":"repeat","background-position":"center center","background-size":"auto","background-attachment":"scroll","background-type":"","background-media":"","overlay-type":"","overlay-color":"","overlay-opacity":"","overlay-gradient":""},"tablet":{"background-color":"var(--ast-global-color-5)","background-image":"","background-repeat":"repeat","background-position":"center center","background-size":"auto","background-attachment":"scroll","background-type":"","background-media":"","overlay-type":"","overlay-color":"","overlay-opacity":"","overlay-gradient":""},"mobile":{"background-color":"var(--ast-global-color-5)","background-image":"","background-repeat":"repeat","background-position":"center center","background-size":"auto","background-attachment":"scroll","background-type":"","background-media":"","overlay-type":"","overlay-color":"","overlay-opacity":"","overlay-gradient":""}},"footnotes":""},"categories":[29],"tags":[705,687,706],"class_list":["post-20631","post","type-post","status-publish","format-standard","has-post-thumbnail","hentry","category-portada","tag-ajuntament-de-sant-celoni","tag-orientacio","tag-rumb"],"post_mailing_queue_ids":[],"_links":{"self":[{"href":"https:\/\/serveiseducatius.xtec.cat\/vallesoriental3\/wp-json\/wp\/v2\/posts\/20631","targetHints":{"allow":["GET"]}}],"collection":[{"href":"https:\/\/serveiseducatius.xtec.cat\/vallesoriental3\/wp-json\/wp\/v2\/posts"}],"about":[{"href":"https:\/\/serveiseducatius.xtec.cat\/vallesoriental3\/wp-json\/wp\/v2\/types\/post"}],"author":[{"embeddable":true,"href":"https:\/\/serveiseducatius.xtec.cat\/vallesoriental3\/wp-json\/wp\/v2\/users\/1"}],"replies":[{"embeddable":true,"href":"https:\/\/serveiseducatius.xtec.cat\/vallesoriental3\/wp-json\/wp\/v2\/comments?post=20631"}],"version-history":[{"count":2,"href":"https:\/\/serveiseducatius.xtec.cat\/vallesoriental3\/wp-json\/wp\/v2\/posts\/20631\/revisions"}],"predecessor-version":[{"id":20637,"href":"https:\/\/serveiseducatius.xtec.cat\/vallesoriental3\/wp-json\/wp\/v2\/posts\/20631\/revisions\/20637"}],"wp:featuredmedia":[{"embeddable":true,"href":"https:\/\/serveiseducatius.xtec.cat\/vallesoriental3\/wp-json\/wp\/v2\/media\/20632"}],"wp:attachment":[{"href":"https:\/\/serveiseducatius.xtec.cat\/vallesoriental3\/wp-json\/wp\/v2\/media?parent=20631"}],"wp:term":[{"taxonomy":"category","embeddable":true,"href":"https:\/\/serveiseducatius.xtec.cat\/vallesoriental3\/wp-json\/wp\/v2\/categories?post=20631"},{"taxonomy":"post_tag","embeddable":true,"href":"https:\/\/serveiseducatius.xtec.cat\/vallesoriental3\/wp-json\/wp\/v2\/tags?post=20631"}],"curies":[{"name":"wp","href":"https:\/\/api.w.org\/{rel}","templated":true}]}}