{"id":19901,"date":"2021-06-01T09:21:19","date_gmt":"2021-06-01T07:21:19","guid":{"rendered":"http:\/\/serveiseducatius.xtec.cat\/vallesoriental3\/?p=19901"},"modified":"2021-06-01T09:21:19","modified_gmt":"2021-06-01T07:21:19","slug":"guies-per-a-la-intervencio-en-infancia-i-adolescencia-en-casos-de-revelacio-de-violencia-sexual","status":"publish","type":"post","link":"https:\/\/serveiseducatius.xtec.cat\/vallesoriental3\/portada\/guies-per-a-la-intervencio-en-infancia-i-adolescencia-en-casos-de-revelacio-de-violencia-sexual\/","title":{"rendered":"Guies per a la intervenci\u00f3 en inf\u00e0ncia i adolesc\u00e8ncia en casos de revelaci\u00f3 de viol\u00e8ncia sexual"},"content":{"rendered":"<p style=\"font-weight: 400;\">El divendres\u00a0<strong>11 de juny\u00a0<\/strong><strong>a les<\/strong><strong>\u00a09.30 h<\/strong>, el CEJFE presenta la jornada\u00a0en l\u00ednia\u00a0<a href=\"http:\/\/cejfe.gencat.cat\/ca\/publicacions\/destacats-recerca\/guies\/\" data-saferedirecturl=\"https:\/\/www.google.com\/url?q=http:\/\/cejfe.gencat.cat\/ca\/publicacions\/destacats-recerca\/guies\/&amp;source=gmail&amp;ust=1622617051589000&amp;usg=AFQjCNHBLOOPMa-SAdR4v0uIXV5gUbhbxA\"><em>Guies per a la intervenci\u00f3 en inf\u00e0ncia i adolesc\u00e8ncia en casos de revelaci\u00f3 de viol\u00e8ncia sexual<\/em><\/a><strong><em>:<\/em><\/strong><\/p>\n<p style=\"font-weight: 400;\">&#8211;\u00a0\u00a0\u00a0\u00a0\u00a0\u00a0<em>Recomanacions per a professionals.<\/em><\/p>\n<p style=\"font-weight: 400;\">&#8211;\u00a0\u00a0\u00a0\u00a0\u00a0\u00a0<em>Recomanacions per a familiars<\/em>.<\/p>\n<p style=\"font-weight: 400;\">\n<p style=\"font-weight: 400;\">Es donaran pautes d\u2019actuaci\u00f3 a seguir per tal de <strong>reduir la victimitzaci\u00f3 secund\u00e0ria<\/strong> i minimitzar els efectes del que han viscut els nens, nenes i adolescents.<\/p>\n<p style=\"font-weight: 400;\">\n<p style=\"font-weight: 400;\">Us trametem, adjunt, el programa de la sessi\u00f3. S&#8217;ha de formalitzar la \ud83d\udcdd<a href=\"https:\/\/formacio.cejfe.gencat.cat\/cejfe\/#\/\" data-saferedirecturl=\"https:\/\/www.google.com\/url?q=https:\/\/formacio.cejfe.gencat.cat\/cejfe\/%23\/&amp;source=gmail&amp;ust=1622617051589000&amp;usg=AFQjCNH8IPDvVnUZaFz29qWD3fgZ14-T9w\">inscripci\u00f3<\/a> abans del 9 de juny.<\/p>\n<p style=\"font-weight: 400;\"><a href=\"https:\/\/serveiseducatius.xtec.cat\/vallesoriental3\/wp-content\/uploads\/usu768\/2021\/06\/Programa_Guies_NNA.pdf\">\ud83d\udc49Programa_Guies_NNA<\/a><\/p>\n","protected":false},"excerpt":{"rendered":"<p>El divendres\u00a011 de juny\u00a0a les\u00a09.30 h, el CEJFE presenta la jornada\u00a0en l\u00ednia\u00a0Guies per a la intervenci\u00f3 en inf\u00e0ncia i adolesc\u00e8ncia [&hellip;]<\/p>\n","protected":false},"author":1,"featured_media":19903,"comment_status":"open","ping_status":"closed","sticky":false,"template":"","format":"standard","meta":{"_bbp_topic_count":0,"_bbp_reply_count":0,"_bbp_total_topic_count":0,"_bbp_total_reply_count":0,"_bbp_voice_count":0,"_bbp_anonymous_reply_count":0,"_bbp_topic_count_hidden":0,"_bbp_reply_count_hidden":0,"_bbp_forum_subforum_count":0,"site-sidebar-layout":"default","site-content-layout":"","ast-site-content-layout":"","site-content-style":"default","site-sidebar-style":"default","ast-global-header-display":"","ast-banner-title-visibility":"","ast-main-header-display":"","ast-hfb-above-header-display":"","ast-hfb-below-header-display":"","ast-hfb-mobile-header-display":"","site-post-title":"","ast-breadcrumbs-content":"","ast-featured-img":"","footer-sml-layout":"","theme-transparent-header-meta":"","adv-header-id-meta":"","stick-header-meta":"","header-above-stick-meta":"","header-main-stick-meta":"","header-below-stick-meta":"","astra-migrate-meta-layouts":"default","ast-page-background-enabled":"default","ast-page-background-meta":{"desktop":{"background-color":"var(--ast-global-color-4)","background-image":"","background-repeat":"repeat","background-position":"center center","background-size":"auto","background-attachment":"scroll","background-type":"","background-media":"","overlay-type":"","overlay-color":"","overlay-opacity":"","overlay-gradient":""},"tablet":{"background-color":"","background-image":"","background-repeat":"repeat","background-position":"center center","background-size":"auto","background-attachment":"scroll","background-type":"","background-media":"","overlay-type":"","overlay-color":"","overlay-opacity":"","overlay-gradient":""},"mobile":{"background-color":"","background-image":"","background-repeat":"repeat","background-position":"center center","background-size":"auto","background-attachment":"scroll","background-type":"","background-media":"","overlay-type":"","overlay-color":"","overlay-opacity":"","overlay-gradient":""}},"ast-content-background-meta":{"desktop":{"background-color":"var(--ast-global-color-5)","background-image":"","background-repeat":"repeat","background-position":"center center","background-size":"auto","background-attachment":"scroll","background-type":"","background-media":"","overlay-type":"","overlay-color":"","overlay-opacity":"","overlay-gradient":""},"tablet":{"background-color":"var(--ast-global-color-5)","background-image":"","background-repeat":"repeat","background-position":"center center","background-size":"auto","background-attachment":"scroll","background-type":"","background-media":"","overlay-type":"","overlay-color":"","overlay-opacity":"","overlay-gradient":""},"mobile":{"background-color":"var(--ast-global-color-5)","background-image":"","background-repeat":"repeat","background-position":"center center","background-size":"auto","background-attachment":"scroll","background-type":"","background-media":"","overlay-type":"","overlay-color":"","overlay-opacity":"","overlay-gradient":""}},"footnotes":""},"categories":[29],"tags":[],"class_list":["post-19901","post","type-post","status-publish","format-standard","has-post-thumbnail","hentry","category-portada"],"post_mailing_queue_ids":[],"_links":{"self":[{"href":"https:\/\/serveiseducatius.xtec.cat\/vallesoriental3\/wp-json\/wp\/v2\/posts\/19901","targetHints":{"allow":["GET"]}}],"collection":[{"href":"https:\/\/serveiseducatius.xtec.cat\/vallesoriental3\/wp-json\/wp\/v2\/posts"}],"about":[{"href":"https:\/\/serveiseducatius.xtec.cat\/vallesoriental3\/wp-json\/wp\/v2\/types\/post"}],"author":[{"embeddable":true,"href":"https:\/\/serveiseducatius.xtec.cat\/vallesoriental3\/wp-json\/wp\/v2\/users\/1"}],"replies":[{"embeddable":true,"href":"https:\/\/serveiseducatius.xtec.cat\/vallesoriental3\/wp-json\/wp\/v2\/comments?post=19901"}],"version-history":[{"count":1,"href":"https:\/\/serveiseducatius.xtec.cat\/vallesoriental3\/wp-json\/wp\/v2\/posts\/19901\/revisions"}],"predecessor-version":[{"id":19904,"href":"https:\/\/serveiseducatius.xtec.cat\/vallesoriental3\/wp-json\/wp\/v2\/posts\/19901\/revisions\/19904"}],"wp:featuredmedia":[{"embeddable":true,"href":"https:\/\/serveiseducatius.xtec.cat\/vallesoriental3\/wp-json\/wp\/v2\/media\/19903"}],"wp:attachment":[{"href":"https:\/\/serveiseducatius.xtec.cat\/vallesoriental3\/wp-json\/wp\/v2\/media?parent=19901"}],"wp:term":[{"taxonomy":"category","embeddable":true,"href":"https:\/\/serveiseducatius.xtec.cat\/vallesoriental3\/wp-json\/wp\/v2\/categories?post=19901"},{"taxonomy":"post_tag","embeddable":true,"href":"https:\/\/serveiseducatius.xtec.cat\/vallesoriental3\/wp-json\/wp\/v2\/tags?post=19901"}],"curies":[{"name":"wp","href":"https:\/\/api.w.org\/{rel}","templated":true}]}}