{"id":19214,"date":"2021-02-12T09:29:45","date_gmt":"2021-02-12T08:29:45","guid":{"rendered":"http:\/\/serveiseducatius.xtec.cat\/vallesoriental3\/?p=19214"},"modified":"2021-02-12T09:29:45","modified_gmt":"2021-02-12T08:29:45","slug":"conferencia-en-linia-dones-resistents-i-deportades","status":"publish","type":"post","link":"https:\/\/serveiseducatius.xtec.cat\/vallesoriental3\/portada\/conferencia-en-linia-dones-resistents-i-deportades\/","title":{"rendered":"Confer\u00e8ncia en l\u00ednia &#8220;Dones resistents i deportades&#8221;"},"content":{"rendered":"<p>Amb la finalitat de recordar el\u00a0<strong>Dia Internacional de Commemoraci\u00f3 en Mem\u00f2ria de les V\u00edctimes de l\u2019Holocaust\u00a0<\/strong>i coincidint amb el\u00a0<strong>Dia Nacional de l\u2019Exili i la Deportaci\u00f3,<\/strong>\u00a0que se celebren els dies 27 de gener i 5 de febrer, respectivament,\u00a0<strong>la Biblioteca Esteve Paluzie ha organitzat una confer\u00e8ncia en l\u00ednia que porta com a t\u00edtol\u00a0\u201cDones resistents i deportades\u201d.<\/strong><\/p>\n<p>La xerrada, que es dur\u00e0 a terme el proper\u00a0<strong>dilluns 15 de febrer a les 18 hores,<\/strong>\u00a0anir\u00e0 a c\u00e0rrec de la membre de l\u2019Amical de Mauthausen i altres camps i doctora en Hist\u00f2ria per la Universitat Aut\u00f2noma de Barcelona,\u00a0<strong>Rosa Toran Belver,<\/strong>\u00a0qui parlar\u00e0 del paper i dels testimonis de les dones als camps de concentraci\u00f3 i extermini del nazisme.<\/p>\n<p>Degut a les restriccions actuals per la COVID-19, la confer\u00e8ncia es dur\u00e0 a terme en l\u00ednia, a trav\u00e9s de la plataforma Zoom i\u00a0<a href=\"https:\/\/amical-mauthausen.us13.list-manage.com\/track\/click?u=f54ad86b10cd8442c946af711&amp;id=c70cd58aa1&amp;e=063b8a70a5\" target=\"_blank\" rel=\"noopener noreferrer\" data-saferedirecturl=\"https:\/\/www.google.com\/url?q=https:\/\/amical-mauthausen.us13.list-manage.com\/track\/click?u%3Df54ad86b10cd8442c946af711%26id%3Dc70cd58aa1%26e%3D063b8a70a5&amp;source=gmail&amp;ust=1613203835800000&amp;usg=AFQjCNGnXPhYLURFHfmaMnNJWrsEBaAUAg\">s\u2019emetr\u00e0 en directe pel perfil de Youtube de l\u2019Ajuntament de Barber\u00e0 del Vall\u00e8s.<\/a><\/p>\n<p><strong>\ud83d\uddd3Data: <\/strong>15 de febrer de 2021<\/p>\n<p><strong>\u23f2Hora:<\/strong> 18 h.<\/p>\n<p><strong>\ud83d\udcbbLloc:<\/strong>\u00a0Canal youtube de l&#8217;Ajuntament de Barber\u00e0 del Vall\u00e8s i plataforma Zoom<\/p>\n<p>\ud83d\udcddLes persones interessades a participar es poden inscriure per diferents vies:<\/p>\n<ul>\n<li>Correu electr\u00f2nic:\u00a0<a href=\"mailto:b.barberav.ep@diba.cat\" target=\"_blank\" rel=\"noopener noreferrer\">b.barberav.ep@diba.cat<\/a><\/li>\n<li>Tel\u00e8fon: 93 718 68 66<\/li>\n<li>Whatsapp: 676 61 96 62<\/li>\n<\/ul>\n<p>Aquesta activitat compta amb la col\u00b7laboraci\u00f3 de l\u2019Associaci\u00f3 d\u2019Hist\u00f2ria de Barber\u00e0 del Vall\u00e8s.<\/p>\n<p>Aprofitem l&#8217;avinentesa per convidar-vos a veure el v\u00eddeo del programa &#8220;<strong>Va passar aqu\u00ed&#8221;, de Betev\u00e9, dedicat a l&#8217;Amical<\/strong>. Podeu accedir-hi des de l&#8217;enlla\u00e7 que ve trobareu a continuaci\u00f3. \ud83d\udc49<a href=\"https:\/\/beteve.cat\/va-passar-aqui\/amical-mauthausen-contra-oblit\/\">https:\/\/beteve.cat\/va-passar-aqui\/amical-mauthausen-contra-oblit\/<\/a><\/p>\n<p>&nbsp;<\/p>\n<p>&nbsp;<\/p>\n","protected":false},"excerpt":{"rendered":"<p>Amb la finalitat de recordar el\u00a0Dia Internacional de Commemoraci\u00f3 en Mem\u00f2ria de les V\u00edctimes de l\u2019Holocaust\u00a0i coincidint amb el\u00a0Dia Nacional [&hellip;]<\/p>\n","protected":false},"author":1,"featured_media":19215,"comment_status":"open","ping_status":"closed","sticky":false,"template":"","format":"standard","meta":{"_bbp_topic_count":0,"_bbp_reply_count":0,"_bbp_total_topic_count":0,"_bbp_total_reply_count":0,"_bbp_voice_count":0,"_bbp_anonymous_reply_count":0,"_bbp_topic_count_hidden":0,"_bbp_reply_count_hidden":0,"_bbp_forum_subforum_count":0,"site-sidebar-layout":"default","site-content-layout":"","ast-site-content-layout":"","site-content-style":"default","site-sidebar-style":"default","ast-global-header-display":"","ast-banner-title-visibility":"","ast-main-header-display":"","ast-hfb-above-header-display":"","ast-hfb-below-header-display":"","ast-hfb-mobile-header-display":"","site-post-title":"","ast-breadcrumbs-content":"","ast-featured-img":"","footer-sml-layout":"","theme-transparent-header-meta":"","adv-header-id-meta":"","stick-header-meta":"","header-above-stick-meta":"","header-main-stick-meta":"","header-below-stick-meta":"","astra-migrate-meta-layouts":"default","ast-page-background-enabled":"default","ast-page-background-meta":{"desktop":{"background-color":"var(--ast-global-color-4)","background-image":"","background-repeat":"repeat","background-position":"center center","background-size":"auto","background-attachment":"scroll","background-type":"","background-media":"","overlay-type":"","overlay-color":"","overlay-opacity":"","overlay-gradient":""},"tablet":{"background-color":"","background-image":"","background-repeat":"repeat","background-position":"center center","background-size":"auto","background-attachment":"scroll","background-type":"","background-media":"","overlay-type":"","overlay-color":"","overlay-opacity":"","overlay-gradient":""},"mobile":{"background-color":"","background-image":"","background-repeat":"repeat","background-position":"center center","background-size":"auto","background-attachment":"scroll","background-type":"","background-media":"","overlay-type":"","overlay-color":"","overlay-opacity":"","overlay-gradient":""}},"ast-content-background-meta":{"desktop":{"background-color":"var(--ast-global-color-5)","background-image":"","background-repeat":"repeat","background-position":"center center","background-size":"auto","background-attachment":"scroll","background-type":"","background-media":"","overlay-type":"","overlay-color":"","overlay-opacity":"","overlay-gradient":""},"tablet":{"background-color":"var(--ast-global-color-5)","background-image":"","background-repeat":"repeat","background-position":"center center","background-size":"auto","background-attachment":"scroll","background-type":"","background-media":"","overlay-type":"","overlay-color":"","overlay-opacity":"","overlay-gradient":""},"mobile":{"background-color":"var(--ast-global-color-5)","background-image":"","background-repeat":"repeat","background-position":"center center","background-size":"auto","background-attachment":"scroll","background-type":"","background-media":"","overlay-type":"","overlay-color":"","overlay-opacity":"","overlay-gradient":""}},"footnotes":""},"categories":[29],"tags":[],"class_list":["post-19214","post","type-post","status-publish","format-standard","has-post-thumbnail","hentry","category-portada"],"post_mailing_queue_ids":[],"_links":{"self":[{"href":"https:\/\/serveiseducatius.xtec.cat\/vallesoriental3\/wp-json\/wp\/v2\/posts\/19214","targetHints":{"allow":["GET"]}}],"collection":[{"href":"https:\/\/serveiseducatius.xtec.cat\/vallesoriental3\/wp-json\/wp\/v2\/posts"}],"about":[{"href":"https:\/\/serveiseducatius.xtec.cat\/vallesoriental3\/wp-json\/wp\/v2\/types\/post"}],"author":[{"embeddable":true,"href":"https:\/\/serveiseducatius.xtec.cat\/vallesoriental3\/wp-json\/wp\/v2\/users\/1"}],"replies":[{"embeddable":true,"href":"https:\/\/serveiseducatius.xtec.cat\/vallesoriental3\/wp-json\/wp\/v2\/comments?post=19214"}],"version-history":[{"count":1,"href":"https:\/\/serveiseducatius.xtec.cat\/vallesoriental3\/wp-json\/wp\/v2\/posts\/19214\/revisions"}],"predecessor-version":[{"id":19216,"href":"https:\/\/serveiseducatius.xtec.cat\/vallesoriental3\/wp-json\/wp\/v2\/posts\/19214\/revisions\/19216"}],"wp:featuredmedia":[{"embeddable":true,"href":"https:\/\/serveiseducatius.xtec.cat\/vallesoriental3\/wp-json\/wp\/v2\/media\/19215"}],"wp:attachment":[{"href":"https:\/\/serveiseducatius.xtec.cat\/vallesoriental3\/wp-json\/wp\/v2\/media?parent=19214"}],"wp:term":[{"taxonomy":"category","embeddable":true,"href":"https:\/\/serveiseducatius.xtec.cat\/vallesoriental3\/wp-json\/wp\/v2\/categories?post=19214"},{"taxonomy":"post_tag","embeddable":true,"href":"https:\/\/serveiseducatius.xtec.cat\/vallesoriental3\/wp-json\/wp\/v2\/tags?post=19214"}],"curies":[{"name":"wp","href":"https:\/\/api.w.org\/{rel}","templated":true}]}}