{"id":9556,"date":"2020-02-14T12:45:08","date_gmt":"2020-02-14T11:45:08","guid":{"rendered":"http:\/\/serveiseducatius.xtec.cat\/vallesoriental2\/?p=9556"},"modified":"2021-02-08T10:49:22","modified_gmt":"2021-02-08T09:49:22","slug":"lescola-marinada-de-montornes-del-valles-guanya-el-premi-a-lemprenedoria-a-la-first-lego-league-2020","status":"publish","type":"post","link":"https:\/\/serveiseducatius.xtec.cat\/vallesoriental2\/general\/lescola-marinada-de-montornes-del-valles-guanya-el-premi-a-lemprenedoria-a-la-first-lego-league-2020\/","title":{"rendered":"L&#8217;Escola Marinada de Montorn\u00e8s del Vall\u00e8s guanya el Premi a l&#8217;Emprenedoria a la First Lego League 2020"},"content":{"rendered":"<p><img loading=\"lazy\" decoding=\"async\" class=\"aligncenter\" src=\"https:\/\/www.ticanoia.cat\/img\/740-0-ESCALA_INF\/firstlego_iconhorz_rgb.jpg\" alt=\"Resultat d'imatges de first lego league uab 2020 logo\" width=\"551\" height=\"173\" \/><\/p>\n<p>L&#8217;Escola Marinada de Montorn\u00e8s del Vall\u00e8s guanyar el Premi a l&#8217;Emprenedoria a la First Lego League 2020, celebrat a l&#8217;Escola d&#8217;Enginyeria de la UAB el passat 8 de febrer.<\/p>\n<p>L&#8217;alumnat de 5\u00e8 curs de prim\u00e0ria va presentar un projecte de millora de la Pla\u00e7a de l\u2019Esgl\u00e9sia del barri de Montorn\u00e8s Nord i va resoldre de forma efica\u00e7 les diferents proves per portar a terme les seves idees i superar obstacles.<\/p>\n<p>El premi va comen\u00e7ar a fomentar-se al principi de curs, ja que durant aquests primers mesos van treballar i van anar concretant les idees del seu projecte cient\u00edfic.<\/p>\n<p>No \u00e9s el primer cop que aconsegueixen un reconeixement en aquest concurs i aix\u00f2 demostra la bona feina que fan al centre en l&#8217;\u00e0mbit cient\u00edfico-tecnol\u00f2gic.<\/p>\n<p>Moltes felicitats!!<\/p>\n","protected":false},"excerpt":{"rendered":"<p>L&#8217;Escola Marinada de Montorn\u00e8s del Vall\u00e8s guanyar el Premi a l&#8217;Emprenedoria a la First Lego League 2020, celebrat a l&#8217;Escola d&#8217;Enginyeria de la UAB el passat 8 de febrer. L&#8217;alumnat de 5\u00e8 curs de prim\u00e0ria va presentar un projecte de millora de la Pla\u00e7a de l\u2019Esgl\u00e9sia del barri de Montorn\u00e8s Nord i va resoldre de [&hellip;]<\/p>\n","protected":false},"author":1,"featured_media":9558,"comment_status":"closed","ping_status":"closed","sticky":false,"template":"","format":"standard","meta":{"_bbp_topic_count":0,"_bbp_reply_count":0,"_bbp_total_topic_count":0,"_bbp_total_reply_count":0,"_bbp_voice_count":0,"_bbp_anonymous_reply_count":0,"_bbp_topic_count_hidden":0,"_bbp_reply_count_hidden":0,"_bbp_forum_subforum_count":0,"site-sidebar-layout":"default","site-content-layout":"","ast-site-content-layout":"","site-content-style":"default","site-sidebar-style":"default","ast-global-header-display":"","ast-banner-title-visibility":"","ast-main-header-display":"","ast-hfb-above-header-display":"","ast-hfb-below-header-display":"","ast-hfb-mobile-header-display":"","site-post-title":"","ast-breadcrumbs-content":"","ast-featured-img":"","footer-sml-layout":"","theme-transparent-header-meta":"","adv-header-id-meta":"","stick-header-meta":"","header-above-stick-meta":"","header-main-stick-meta":"","header-below-stick-meta":"","astra-migrate-meta-layouts":"default","ast-page-background-enabled":"default","ast-page-background-meta":{"desktop":{"background-color":"var(--ast-global-color-4)","background-image":"","background-repeat":"repeat","background-position":"center center","background-size":"auto","background-attachment":"scroll","background-type":"","background-media":"","overlay-type":"","overlay-color":"","overlay-opacity":"","overlay-gradient":""},"tablet":{"background-color":"","background-image":"","background-repeat":"repeat","background-position":"center center","background-size":"auto","background-attachment":"scroll","background-type":"","background-media":"","overlay-type":"","overlay-color":"","overlay-opacity":"","overlay-gradient":""},"mobile":{"background-color":"","background-image":"","background-repeat":"repeat","background-position":"center center","background-size":"auto","background-attachment":"scroll","background-type":"","background-media":"","overlay-type":"","overlay-color":"","overlay-opacity":"","overlay-gradient":""}},"ast-content-background-meta":{"desktop":{"background-color":"var(--ast-global-color-5)","background-image":"","background-repeat":"repeat","background-position":"center center","background-size":"auto","background-attachment":"scroll","background-type":"","background-media":"","overlay-type":"","overlay-color":"","overlay-opacity":"","overlay-gradient":""},"tablet":{"background-color":"var(--ast-global-color-5)","background-image":"","background-repeat":"repeat","background-position":"center center","background-size":"auto","background-attachment":"scroll","background-type":"","background-media":"","overlay-type":"","overlay-color":"","overlay-opacity":"","overlay-gradient":""},"mobile":{"background-color":"var(--ast-global-color-5)","background-image":"","background-repeat":"repeat","background-position":"center center","background-size":"auto","background-attachment":"scroll","background-type":"","background-media":"","overlay-type":"","overlay-color":"","overlay-opacity":"","overlay-gradient":""}},"footnotes":""},"categories":[298,1,294,308,289,66],"tags":[],"class_list":["post-9556","post","type-post","status-publish","format-standard","has-post-thumbnail","hentry","category-ciencies","category-general","category-noticies","category-primaria-secundaria","category-projecte-demprenedoria","category-projectes"],"post_mailing_queue_ids":[],"_links":{"self":[{"href":"https:\/\/serveiseducatius.xtec.cat\/vallesoriental2\/wp-json\/wp\/v2\/posts\/9556","targetHints":{"allow":["GET"]}}],"collection":[{"href":"https:\/\/serveiseducatius.xtec.cat\/vallesoriental2\/wp-json\/wp\/v2\/posts"}],"about":[{"href":"https:\/\/serveiseducatius.xtec.cat\/vallesoriental2\/wp-json\/wp\/v2\/types\/post"}],"author":[{"embeddable":true,"href":"https:\/\/serveiseducatius.xtec.cat\/vallesoriental2\/wp-json\/wp\/v2\/users\/1"}],"replies":[{"embeddable":true,"href":"https:\/\/serveiseducatius.xtec.cat\/vallesoriental2\/wp-json\/wp\/v2\/comments?post=9556"}],"version-history":[{"count":3,"href":"https:\/\/serveiseducatius.xtec.cat\/vallesoriental2\/wp-json\/wp\/v2\/posts\/9556\/revisions"}],"predecessor-version":[{"id":9560,"href":"https:\/\/serveiseducatius.xtec.cat\/vallesoriental2\/wp-json\/wp\/v2\/posts\/9556\/revisions\/9560"}],"wp:featuredmedia":[{"embeddable":true,"href":"https:\/\/serveiseducatius.xtec.cat\/vallesoriental2\/wp-json\/wp\/v2\/media\/9558"}],"wp:attachment":[{"href":"https:\/\/serveiseducatius.xtec.cat\/vallesoriental2\/wp-json\/wp\/v2\/media?parent=9556"}],"wp:term":[{"taxonomy":"category","embeddable":true,"href":"https:\/\/serveiseducatius.xtec.cat\/vallesoriental2\/wp-json\/wp\/v2\/categories?post=9556"},{"taxonomy":"post_tag","embeddable":true,"href":"https:\/\/serveiseducatius.xtec.cat\/vallesoriental2\/wp-json\/wp\/v2\/tags?post=9556"}],"curies":[{"name":"wp","href":"https:\/\/api.w.org\/{rel}","templated":true}]}}