{"id":9525,"date":"2020-01-23T16:06:25","date_gmt":"2020-01-23T15:06:25","guid":{"rendered":"http:\/\/serveiseducatius.xtec.cat\/vallesoriental2\/?p=9525"},"modified":"2021-02-08T10:49:40","modified_gmt":"2021-02-08T09:49:40","slug":"convocada-la-13a-edicio-del-concurs-educatiu-joves-i-mobilitat","status":"publish","type":"post","link":"https:\/\/serveiseducatius.xtec.cat\/vallesoriental2\/general\/convocada-la-13a-edicio-del-concurs-educatiu-joves-i-mobilitat\/","title":{"rendered":"Convocada la 13a edici\u00f3 del concurs educatiu Joves i Mobilitat"},"content":{"rendered":"<div><a href=\"https:\/\/serveiseducatius.xtec.cat\/vallesoriental2\/wp-content\/uploads\/usu1134\/2020\/01\/Joves-i-Mobilitat-13a-edici\u00f3-2-1-e1579790604979.jpg\"><img loading=\"lazy\" decoding=\"async\" class=\"wp-image-9519 aligncenter\" src=\"https:\/\/serveiseducatius.xtec.cat\/vallesoriental2\/wp-content\/uploads\/usu1134\/2020\/01\/Joves-i-Mobilitat-13a-edici\u00f3-2-1-1024x745.jpg\" alt=\"\" width=\"362\" height=\"263\" \/><\/a><\/div>\n<div><\/div>\n<div><\/div>\n<div><\/div>\n<div>Fins el pr\u00f2xim 17 d&#8217;Abril del 2020 queden obertes les inscripcions a la nova edici\u00f3 del concurs educatiu Joves i Mobilitat, convocat pel RACC i el Servei Catal\u00e0 de Tr\u00e0nsit.<\/div>\n<div><\/div>\n<div>L&#8217;edici\u00f3 d&#8217;aquest any, que porta per t\u00edtol &#8220;Joves, bicis, patinets&#8230; i seguretat vi\u00e0ria. Qu\u00e8 fem?&#8221;, est\u00e0 dedicada als vehicles de mobilitat personal, que cada cop tenen m\u00e9s pres\u00e8ncia a la nova mobilitat i est\u00e0 adre\u00e7at als alumnes de Secund\u00e0ria, Batxillerat i Cicles Formatius de Cicle Mitj\u00e0.<\/div>\n<div><\/div>\n<div>Aquesta pot ser una bona oportunitat per con\u00e8ixer de m\u00e9s a prop els nous mitjans de transport que ens envolten, cada cop m\u00e9s, en el nostre dia a dia.<\/div>\n<div><\/div>\n<div><\/div>\n<div>Us animem a participar-hi.<\/div>\n<div><\/div>\n<div><\/div>\n<div>Tota la informaci\u00f3 la podreu trobar al seg\u00fcent link: <a href=\"https:\/\/serveiseducatius.xtec.cat\/vallesoriental2\/wp-content\/uploads\/usu1134\/2020\/01\/Joves-i-Mobilitat_Info-13a-edici\u00f3.pdf\">Joves i Mobilitat_Info 13a edici\u00f3<\/a><\/div>\n<div><\/div>\n","protected":false},"excerpt":{"rendered":"<p>Fins el pr\u00f2xim 17 d&#8217;Abril del 2020 queden obertes les inscripcions a la nova edici\u00f3 del concurs educatiu Joves i Mobilitat, convocat pel RACC i el Servei Catal\u00e0 de Tr\u00e0nsit. L&#8217;edici\u00f3 d&#8217;aquest any, que porta per t\u00edtol &#8220;Joves, bicis, patinets&#8230; i seguretat vi\u00e0ria. Qu\u00e8 fem?&#8221;, est\u00e0 dedicada als vehicles de mobilitat personal, que cada cop [&hellip;]<\/p>\n","protected":false},"author":1,"featured_media":9519,"comment_status":"closed","ping_status":"closed","sticky":false,"template":"","format":"standard","meta":{"_bbp_topic_count":0,"_bbp_reply_count":0,"_bbp_total_topic_count":0,"_bbp_total_reply_count":0,"_bbp_voice_count":0,"_bbp_anonymous_reply_count":0,"_bbp_topic_count_hidden":0,"_bbp_reply_count_hidden":0,"_bbp_forum_subforum_count":0,"site-sidebar-layout":"default","site-content-layout":"","ast-site-content-layout":"","site-content-style":"default","site-sidebar-style":"default","ast-global-header-display":"","ast-banner-title-visibility":"","ast-main-header-display":"","ast-hfb-above-header-display":"","ast-hfb-below-header-display":"","ast-hfb-mobile-header-display":"","site-post-title":"","ast-breadcrumbs-content":"","ast-featured-img":"","footer-sml-layout":"","theme-transparent-header-meta":"","adv-header-id-meta":"","stick-header-meta":"","header-above-stick-meta":"","header-main-stick-meta":"","header-below-stick-meta":"","astra-migrate-meta-layouts":"default","ast-page-background-enabled":"default","ast-page-background-meta":{"desktop":{"background-color":"var(--ast-global-color-4)","background-image":"","background-repeat":"repeat","background-position":"center center","background-size":"auto","background-attachment":"scroll","background-type":"","background-media":"","overlay-type":"","overlay-color":"","overlay-opacity":"","overlay-gradient":""},"tablet":{"background-color":"","background-image":"","background-repeat":"repeat","background-position":"center center","background-size":"auto","background-attachment":"scroll","background-type":"","background-media":"","overlay-type":"","overlay-color":"","overlay-opacity":"","overlay-gradient":""},"mobile":{"background-color":"","background-image":"","background-repeat":"repeat","background-position":"center center","background-size":"auto","background-attachment":"scroll","background-type":"","background-media":"","overlay-type":"","overlay-color":"","overlay-opacity":"","overlay-gradient":""}},"ast-content-background-meta":{"desktop":{"background-color":"var(--ast-global-color-5)","background-image":"","background-repeat":"repeat","background-position":"center center","background-size":"auto","background-attachment":"scroll","background-type":"","background-media":"","overlay-type":"","overlay-color":"","overlay-opacity":"","overlay-gradient":""},"tablet":{"background-color":"var(--ast-global-color-5)","background-image":"","background-repeat":"repeat","background-position":"center center","background-size":"auto","background-attachment":"scroll","background-type":"","background-media":"","overlay-type":"","overlay-color":"","overlay-opacity":"","overlay-gradient":""},"mobile":{"background-color":"var(--ast-global-color-5)","background-image":"","background-repeat":"repeat","background-position":"center center","background-size":"auto","background-attachment":"scroll","background-type":"","background-media":"","overlay-type":"","overlay-color":"","overlay-opacity":"","overlay-gradient":""}},"footnotes":""},"categories":[1,294],"tags":[313],"class_list":["post-9525","post","type-post","status-publish","format-standard","has-post-thumbnail","hentry","category-general","category-noticies","tag-concurs"],"post_mailing_queue_ids":[],"_links":{"self":[{"href":"https:\/\/serveiseducatius.xtec.cat\/vallesoriental2\/wp-json\/wp\/v2\/posts\/9525","targetHints":{"allow":["GET"]}}],"collection":[{"href":"https:\/\/serveiseducatius.xtec.cat\/vallesoriental2\/wp-json\/wp\/v2\/posts"}],"about":[{"href":"https:\/\/serveiseducatius.xtec.cat\/vallesoriental2\/wp-json\/wp\/v2\/types\/post"}],"author":[{"embeddable":true,"href":"https:\/\/serveiseducatius.xtec.cat\/vallesoriental2\/wp-json\/wp\/v2\/users\/1"}],"replies":[{"embeddable":true,"href":"https:\/\/serveiseducatius.xtec.cat\/vallesoriental2\/wp-json\/wp\/v2\/comments?post=9525"}],"version-history":[{"count":3,"href":"https:\/\/serveiseducatius.xtec.cat\/vallesoriental2\/wp-json\/wp\/v2\/posts\/9525\/revisions"}],"predecessor-version":[{"id":9533,"href":"https:\/\/serveiseducatius.xtec.cat\/vallesoriental2\/wp-json\/wp\/v2\/posts\/9525\/revisions\/9533"}],"wp:featuredmedia":[{"embeddable":true,"href":"https:\/\/serveiseducatius.xtec.cat\/vallesoriental2\/wp-json\/wp\/v2\/media\/9519"}],"wp:attachment":[{"href":"https:\/\/serveiseducatius.xtec.cat\/vallesoriental2\/wp-json\/wp\/v2\/media?parent=9525"}],"wp:term":[{"taxonomy":"category","embeddable":true,"href":"https:\/\/serveiseducatius.xtec.cat\/vallesoriental2\/wp-json\/wp\/v2\/categories?post=9525"},{"taxonomy":"post_tag","embeddable":true,"href":"https:\/\/serveiseducatius.xtec.cat\/vallesoriental2\/wp-json\/wp\/v2\/tags?post=9525"}],"curies":[{"name":"wp","href":"https:\/\/api.w.org\/{rel}","templated":true}]}}