{"id":9421,"date":"2019-09-16T09:56:20","date_gmt":"2019-09-16T07:56:20","guid":{"rendered":"http:\/\/serveiseducatius.xtec.cat\/vallesoriental2\/?p=9421"},"modified":"2021-02-08T10:54:56","modified_gmt":"2021-02-08T09:54:56","slug":"publicacio-del-butlleti-educentres-i-butlleti-infoescola","status":"publish","type":"post","link":"https:\/\/serveiseducatius.xtec.cat\/vallesoriental2\/general\/publicacio-del-butlleti-educentres-i-butlleti-infoescola\/","title":{"rendered":"Publicaci\u00f3 del butllet\u00ed Educentres i butllet\u00ed Infoescola"},"content":{"rendered":"<p>Us informem que aquesta setmana el Departament ha encetat una nova l\u00ednia de comunicaci\u00f3 amb la publicaci\u00f3 de dos nous butlletins amb periodicitat mensual.<\/p>\n<p style=\"font-weight: 400;\">Es tracta del butllet\u00ed\u00a0<em>Educentres<\/em>, adre\u00e7at al personal dels centres educatius, i\u00a0<em>Infoescola<\/em>, adre\u00e7at a la ciutadania.<\/p>\n<p style=\"font-weight: 400;\"><em>Educentres<\/em>\u00a0t\u00e9 com a objectiu millorar la comunicaci\u00f3 interna de tots els actors que participem en la direcci\u00f3 i gesti\u00f3 del servei p\u00fablic educatiu no universitari del Servei d&#8217;Educaci\u00f3 de Catalunya, amb la voluntat de facilitar la difusi\u00f3 d&#8217;informaci\u00f3, experi\u00e8ncies, debats i visions per contribuir a l&#8217;\u00e8xit educatiu.<\/p>\n<p style=\"font-weight: 400;\">En aquest sentit, el Portal de centres, en qu\u00e8 s\u2019informa amb detall de novetats i gestions que han de fer els centres educatius, es complementa amb el butllet\u00ed\u00a0<em>Educentres<\/em>\u00a0com una nova eina que far\u00e0 arribar les novetats de forma \u00e0gil i eficient, ja que oferir\u00e0 altres informacions rellevants i estrat\u00e8giques, sense oblidar informaci\u00f3 pr\u00e0ctica destacada.<\/p>\n<p style=\"font-weight: 400;\">Pel que fa al butllet\u00ed\u00a0<em>Infoescola<\/em>\u00a0vol donar a con\u00e8ixer el servei educatiu d&#8217;una forma senzilla i propera; informar sobre els ensenyaments, nous programes, experi\u00e8ncies pioneres; explicar de forma clara la gesti\u00f3 de tr\u00e0mits educatius; contribuir en els debats per aconseguir grans consensos al voltant de l&#8217;educaci\u00f3, i oferir consells per a les fam\u00edlies relacionats amb el projecte compartit d&#8217;educar els infants i adolescents.<\/p>\n<p style=\"font-weight: 400;\">Trobareu els butlletins al web del Departament a l\u2019adre\u00e7a\u00a0<a href=\"http:\/\/ensenyament.gencat.cat\/ca\/departament\/publicacions\/butlletins\/\" data-saferedirecturl=\"https:\/\/www.google.com\/url?q=http:\/\/ensenyament.gencat.cat\/ca\/departament\/publicacions\/butlletins\/&amp;source=gmail&amp;ust=1568706527014000&amp;usg=AFQjCNFs2FZo-Vnuj4o7MGNNpR9K5toTsw\">http:\/\/ensenyament.gencat.cat\/ca\/departament\/publicacions\/butlletins\/<\/a><\/p>\n<p style=\"text-align: center;\"><strong>Us animem a realitzar la subscripci\u00f3<\/strong><strong>!<\/strong><\/p>\n","protected":false},"excerpt":{"rendered":"<p>Us informem que aquesta setmana el Departament ha encetat una nova l\u00ednia de comunicaci\u00f3 amb la publicaci\u00f3 de dos nous butlletins amb periodicitat mensual. Es tracta del butllet\u00ed\u00a0Educentres, adre\u00e7at al personal dels centres educatius, i\u00a0Infoescola, adre\u00e7at a la ciutadania. Educentres\u00a0t\u00e9 com a objectiu millorar la comunicaci\u00f3 interna de tots els actors que participem en la [&hellip;]<\/p>\n","protected":false},"author":1,"featured_media":9422,"comment_status":"closed","ping_status":"closed","sticky":false,"template":"","format":"standard","meta":{"_bbp_topic_count":0,"_bbp_reply_count":0,"_bbp_total_topic_count":0,"_bbp_total_reply_count":0,"_bbp_voice_count":0,"_bbp_anonymous_reply_count":0,"_bbp_topic_count_hidden":0,"_bbp_reply_count_hidden":0,"_bbp_forum_subforum_count":0,"site-sidebar-layout":"default","site-content-layout":"","ast-site-content-layout":"","site-content-style":"default","site-sidebar-style":"default","ast-global-header-display":"","ast-banner-title-visibility":"","ast-main-header-display":"","ast-hfb-above-header-display":"","ast-hfb-below-header-display":"","ast-hfb-mobile-header-display":"","site-post-title":"","ast-breadcrumbs-content":"","ast-featured-img":"","footer-sml-layout":"","theme-transparent-header-meta":"","adv-header-id-meta":"","stick-header-meta":"","header-above-stick-meta":"","header-main-stick-meta":"","header-below-stick-meta":"","astra-migrate-meta-layouts":"default","ast-page-background-enabled":"default","ast-page-background-meta":{"desktop":{"background-color":"var(--ast-global-color-4)","background-image":"","background-repeat":"repeat","background-position":"center center","background-size":"auto","background-attachment":"scroll","background-type":"","background-media":"","overlay-type":"","overlay-color":"","overlay-opacity":"","overlay-gradient":""},"tablet":{"background-color":"","background-image":"","background-repeat":"repeat","background-position":"center center","background-size":"auto","background-attachment":"scroll","background-type":"","background-media":"","overlay-type":"","overlay-color":"","overlay-opacity":"","overlay-gradient":""},"mobile":{"background-color":"","background-image":"","background-repeat":"repeat","background-position":"center center","background-size":"auto","background-attachment":"scroll","background-type":"","background-media":"","overlay-type":"","overlay-color":"","overlay-opacity":"","overlay-gradient":""}},"ast-content-background-meta":{"desktop":{"background-color":"var(--ast-global-color-5)","background-image":"","background-repeat":"repeat","background-position":"center center","background-size":"auto","background-attachment":"scroll","background-type":"","background-media":"","overlay-type":"","overlay-color":"","overlay-opacity":"","overlay-gradient":""},"tablet":{"background-color":"var(--ast-global-color-5)","background-image":"","background-repeat":"repeat","background-position":"center center","background-size":"auto","background-attachment":"scroll","background-type":"","background-media":"","overlay-type":"","overlay-color":"","overlay-opacity":"","overlay-gradient":""},"mobile":{"background-color":"var(--ast-global-color-5)","background-image":"","background-repeat":"repeat","background-position":"center center","background-size":"auto","background-attachment":"scroll","background-type":"","background-media":"","overlay-type":"","overlay-color":"","overlay-opacity":"","overlay-gradient":""}},"footnotes":""},"categories":[1,294],"tags":[333,331,332],"class_list":["post-9421","post","type-post","status-publish","format-standard","has-post-thumbnail","hentry","category-general","category-noticies","tag-educacio","tag-educentres","tag-infoescola"],"post_mailing_queue_ids":[],"_links":{"self":[{"href":"https:\/\/serveiseducatius.xtec.cat\/vallesoriental2\/wp-json\/wp\/v2\/posts\/9421","targetHints":{"allow":["GET"]}}],"collection":[{"href":"https:\/\/serveiseducatius.xtec.cat\/vallesoriental2\/wp-json\/wp\/v2\/posts"}],"about":[{"href":"https:\/\/serveiseducatius.xtec.cat\/vallesoriental2\/wp-json\/wp\/v2\/types\/post"}],"author":[{"embeddable":true,"href":"https:\/\/serveiseducatius.xtec.cat\/vallesoriental2\/wp-json\/wp\/v2\/users\/1"}],"replies":[{"embeddable":true,"href":"https:\/\/serveiseducatius.xtec.cat\/vallesoriental2\/wp-json\/wp\/v2\/comments?post=9421"}],"version-history":[{"count":2,"href":"https:\/\/serveiseducatius.xtec.cat\/vallesoriental2\/wp-json\/wp\/v2\/posts\/9421\/revisions"}],"predecessor-version":[{"id":9424,"href":"https:\/\/serveiseducatius.xtec.cat\/vallesoriental2\/wp-json\/wp\/v2\/posts\/9421\/revisions\/9424"}],"wp:featuredmedia":[{"embeddable":true,"href":"https:\/\/serveiseducatius.xtec.cat\/vallesoriental2\/wp-json\/wp\/v2\/media\/9422"}],"wp:attachment":[{"href":"https:\/\/serveiseducatius.xtec.cat\/vallesoriental2\/wp-json\/wp\/v2\/media?parent=9421"}],"wp:term":[{"taxonomy":"category","embeddable":true,"href":"https:\/\/serveiseducatius.xtec.cat\/vallesoriental2\/wp-json\/wp\/v2\/categories?post=9421"},{"taxonomy":"post_tag","embeddable":true,"href":"https:\/\/serveiseducatius.xtec.cat\/vallesoriental2\/wp-json\/wp\/v2\/tags?post=9421"}],"curies":[{"name":"wp","href":"https:\/\/api.w.org\/{rel}","templated":true}]}}