{"id":9015,"date":"2018-03-23T09:33:05","date_gmt":"2018-03-23T08:33:05","guid":{"rendered":"http:\/\/serveiseducatius.xtec.cat\/vallesoriental2\/?p=9015"},"modified":"2021-02-08T11:00:05","modified_gmt":"2021-02-08T10:00:05","slug":"jornada-deducacio-fisica-com-ha-de-ser-leducacio-fisica-per-afavorir-que-lalumnat-sigui-competent","status":"publish","type":"post","link":"https:\/\/serveiseducatius.xtec.cat\/vallesoriental2\/general\/jornada-deducacio-fisica-com-ha-de-ser-leducacio-fisica-per-afavorir-que-lalumnat-sigui-competent\/","title":{"rendered":"Jornada d&#8217;educaci\u00f3 f\u00edsica: Com ha de ser l&#8217;educaci\u00f3 f\u00edsica per afavorir que l&#8217;alumnat sigui competent?"},"content":{"rendered":"<p><a href=\"http:\/\/serveiseducatius.xtec.cat\/vallesoriental2\/wp-content\/uploads\/usu1134\/2018\/03\/jornada_ef.png\"><img loading=\"lazy\" decoding=\"async\" class=\"wp-image-9016 aligncenter\" src=\"http:\/\/serveiseducatius.xtec.cat\/vallesoriental2\/wp-content\/uploads\/usu1134\/2018\/03\/jornada_ef.png\" alt=\"\" width=\"293\" height=\"397\" \/><\/a><\/p>\n<p>&nbsp;<\/p>\n<p>Jornada\u00a0adre\u00e7ada a mestres d\u2019educaci\u00f3 f\u00edsica de prim\u00e0ria. L\u2019objectiu d\u2019aquesta jornada \u00e9s compartir el nou\u00a0<a href=\"http:\/\/ensenyament.gencat.cat\/web\/.content\/home\/departament\/publicacions\/colleccions\/competencies-basiques\/primaria\/prim-educacio-fisica.pdf\" target=\"_blank\" rel=\"noopener noreferrer\">document d\u2019identificaci\u00f3 i desplegament de les compet\u00e8ncies b\u00e0siques de l\u2019\u00e0mbit de l\u2019educaci\u00f3 f\u00edsica<\/a>, per tal de facilitar als mestres desenvolupar la seva programaci\u00f3 i difondre experi\u00e8ncies competencials.<\/p>\n<p>Dia: 14 d&#8217;abril de 2018<\/p>\n<p>Inscripcions i m\u00e9s informaci\u00f3.<\/p>\n<p>&nbsp;<\/p>\n","protected":false},"excerpt":{"rendered":"<p>&nbsp; Jornada\u00a0adre\u00e7ada a mestres d\u2019educaci\u00f3 f\u00edsica de prim\u00e0ria. L\u2019objectiu d\u2019aquesta jornada \u00e9s compartir el nou\u00a0document d\u2019identificaci\u00f3 i desplegament de les compet\u00e8ncies b\u00e0siques de l\u2019\u00e0mbit de l\u2019educaci\u00f3 f\u00edsica, per tal de facilitar als mestres desenvolupar la seva programaci\u00f3 i difondre experi\u00e8ncies competencials. Dia: 14 d&#8217;abril de 2018 Inscripcions i m\u00e9s informaci\u00f3. &nbsp;<\/p>\n","protected":false},"author":1,"featured_media":9018,"comment_status":"closed","ping_status":"closed","sticky":false,"template":"","format":"standard","meta":{"_bbp_topic_count":0,"_bbp_reply_count":0,"_bbp_total_topic_count":0,"_bbp_total_reply_count":0,"_bbp_voice_count":0,"_bbp_anonymous_reply_count":0,"_bbp_topic_count_hidden":0,"_bbp_reply_count_hidden":0,"_bbp_forum_subforum_count":0,"site-sidebar-layout":"default","site-content-layout":"","ast-site-content-layout":"","site-content-style":"default","site-sidebar-style":"default","ast-global-header-display":"","ast-banner-title-visibility":"","ast-main-header-display":"","ast-hfb-above-header-display":"","ast-hfb-below-header-display":"","ast-hfb-mobile-header-display":"","site-post-title":"","ast-breadcrumbs-content":"","ast-featured-img":"","footer-sml-layout":"","theme-transparent-header-meta":"","adv-header-id-meta":"","stick-header-meta":"","header-above-stick-meta":"","header-main-stick-meta":"","header-below-stick-meta":"","astra-migrate-meta-layouts":"default","ast-page-background-enabled":"default","ast-page-background-meta":{"desktop":{"background-color":"var(--ast-global-color-4)","background-image":"","background-repeat":"repeat","background-position":"center center","background-size":"auto","background-attachment":"scroll","background-type":"","background-media":"","overlay-type":"","overlay-color":"","overlay-opacity":"","overlay-gradient":""},"tablet":{"background-color":"","background-image":"","background-repeat":"repeat","background-position":"center center","background-size":"auto","background-attachment":"scroll","background-type":"","background-media":"","overlay-type":"","overlay-color":"","overlay-opacity":"","overlay-gradient":""},"mobile":{"background-color":"","background-image":"","background-repeat":"repeat","background-position":"center center","background-size":"auto","background-attachment":"scroll","background-type":"","background-media":"","overlay-type":"","overlay-color":"","overlay-opacity":"","overlay-gradient":""}},"ast-content-background-meta":{"desktop":{"background-color":"var(--ast-global-color-5)","background-image":"","background-repeat":"repeat","background-position":"center center","background-size":"auto","background-attachment":"scroll","background-type":"","background-media":"","overlay-type":"","overlay-color":"","overlay-opacity":"","overlay-gradient":""},"tablet":{"background-color":"var(--ast-global-color-5)","background-image":"","background-repeat":"repeat","background-position":"center center","background-size":"auto","background-attachment":"scroll","background-type":"","background-media":"","overlay-type":"","overlay-color":"","overlay-opacity":"","overlay-gradient":""},"mobile":{"background-color":"var(--ast-global-color-5)","background-image":"","background-repeat":"repeat","background-position":"center center","background-size":"auto","background-attachment":"scroll","background-type":"","background-media":"","overlay-type":"","overlay-color":"","overlay-opacity":"","overlay-gradient":""}},"footnotes":""},"categories":[65,1,294],"tags":[314],"class_list":["post-9015","post","type-post","status-publish","format-standard","has-post-thumbnail","hentry","category-crp","category-general","category-noticies","tag-trobada"],"post_mailing_queue_ids":[],"_links":{"self":[{"href":"https:\/\/serveiseducatius.xtec.cat\/vallesoriental2\/wp-json\/wp\/v2\/posts\/9015","targetHints":{"allow":["GET"]}}],"collection":[{"href":"https:\/\/serveiseducatius.xtec.cat\/vallesoriental2\/wp-json\/wp\/v2\/posts"}],"about":[{"href":"https:\/\/serveiseducatius.xtec.cat\/vallesoriental2\/wp-json\/wp\/v2\/types\/post"}],"author":[{"embeddable":true,"href":"https:\/\/serveiseducatius.xtec.cat\/vallesoriental2\/wp-json\/wp\/v2\/users\/1"}],"replies":[{"embeddable":true,"href":"https:\/\/serveiseducatius.xtec.cat\/vallesoriental2\/wp-json\/wp\/v2\/comments?post=9015"}],"version-history":[{"count":1,"href":"https:\/\/serveiseducatius.xtec.cat\/vallesoriental2\/wp-json\/wp\/v2\/posts\/9015\/revisions"}],"predecessor-version":[{"id":9017,"href":"https:\/\/serveiseducatius.xtec.cat\/vallesoriental2\/wp-json\/wp\/v2\/posts\/9015\/revisions\/9017"}],"wp:featuredmedia":[{"embeddable":true,"href":"https:\/\/serveiseducatius.xtec.cat\/vallesoriental2\/wp-json\/wp\/v2\/media\/9018"}],"wp:attachment":[{"href":"https:\/\/serveiseducatius.xtec.cat\/vallesoriental2\/wp-json\/wp\/v2\/media?parent=9015"}],"wp:term":[{"taxonomy":"category","embeddable":true,"href":"https:\/\/serveiseducatius.xtec.cat\/vallesoriental2\/wp-json\/wp\/v2\/categories?post=9015"},{"taxonomy":"post_tag","embeddable":true,"href":"https:\/\/serveiseducatius.xtec.cat\/vallesoriental2\/wp-json\/wp\/v2\/tags?post=9015"}],"curies":[{"name":"wp","href":"https:\/\/api.w.org\/{rel}","templated":true}]}}