{"id":8961,"date":"2018-03-08T10:02:33","date_gmt":"2018-03-08T09:02:33","guid":{"rendered":"http:\/\/serveiseducatius.xtec.cat\/vallesoriental2\/?p=8961"},"modified":"2021-02-08T11:02:24","modified_gmt":"2021-02-08T10:02:24","slug":"dia-internacional-de-les-dones-8-marc","status":"publish","type":"post","link":"https:\/\/serveiseducatius.xtec.cat\/vallesoriental2\/general\/dia-internacional-de-les-dones-8-marc\/","title":{"rendered":"DIA INTERNACIONAL DE LES DONES 8 MAR\u00c7"},"content":{"rendered":"<p align=\"justify\"><a href=\"http:\/\/serveiseducatius.xtec.cat\/vallesoriental2\/wp-content\/uploads\/usu1134\/2018\/03\/actualitat-533x533-dia-internacional-dones-2017.jpg_1595044798.jpg\"><img loading=\"lazy\" decoding=\"async\" class=\"wp-image-8962 aligncenter\" src=\"http:\/\/serveiseducatius.xtec.cat\/vallesoriental2\/wp-content\/uploads\/usu1134\/2018\/03\/actualitat-533x533-dia-internacional-dones-2017.jpg_1595044798.jpg\" alt=\"\" width=\"442\" height=\"442\" srcset=\"https:\/\/serveiseducatius.xtec.cat\/vallesoriental2\/wp-content\/uploads\/usu1134\/2018\/03\/actualitat-533x533-dia-internacional-dones-2017.jpg_1595044798.jpg 538w, https:\/\/serveiseducatius.xtec.cat\/vallesoriental2\/wp-content\/uploads\/usu1134\/2018\/03\/actualitat-533x533-dia-internacional-dones-2017.jpg_1595044798-150x150.jpg 150w, https:\/\/serveiseducatius.xtec.cat\/vallesoriental2\/wp-content\/uploads\/usu1134\/2018\/03\/actualitat-533x533-dia-internacional-dones-2017.jpg_1595044798-300x300.jpg 300w\" sizes=\"auto, (max-width: 442px) 100vw, 442px\" \/><\/a><\/p>\n<p align=\"justify\">El Departament d\u2019Ensenyament amb motiu del 8 de mar\u00e7,\u00a0<a href=\"http:\/\/dones.gencat.cat\/ca\/ambits\/sensibilitzacio\/campanyes\/dia_internacional_dones\/\">Dia Internacional de les Dones<\/a>, proposa dur a terme una campanya de conscienciaci\u00f3 a tota la comunitat educativa sobre la import\u00e0ncia de visualitzar la participaci\u00f3 de les dones en tots els \u00e0mbits de la vida posant en valor la seva contribuci\u00f3 social i hist\u00f2rica, tot fomentant el seu apoderament com a protagonistes i creadores a trav\u00e9s de la seva mirada.<\/p>\n<p align=\"justify\">Per aquest motiu us proposem que dueu a terme ja sigui a nivell d\u2019aula, centre o comunitat educativa, accions de sensibilitzaci\u00f3 sobre la import\u00e0ncia del paper de les dones tant en l\u2019\u00e0mbit familiar com professional o acad\u00e8mic, mostrant el seu punt de vista i les viv\u00e8ncies de les dones de l\u2019entorn i que pengeu fotografies, dibuixos o v\u00eddeos acompanyats de les idees clau treballades al Twitter amb el hastag\u00a0<a href=\"https:\/\/twitter.com\/hashtag\/amblanostramirada8M\">#amblanostramirada8m<\/a>\u00a0amb menci\u00f3 al Twitter del portal XTEC\u00a0<a href=\"https:\/\/twitter.com\/xtec?lang=ca\">@xtec<\/a>\u00a0o compartir-ho a Instagram amb el mateix hashtag.<\/p>\n","protected":false},"excerpt":{"rendered":"<p>El Departament d\u2019Ensenyament amb motiu del 8 de mar\u00e7,\u00a0Dia Internacional de les Dones, proposa dur a terme una campanya de conscienciaci\u00f3 a tota la comunitat educativa sobre la import\u00e0ncia de visualitzar la participaci\u00f3 de les dones en tots els \u00e0mbits de la vida posant en valor la seva contribuci\u00f3 social i hist\u00f2rica, tot fomentant el [&hellip;]<\/p>\n","protected":false},"author":1,"featured_media":8962,"comment_status":"closed","ping_status":"closed","sticky":false,"template":"","format":"standard","meta":{"_bbp_topic_count":0,"_bbp_reply_count":0,"_bbp_total_topic_count":0,"_bbp_total_reply_count":0,"_bbp_voice_count":0,"_bbp_anonymous_reply_count":0,"_bbp_topic_count_hidden":0,"_bbp_reply_count_hidden":0,"_bbp_forum_subforum_count":0,"site-sidebar-layout":"default","site-content-layout":"","ast-site-content-layout":"","site-content-style":"default","site-sidebar-style":"default","ast-global-header-display":"","ast-banner-title-visibility":"","ast-main-header-display":"","ast-hfb-above-header-display":"","ast-hfb-below-header-display":"","ast-hfb-mobile-header-display":"","site-post-title":"","ast-breadcrumbs-content":"","ast-featured-img":"","footer-sml-layout":"","theme-transparent-header-meta":"","adv-header-id-meta":"","stick-header-meta":"","header-above-stick-meta":"","header-main-stick-meta":"","header-below-stick-meta":"","astra-migrate-meta-layouts":"default","ast-page-background-enabled":"default","ast-page-background-meta":{"desktop":{"background-color":"var(--ast-global-color-4)","background-image":"","background-repeat":"repeat","background-position":"center center","background-size":"auto","background-attachment":"scroll","background-type":"","background-media":"","overlay-type":"","overlay-color":"","overlay-opacity":"","overlay-gradient":""},"tablet":{"background-color":"","background-image":"","background-repeat":"repeat","background-position":"center center","background-size":"auto","background-attachment":"scroll","background-type":"","background-media":"","overlay-type":"","overlay-color":"","overlay-opacity":"","overlay-gradient":""},"mobile":{"background-color":"","background-image":"","background-repeat":"repeat","background-position":"center center","background-size":"auto","background-attachment":"scroll","background-type":"","background-media":"","overlay-type":"","overlay-color":"","overlay-opacity":"","overlay-gradient":""}},"ast-content-background-meta":{"desktop":{"background-color":"var(--ast-global-color-5)","background-image":"","background-repeat":"repeat","background-position":"center center","background-size":"auto","background-attachment":"scroll","background-type":"","background-media":"","overlay-type":"","overlay-color":"","overlay-opacity":"","overlay-gradient":""},"tablet":{"background-color":"var(--ast-global-color-5)","background-image":"","background-repeat":"repeat","background-position":"center center","background-size":"auto","background-attachment":"scroll","background-type":"","background-media":"","overlay-type":"","overlay-color":"","overlay-opacity":"","overlay-gradient":""},"mobile":{"background-color":"var(--ast-global-color-5)","background-image":"","background-repeat":"repeat","background-position":"center center","background-size":"auto","background-attachment":"scroll","background-type":"","background-media":"","overlay-type":"","overlay-color":"","overlay-opacity":"","overlay-gradient":""}},"footnotes":""},"categories":[65,1,294],"tags":[],"class_list":["post-8961","post","type-post","status-publish","format-standard","has-post-thumbnail","hentry","category-crp","category-general","category-noticies"],"post_mailing_queue_ids":[],"_links":{"self":[{"href":"https:\/\/serveiseducatius.xtec.cat\/vallesoriental2\/wp-json\/wp\/v2\/posts\/8961","targetHints":{"allow":["GET"]}}],"collection":[{"href":"https:\/\/serveiseducatius.xtec.cat\/vallesoriental2\/wp-json\/wp\/v2\/posts"}],"about":[{"href":"https:\/\/serveiseducatius.xtec.cat\/vallesoriental2\/wp-json\/wp\/v2\/types\/post"}],"author":[{"embeddable":true,"href":"https:\/\/serveiseducatius.xtec.cat\/vallesoriental2\/wp-json\/wp\/v2\/users\/1"}],"replies":[{"embeddable":true,"href":"https:\/\/serveiseducatius.xtec.cat\/vallesoriental2\/wp-json\/wp\/v2\/comments?post=8961"}],"version-history":[{"count":1,"href":"https:\/\/serveiseducatius.xtec.cat\/vallesoriental2\/wp-json\/wp\/v2\/posts\/8961\/revisions"}],"predecessor-version":[{"id":8963,"href":"https:\/\/serveiseducatius.xtec.cat\/vallesoriental2\/wp-json\/wp\/v2\/posts\/8961\/revisions\/8963"}],"wp:featuredmedia":[{"embeddable":true,"href":"https:\/\/serveiseducatius.xtec.cat\/vallesoriental2\/wp-json\/wp\/v2\/media\/8962"}],"wp:attachment":[{"href":"https:\/\/serveiseducatius.xtec.cat\/vallesoriental2\/wp-json\/wp\/v2\/media?parent=8961"}],"wp:term":[{"taxonomy":"category","embeddable":true,"href":"https:\/\/serveiseducatius.xtec.cat\/vallesoriental2\/wp-json\/wp\/v2\/categories?post=8961"},{"taxonomy":"post_tag","embeddable":true,"href":"https:\/\/serveiseducatius.xtec.cat\/vallesoriental2\/wp-json\/wp\/v2\/tags?post=8961"}],"curies":[{"name":"wp","href":"https:\/\/api.w.org\/{rel}","templated":true}]}}