{"id":13590,"date":"2026-09-02T20:46:32","date_gmt":"2026-09-02T18:46:32","guid":{"rendered":"https:\/\/serveiseducatius.xtec.cat\/vallesoriental2\/?p=13590"},"modified":"2026-09-02T22:10:53","modified_gmt":"2026-09-02T20:10:53","slug":"iniciem-el-curs-26-27","status":"publish","type":"post","link":"https:\/\/serveiseducatius.xtec.cat\/vallesoriental2\/general\/iniciem-el-curs-26-27\/","title":{"rendered":"Iniciem el curs 26-27"},"content":{"rendered":"<div>\n<p>Us informem que ja teniu disponibles les revistes rebudes durant el mes passat a la Biblioteca.<\/p>\n<div>Les trobareu totes en l\u00ednia: algunes estan disponibles en obert i d\u2019altres necessiten\u00a0<a id=\"m_-3255048858741948730LPlnk489938\" title=\"https:\/\/espai.educacio.gencat.cat\/Recursos\/Biblioteca\/Biblioteca-virtual\/Revistes-electroniques\/Pagines\/default.aspx\" href=\"https:\/\/espai.educacio.gencat.cat\/Recursos\/Biblioteca\/Biblioteca-virtual\/Revistes-electroniques\/Pagines\/default.aspx\" target=\"_blank\" rel=\"noopener\" data-saferedirecturl=\"https:\/\/www.google.com\/url?q=https:\/\/espai.educacio.gencat.cat\/Recursos\/Biblioteca\/Biblioteca-virtual\/Revistes-electroniques\/Pagines\/default.aspx&amp;source=gmail&amp;ust=1757488289848000&amp;usg=AOvVaw1tCxG8nJFcoYZssOwdLjAl\">claus d\u2019acc\u00e9s<\/a>.<\/div>\n<\/div>\n<table id=\"m_-3255048858741948730x_x_x_x_x_x_x_x_x_x_x_x_x_x_table_0\" style=\"width: 100%;\" cellspacing=\"0\" cellpadding=\"0\">\n<tbody>\n<tr>\n<td style=\"width: 19.7495%;\"><a href=\"https:\/\/serveiseducatius.xtec.cat\/vallesoriental2\/wp-content\/uploads\/usu1134\/2023\/01\/bordon.png\"><img loading=\"lazy\" decoding=\"async\" class=\"aligncenter size-full wp-image-11326\" src=\"https:\/\/serveiseducatius.xtec.cat\/vallesoriental2\/wp-content\/uploads\/usu1134\/2023\/01\/bordon.png\" alt=\"\" width=\"121\" height=\"80\" \/><\/a><\/td>\n<td style=\"width: 76.975%;\">\n<div>\n<h6 class=\"media-heading\"><a href=\"https:\/\/recyt.fecyt.es\/index.php\/BORDON\/article\/view\/110453\"><strong>Feminizaci\u00f3n<\/strong> educativa y subrepresentaci\u00f3n medi\u00e1tica: la brecha de g\u00e9nero en el debate educativo<\/a><\/h6>\n<p><u><\/u>Bord\u00f3n, 78(2), 2026<\/p>\n<\/div>\n<\/td>\n<td style=\"width: 3.17919%;\"><\/td>\n<\/tr>\n<tr>\n<td style=\"width: 19.7495%;\"><a href=\"https:\/\/serveiseducatius.xtec.cat\/vallesoriental2\/wp-content\/uploads\/usu1134\/2023\/03\/ensenanza.png\"><img loading=\"lazy\" decoding=\"async\" class=\"aligncenter size-full wp-image-11466\" src=\"https:\/\/serveiseducatius.xtec.cat\/vallesoriental2\/wp-content\/uploads\/usu1134\/2023\/03\/ensenanza.png\" alt=\"\" width=\"145\" height=\"52\" \/><\/a><\/td>\n<td style=\"width: 76.975%;\"><a id=\"article-6230\" href=\"https:\/\/ensciencias.uab.cat\/issue\/view\/v44-n2\">El uso de simulaciones PhET en la ense\u00f1anza de la f\u00edsica: una revisi\u00f3n sistem\u00e1tica<\/a><br \/>\nEnse\u00f1anza de las ciencias, 44(2), 2026<\/td>\n<td style=\"width: 3.17919%;\"><\/td>\n<\/tr>\n<tr>\n<td style=\"width: 19.7495%;\"><a href=\"https:\/\/serveiseducatius.xtec.cat\/vallesoriental2\/wp-content\/uploads\/usu1134\/2024\/04\/CARACTER.png\"><img loading=\"lazy\" decoding=\"async\" class=\"aligncenter size-full wp-image-12239\" src=\"https:\/\/serveiseducatius.xtec.cat\/vallesoriental2\/wp-content\/uploads\/usu1134\/2024\/04\/CARACTER.png\" sizes=\"auto, (max-width: 152px) 100vw, 152px\" srcset=\"https:\/\/serveiseducatius.xtec.cat\/vallesoriental2\/wp-content\/uploads\/usu1134\/2024\/04\/CARACTER.png 152w, https:\/\/serveiseducatius.xtec.cat\/vallesoriental2\/wp-content\/uploads\/usu1134\/2024\/04\/CARACTER-150x28.png 150w\" alt=\"\" width=\"152\" height=\"28\" \/><\/a><\/td>\n<td style=\"width: 76.975%;\"><u><a id=\"m_-3255048858741948730OWAaf82221f-4caa-ab31-f939-bb2100a622c1\" href=\"https:\/\/divulgacionturia.uv.es\/index.php\/caracters\/issue\/view\/16\" target=\"_blank\" rel=\"noopener\" data-saferedirecturl=\"https:\/\/www.google.com\/url?q=https:\/\/divulgacionturia.uv.es\/index.php\/caracters\/issue\/view\/11&amp;source=gmail&amp;ust=1757488289848000&amp;usg=AOvVaw3mUVX5yDyVYo0uRysqEVbV\">L\u2019abs\u00e8ncia de pres\u00e8ncia de la literatura infantil als mitjans<\/a><\/u><\/p>\n<div>Car\u00e0cters, 103, jul. 2026<\/div>\n<\/td>\n<td style=\"width: 3.17919%;\"><\/td>\n<\/tr>\n<tr>\n<td style=\"width: 19.7495%;\"><a href=\"https:\/\/serveiseducatius.xtec.cat\/vallesoriental2\/wp-content\/uploads\/usu1134\/2025\/09\/comunicacion.png\"><img loading=\"lazy\" decoding=\"async\" class=\"aligncenter size-full wp-image-12937\" src=\"https:\/\/serveiseducatius.xtec.cat\/vallesoriental2\/wp-content\/uploads\/usu1134\/2025\/09\/comunicacion.png\" alt=\"\" width=\"181\" height=\"60\" \/><\/a><\/td>\n<td style=\"width: 76.975%;\"><a href=\"https:\/\/revistes.urv.cat\/index.php\/comeduc\/issue\/view\/252\"><span style=\"text-decoration: underline;\">Entrevista<\/span> <span style=\"text-decoration: underline;\">al Dr. Juan Carlos Montoya Rubio<\/span><\/a><br \/>\nComunicaci\u00f3 educativa, 38, 2025<\/td>\n<td style=\"width: 3.17919%;\"><\/td>\n<\/tr>\n<tr>\n<td style=\"width: 19.7495%;\"><a href=\"https:\/\/serveiseducatius.xtec.cat\/vallesoriental2\/wp-content\/uploads\/usu1134\/2022\/11\/clij.jpg\"><img loading=\"lazy\" decoding=\"async\" class=\"aligncenter size-full wp-image-11242\" src=\"https:\/\/serveiseducatius.xtec.cat\/vallesoriental2\/wp-content\/uploads\/usu1134\/2022\/11\/clij.jpg\" alt=\"\" width=\"171\" height=\"81\" \/><\/a><\/td>\n<td style=\"width: 76.975%;\"><u><a id=\"m_-3255048858741948730OWA3dae9d50-ac91-1274-3d87-7b3a4ee21130\" href=\"https:\/\/www.revistaclij.com\/product\/clij-332-digital-julio-agosto-2026\/\" target=\"_blank\" rel=\"noopener\" data-saferedirecturl=\"https:\/\/www.google.com\/url?q=https:\/\/www.revistaclij.com\/product\/clij-326-digital-julio-agosto-2025\/&amp;source=gmail&amp;ust=1757488289849000&amp;usg=AOvVaw2MUmYGdW_ecvQf0FeJj-Z2\">Carlos Gim\u00e9nez. Una vida dedicada a los tebeos<\/a><\/u><br \/>\nCLIJ, 332, jul.-ago. 2026<\/td>\n<td style=\"width: 3.17919%;\"><\/td>\n<\/tr>\n<tr>\n<td style=\"width: 19.7495%;\"><a href=\"https:\/\/serveiseducatius.xtec.cat\/vallesoriental2\/wp-content\/uploads\/usu1134\/2023\/07\/cdp.jpg\"><img loading=\"lazy\" decoding=\"async\" class=\"aligncenter size-full wp-image-11647\" src=\"https:\/\/serveiseducatius.xtec.cat\/vallesoriental2\/wp-content\/uploads\/usu1134\/2023\/07\/cdp.jpg\" alt=\"\" width=\"148\" height=\"62\" \/><\/a><\/td>\n<td style=\"width: 76.975%;\"><u><a id=\"m_-3255048858741948730OWAf6bd7e71-3880-e939-f6e3-599cce48edd1\" href=\"https:\/\/login-miespacio.aranzadilaley.es\/account\/login?ReturnUrl=%2Fconnect%2Fauthorize%3Fclient_id%3DLegalteca%26redirect_uri%3Dhttps%253A%252F%252Flegalteca.aranzadilaley.es%252Fsignin-oidc%26response_type%3Dcode%26scope%3Dopenid%2520profile%2520smarteca%2520offline_access%26code_challenge%3D0STtZxiuLSCR3xXzuqOTMWKReThf6ZjtfgF6HuRZKzQ%26code_challenge_method%3DS256%26state%3DOpenIdConnect.AuthenticationProperties%253DaeRP1Tray0npSLtDNriWoTlFJRdqkD6QETpGZxIQ4AFsaayb4CXchAu6-ckZPxd-vFrrS43fPDARhhanivbjsCbJlc9--B4o72gWG0eb5pK4M5yfnZTj3ukpDplO_iYTSphCDDZQCUb0GpZ2Exbjt62WOFQFHZVGKrEcRLBqnNuOXdaWUkqdYl47-OVHme4GTEeMUysNFYJyVcy9qyLoKimkp6wHUNQJlYZfz4LIb8LmJfq8Oa-SThRzQj_4G-U3RZTL1vBF6-nO6OViMAjsyTVyCkRe3_zptNDb9j_QQ5tfP9nSDAVP6hG83axjp2F5SZHH8iFBxkNHpuyS6wvNilVYXl0Ojm5BaUXNAhaxfSdpFCT8VNRQ0NW7UGmGI4hrbk9X1eaCfS24BzzzQ-fF_jH-NzBRIlR4E3qD0zqQBe9KJyGmZubakXnjwdi2qq4iOWtQSQ-lplY3rZm6gVi46fbshGtrp7W218ntg9eij3A%26nonce%3D639239337420820876.MTlkOTBiOWUtNTIwMi00MzFlLTg0MmYtNDY3NGUxNDZmYjNiYTNkZDE2MTAtNDY3Yy00MzI4LWJjNTQtMWYyMjA5MGRhYTBi%26x-client-SKU%3DID_NET472%26x-client-ver%3D8.17.0.0%26origin%3Dtwk_es%26displayPhone%3DTrue\" target=\"_blank\" rel=\"noopener\" data-saferedirecturl=\"https:\/\/www.google.com\/url?q=https:\/\/www.cuadernosdepedagogia.com\/Content\/TemaMes.aspx?params%3DH4sIAAAAAAAEAMtMSbENqSgJSc1N9E0tVitKLcgvzizJL6oMSCzJsC0uSSzJTFZLLsi0zcwNKDJUNU4E00CRFLiIZ5F2ojbIAO2U1Bzt3NRiAKvwXRdUAAAAWKE&amp;source=gmail&amp;ust=1757488289849000&amp;usg=AOvVaw2A9GJY_dVpwntSB3QMh8UR\">El arte de educar el car\u00e1cter<\/a><\/u><br \/>\nCuadernos de pedagog\u00eda, 566, jul. 2025<\/td>\n<td style=\"width: 3.17919%;\"><\/td>\n<\/tr>\n<tr>\n<td style=\"width: 19.7495%;\"><a href=\"https:\/\/serveiseducatius.xtec.cat\/vallesoriental2\/wp-content\/uploads\/usu1134\/2022\/09\/infancia.png\"><img loading=\"lazy\" decoding=\"async\" class=\"aligncenter wp-image-11265\" src=\"https:\/\/serveiseducatius.xtec.cat\/vallesoriental2\/wp-content\/uploads\/usu1134\/2022\/09\/infancia.png\" alt=\"\" width=\"215\" height=\"49\" \/><\/a><\/td>\n<td style=\"width: 76.975%;\">\n<div>\n<p><u><a id=\"m_-3255048858741948730OWAdd87691d-cc1e-7224-08d2-929f9bd7080c\" href=\"https:\/\/www.rosasensat.org\/ca\/productes\/revistes\/in-fan-ci-a\/infancia-272\" target=\"_blank\" rel=\"noopener\" data-saferedirecturl=\"https:\/\/www.google.com\/url?q=https:\/\/www.rosasensat.org\/revista\/infancia-265\/&amp;source=gmail&amp;ust=1757488289849000&amp;usg=AOvVaw0BzEXx0ttkNQI46loxbQ_9\">El binomi presencia i abs\u00e8ncia<\/a><\/u><br \/>\nIn-f\u00e0n-ci-a, 272, jul.-ago. 2026<\/p>\n<\/div>\n<\/td>\n<td style=\"width: 3.17919%;\"><\/td>\n<\/tr>\n<tr>\n<td style=\"width: 19.7495%;\"><a href=\"https:\/\/serveiseducatius.xtec.cat\/vallesoriental2\/wp-content\/uploads\/usu1134\/2023\/07\/isll.jpg\"><img loading=\"lazy\" decoding=\"async\" class=\"aligncenter size-full wp-image-11653\" src=\"https:\/\/serveiseducatius.xtec.cat\/vallesoriental2\/wp-content\/uploads\/usu1134\/2023\/07\/isll.jpg\" alt=\"\" width=\"135\" height=\"61\" \/><\/a><\/td>\n<td style=\"width: 80.1541%;\" colspan=\"2\"><u><a id=\"m_-3255048858741948730OWAd521e753-ce11-2565-ba7f-5c5a91479f83\" href=\"https:\/\/www.revistas.uma.es\/index.php\/revistaISL\/issue\/view\/1360\" target=\"_blank\" rel=\"noopener\" data-saferedirecturl=\"https:\/\/www.google.com\/url?q=https:\/\/www.revistas.uma.es\/index.php\/revistaISL\/issue\/view\/1360&amp;source=gmail&amp;ust=1757488289849000&amp;usg=AOvVaw15VWg2me8h0sY2MXlJwUta\"><\/a><a href=\"https:\/\/dialnet.unirioja.es\/servlet\/articulo?codigo=10519785\">Combinaci\u00f3n de soportes<\/a><\/u><\/p>\n<p>A\u00f1o 2025, Vol.20, N\u00famero 2<\/td>\n<\/tr>\n<tr>\n<td style=\"width: 19.7495%;\"><a href=\"https:\/\/serveiseducatius.xtec.cat\/vallesoriental2\/wp-content\/uploads\/usu1134\/2023\/11\/graffica.png\"><img loading=\"lazy\" decoding=\"async\" class=\"aligncenter size-full wp-image-11847\" src=\"https:\/\/serveiseducatius.xtec.cat\/vallesoriental2\/wp-content\/uploads\/usu1134\/2023\/11\/graffica.png\" alt=\"\" width=\"145\" height=\"51\" \/><\/a><\/td>\n<td style=\"width: 76.975%;\">\n<div>\n<p><u><a id=\"m_-3255048858741948730OWAd8468b8a-2a6e-c9ef-123c-13607d288b59\" href=\"https:\/\/graffica.info\/nosotros\/\" target=\"_blank\" rel=\"noopener\" data-saferedirecturl=\"https:\/\/www.google.com\/url?q=https:\/\/graffica.info\/tienda\/revista-graffica-no-38-audiovisual\/?_gl%3D1*uu8v90*_up*MQ..*_ga*MTk2NDg4NjA3NS4xNzU2NDU5NjEz*_ga_KLZRFESCEH*czE3NTY0NTk2MTIkbzEkZzEkdDE3NTY0NTk2MjckajQ1JGwwJGgw&amp;source=gmail&amp;ust=1757488289849000&amp;usg=AOvVaw1k0hoZTmRKIwR_hmiGUkIy\">Graffica<\/a><\/u><br \/>\nGr\u00e0ffica, 42, jul.-set. 2026<\/p>\n<\/div>\n<\/td>\n<td style=\"width: 3.17919%;\"><\/td>\n<\/tr>\n<tr>\n<td style=\"width: 19.7495%;\"><a href=\"https:\/\/serveiseducatius.xtec.cat\/vallesoriental2\/wp-content\/uploads\/usu1134\/2025\/09\/reps.png\"><img loading=\"lazy\" decoding=\"async\" class=\"aligncenter size-full wp-image-12938\" src=\"https:\/\/serveiseducatius.xtec.cat\/vallesoriental2\/wp-content\/uploads\/usu1134\/2025\/09\/reps.png\" alt=\"\" width=\"93\" height=\"55\" \/><\/a><\/td>\n<td style=\"width: 76.975%;\">&nbsp;<\/p>\n<p class=\"text-left issue-header\"><span style=\"color: #3366ff;\">Retos y avances en las pol\u00edticas de interculturalidad en la educaci\u00f3n superior: abordajes cr\u00edticos<\/span><\/p>\n<p>Revista educaci\u00f3n, pol\u00edtica y sociedad, 11(2), 2026<\/td>\n<td style=\"width: 3.17919%;\"><\/td>\n<\/tr>\n<tr>\n<td style=\"width: 19.7495%;\"><a href=\"https:\/\/serveiseducatius.xtec.cat\/vallesoriental2\/wp-content\/uploads\/usu1134\/2025\/09\/revista-de-edu.png\"><img loading=\"lazy\" decoding=\"async\" class=\"aligncenter wp-image-12939\" src=\"https:\/\/serveiseducatius.xtec.cat\/vallesoriental2\/wp-content\/uploads\/usu1134\/2025\/09\/revista-de-edu.png\" sizes=\"auto, (max-width: 214px) 100vw, 214px\" srcset=\"https:\/\/serveiseducatius.xtec.cat\/vallesoriental2\/wp-content\/uploads\/usu1134\/2025\/09\/revista-de-edu.png 369w, https:\/\/serveiseducatius.xtec.cat\/vallesoriental2\/wp-content\/uploads\/usu1134\/2025\/09\/revista-de-edu-300x93.png 300w\" alt=\"\" width=\"214\" height=\"67\" \/><\/a><\/td>\n<td style=\"width: 76.975%;\"><u><a id=\"m_-3255048858741948730OWA997f0ebd-add9-a074-e7ab-c30074fbe5bf\" href=\"https:\/\/recyt.fecyt.es\/index.php\/Redu\/issue\/view\/4922\" target=\"_blank\" rel=\"noopener\" data-saferedirecturl=\"https:\/\/www.google.com\/url?q=https:\/\/recyt.fecyt.es\/index.php\/Redu\/issue\/view\/4643&amp;source=gmail&amp;ust=1757488289849000&amp;usg=AOvVaw2jUn0ndZuWPnfR6wuOIhbL\">Reevaluando la teor\u00eda de las inteligencias m\u00faltiples: inconsistencias te\u00f3ricas y pr\u00e1cticas<\/a><\/u>Revista de educaci\u00f3n, 1(413), 2026<\/td>\n<td style=\"width: 3.17919%;\"><\/td>\n<\/tr>\n<tr>\n<td style=\"width: 19.7495%;\"><a href=\"https:\/\/serveiseducatius.xtec.cat\/vallesoriental2\/wp-content\/uploads\/usu1134\/2024\/01\/reaus.png\"><img loading=\"lazy\" decoding=\"async\" class=\"aligncenter size-full wp-image-12002\" src=\"https:\/\/serveiseducatius.xtec.cat\/vallesoriental2\/wp-content\/uploads\/usu1134\/2024\/01\/reaus.png\" alt=\"\" width=\"103\" height=\"76\" \/><\/a><\/td>\n<td style=\"width: 76.975%;\"><u><a id=\"m_-3255048858741948730OWA2ad475cc-d28c-7c0f-13ce-391280cdf12a\" href=\"https:\/\/revistas.uca.es\/index.php\/REAyS\/issue\/view\/644\" target=\"_blank\" rel=\"noopener\" data-saferedirecturl=\"https:\/\/www.google.com\/url?q=https:\/\/revistas.uca.es\/index.php\/REAyS\/issue\/view\/612&amp;source=gmail&amp;ust=1757488289849000&amp;usg=AOvVaw3Cq6Tc4rA1K8jZcu0S9LTn\">La importancia de la interdisciplinariedad en la sensibilizaci\u00f3n del alumnado hacia el reciclaje: propuesta de innovaci\u00f3n educativa<\/a><\/u><br \/>\nRevista de educaci\u00f3n ambiental y sostenibilidad, 8(1), jul. 2026<\/td>\n<td style=\"width: 3.17919%;\"><\/td>\n<\/tr>\n<tr>\n<td style=\"width: 19.7495%;\"><a href=\"https:\/\/serveiseducatius.xtec.cat\/vallesoriental2\/wp-content\/uploads\/usu1134\/2023\/07\/seec.png\"><img loading=\"lazy\" decoding=\"async\" class=\"aligncenter size-full wp-image-11655\" src=\"https:\/\/serveiseducatius.xtec.cat\/vallesoriental2\/wp-content\/uploads\/usu1134\/2023\/07\/seec.png\" alt=\"\" width=\"143\" height=\"71\" \/><\/a><\/td>\n<td style=\"width: 76.975%;\"><u><a id=\"m_-3255048858741948730OWA24a917ca-4ca6-b3e1-b070-5ebc2d953263\" href=\"https:\/\/revistas.uned.es\/index.php\/REEC\/issue\/view\/2046\" target=\"_blank\" rel=\"noopener\" data-saferedirecturl=\"https:\/\/www.google.com\/url?q=https:\/\/revistas.uned.es\/index.php\/REEC\/issue\/view\/1813&amp;source=gmail&amp;ust=1757488289849000&amp;usg=AOvVaw1vjjKE6SuwQSJDvHBWnTDX\">Evaluaci\u00f3n de la calidad docente<\/a><\/u><\/p>\n<p>Revista espa\u00f1ola de educaci\u00f3n comparada, 50, 2026<\/td>\n<td style=\"width: 3.17919%;\"><\/td>\n<\/tr>\n<tr>\n<td style=\"width: 19.7495%;\"><a href=\"https:\/\/serveiseducatius.xtec.cat\/vallesoriental2\/wp-content\/uploads\/usu1134\/2025\/06\/supervision21.png\"><img loading=\"lazy\" decoding=\"async\" class=\"aligncenter size-full wp-image-12861\" src=\"https:\/\/serveiseducatius.xtec.cat\/vallesoriental2\/wp-content\/uploads\/usu1134\/2025\/06\/supervision21.png\" alt=\"\" width=\"86\" height=\"83\" \/><\/a><\/td>\n<td style=\"width: 76.975%;\"><u><a id=\"m_-3255048858741948730OWAc4c859b2-4dff-ab0a-8abc-235c4dfd0361\" href=\"https:\/\/supervision21.usie.es\/index.php\/Sp21\/issue\/view\/61\" target=\"_blank\" rel=\"noopener\" data-saferedirecturl=\"https:\/\/www.google.com\/url?q=https:\/\/supervision21.usie.es\/index.php\/Sp21\/issue\/view\/57&amp;source=gmail&amp;ust=1757488289849000&amp;usg=AOvVaw22Rj1jOTDEeIdDSIMEkFIB\">Criterios objetivos orientativos para la titulaci\u00f3n en E.S.O.: dos casos pr\u00e1cticos en Andaluc\u00eda<\/a><\/u><br \/>\nSupervisi\u00f3n 21, 81, jul. 2026<\/td>\n<td style=\"width: 3.17919%;\"><\/td>\n<\/tr>\n<\/tbody>\n<\/table>\n","protected":false},"excerpt":{"rendered":"<p>Us informem que ja teniu disponibles les revistes rebudes durant el mes passat a la Biblioteca. Les trobareu totes en l\u00ednia: algunes estan disponibles en obert i d\u2019altres necessiten\u00a0claus d\u2019acc\u00e9s. Feminizaci\u00f3n educativa y subrepresentaci\u00f3n medi\u00e1tica: la brecha de g\u00e9nero en el debate educativo Bord\u00f3n, 78(2), 2026 El uso de simulaciones PhET en la ense\u00f1anza de [&hellip;]<\/p>\n","protected":false},"author":1,"featured_media":0,"comment_status":"closed","ping_status":"open","sticky":false,"template":"","format":"standard","meta":{"_bbp_topic_count":0,"_bbp_reply_count":0,"_bbp_total_topic_count":0,"_bbp_total_reply_count":0,"_bbp_voice_count":0,"_bbp_anonymous_reply_count":0,"_bbp_topic_count_hidden":0,"_bbp_reply_count_hidden":0,"_bbp_forum_subforum_count":0,"site-sidebar-layout":"default","site-content-layout":"","ast-site-content-layout":"default","site-content-style":"default","site-sidebar-style":"default","ast-global-header-display":"","ast-banner-title-visibility":"","ast-main-header-display":"","ast-hfb-above-header-display":"","ast-hfb-below-header-display":"","ast-hfb-mobile-header-display":"","site-post-title":"","ast-breadcrumbs-content":"","ast-featured-img":"","footer-sml-layout":"","theme-transparent-header-meta":"default","adv-header-id-meta":"","stick-header-meta":"","header-above-stick-meta":"","header-main-stick-meta":"","header-below-stick-meta":"","astra-migrate-meta-layouts":"set","ast-page-background-enabled":"default","ast-page-background-meta":{"desktop":{"background-color":"var(--ast-global-color-4)","background-image":"","background-repeat":"repeat","background-position":"center center","background-size":"auto","background-attachment":"scroll","background-type":"","background-media":"","overlay-type":"","overlay-color":"","overlay-opacity":"","overlay-gradient":""},"tablet":{"background-color":"","background-image":"","background-repeat":"repeat","background-position":"center center","background-size":"auto","background-attachment":"scroll","background-type":"","background-media":"","overlay-type":"","overlay-color":"","overlay-opacity":"","overlay-gradient":""},"mobile":{"background-color":"","background-image":"","background-repeat":"repeat","background-position":"center center","background-size":"auto","background-attachment":"scroll","background-type":"","background-media":"","overlay-type":"","overlay-color":"","overlay-opacity":"","overlay-gradient":""}},"ast-content-background-meta":{"desktop":{"background-color":"var(--ast-global-color-5)","background-image":"","background-repeat":"repeat","background-position":"center center","background-size":"auto","background-attachment":"scroll","background-type":"","background-media":"","overlay-type":"","overlay-color":"","overlay-opacity":"","overlay-gradient":""},"tablet":{"background-color":"var(--ast-global-color-5)","background-image":"","background-repeat":"repeat","background-position":"center center","background-size":"auto","background-attachment":"scroll","background-type":"","background-media":"","overlay-type":"","overlay-color":"","overlay-opacity":"","overlay-gradient":""},"mobile":{"background-color":"var(--ast-global-color-5)","background-image":"","background-repeat":"repeat","background-position":"center center","background-size":"auto","background-attachment":"scroll","background-type":"","background-media":"","overlay-type":"","overlay-color":"","overlay-opacity":"","overlay-gradient":""}},"footnotes":""},"categories":[65,1,294],"tags":[],"class_list":["post-13590","post","type-post","status-publish","format-standard","hentry","category-crp","category-general","category-noticies"],"post_mailing_queue_ids":[],"_links":{"self":[{"href":"https:\/\/serveiseducatius.xtec.cat\/vallesoriental2\/wp-json\/wp\/v2\/posts\/13590","targetHints":{"allow":["GET"]}}],"collection":[{"href":"https:\/\/serveiseducatius.xtec.cat\/vallesoriental2\/wp-json\/wp\/v2\/posts"}],"about":[{"href":"https:\/\/serveiseducatius.xtec.cat\/vallesoriental2\/wp-json\/wp\/v2\/types\/post"}],"author":[{"embeddable":true,"href":"https:\/\/serveiseducatius.xtec.cat\/vallesoriental2\/wp-json\/wp\/v2\/users\/1"}],"replies":[{"embeddable":true,"href":"https:\/\/serveiseducatius.xtec.cat\/vallesoriental2\/wp-json\/wp\/v2\/comments?post=13590"}],"version-history":[{"count":2,"href":"https:\/\/serveiseducatius.xtec.cat\/vallesoriental2\/wp-json\/wp\/v2\/posts\/13590\/revisions"}],"predecessor-version":[{"id":13600,"href":"https:\/\/serveiseducatius.xtec.cat\/vallesoriental2\/wp-json\/wp\/v2\/posts\/13590\/revisions\/13600"}],"wp:attachment":[{"href":"https:\/\/serveiseducatius.xtec.cat\/vallesoriental2\/wp-json\/wp\/v2\/media?parent=13590"}],"wp:term":[{"taxonomy":"category","embeddable":true,"href":"https:\/\/serveiseducatius.xtec.cat\/vallesoriental2\/wp-json\/wp\/v2\/categories?post=13590"},{"taxonomy":"post_tag","embeddable":true,"href":"https:\/\/serveiseducatius.xtec.cat\/vallesoriental2\/wp-json\/wp\/v2\/tags?post=13590"}],"curies":[{"name":"wp","href":"https:\/\/api.w.org\/{rel}","templated":true}]}}