{"id":12540,"date":"2024-11-22T13:08:45","date_gmt":"2024-11-22T12:08:45","guid":{"rendered":"https:\/\/serveiseducatius.xtec.cat\/vallesoriental2\/?p=12540"},"modified":"2024-11-22T13:25:36","modified_gmt":"2024-11-22T12:25:36","slug":"el-club-de-la-lluita-per-la-igualtat","status":"publish","type":"post","link":"https:\/\/serveiseducatius.xtec.cat\/vallesoriental2\/general\/el-club-de-la-lluita-per-la-igualtat\/","title":{"rendered":"El club de la lluita per la igualtat"},"content":{"rendered":"<p><a href=\"https:\/\/serveiseducatius.xtec.cat\/vallesoriental2\/wp-content\/uploads\/usu1134\/2024\/11\/igualtat.jpg\"><img loading=\"lazy\" decoding=\"async\" class=\"aligncenter wp-image-12541\" src=\"https:\/\/serveiseducatius.xtec.cat\/vallesoriental2\/wp-content\/uploads\/usu1134\/2024\/11\/igualtat.jpg\" alt=\"\" width=\"537\" height=\"567\" srcset=\"https:\/\/serveiseducatius.xtec.cat\/vallesoriental2\/wp-content\/uploads\/usu1134\/2024\/11\/igualtat.jpg 862w, https:\/\/serveiseducatius.xtec.cat\/vallesoriental2\/wp-content\/uploads\/usu1134\/2024\/11\/igualtat-284x300.jpg 284w, https:\/\/serveiseducatius.xtec.cat\/vallesoriental2\/wp-content\/uploads\/usu1134\/2024\/11\/igualtat-768x811.jpg 768w\" sizes=\"auto, (max-width: 537px) 100vw, 537px\" \/><\/a><\/p>\n<p>&nbsp;<\/p>\n<p>Teniu a disposici\u00f3, en pr\u00e9stec, 19 exemplars del conte infantil <em><strong>El club de la lluita per la igualtat, <\/strong><\/em>una publicaci\u00f3 del Departament d&#8217;Igualtat i Feminisme.<\/p>\n<p>Es pret\u00e9n abordar de manera clara i accessible les diverses formes de discriminaci\u00f3, posant un especial \u00e8mfasi en el seu reconeixement i en la seva prevenci\u00f3 des dels primers anys de vida.<\/p>\n<p>Amb la col\u00b7laboraci\u00f3 activa d&#8217;educadors, educadores i altres adults, aquesta eina pret\u00e9n tractar les discriminacions d&#8217;una manera senzilla i clara, amb l&#8217;objectiu que els infants les identifiquin, combatin i previnguin en espais d&#8217;aprenentatge com les escoles.<\/p>\n<p>\u00c9s essencial poder identificar les diferents discriminacions que es poden produir en diversos d&#8217;\u00e0mbits.<\/p>\n","protected":false},"excerpt":{"rendered":"<p>&nbsp; Teniu a disposici\u00f3, en pr\u00e9stec, 19 exemplars del conte infantil El club de la lluita per la igualtat, una publicaci\u00f3 del Departament d&#8217;Igualtat i Feminisme. Es pret\u00e9n abordar de manera clara i accessible les diverses formes de discriminaci\u00f3, posant un especial \u00e8mfasi en el seu reconeixement i en la seva prevenci\u00f3 des dels primers [&hellip;]<\/p>\n","protected":false},"author":1,"featured_media":12541,"comment_status":"closed","ping_status":"closed","sticky":false,"template":"","format":"standard","meta":{"_bbp_topic_count":0,"_bbp_reply_count":0,"_bbp_total_topic_count":0,"_bbp_total_reply_count":0,"_bbp_voice_count":0,"_bbp_anonymous_reply_count":0,"_bbp_topic_count_hidden":0,"_bbp_reply_count_hidden":0,"_bbp_forum_subforum_count":0,"site-sidebar-layout":"default","site-content-layout":"","ast-site-content-layout":"","site-content-style":"default","site-sidebar-style":"default","ast-global-header-display":"","ast-banner-title-visibility":"","ast-main-header-display":"","ast-hfb-above-header-display":"","ast-hfb-below-header-display":"","ast-hfb-mobile-header-display":"","site-post-title":"","ast-breadcrumbs-content":"","ast-featured-img":"","footer-sml-layout":"","theme-transparent-header-meta":"","adv-header-id-meta":"","stick-header-meta":"","header-above-stick-meta":"","header-main-stick-meta":"","header-below-stick-meta":"","astra-migrate-meta-layouts":"default","ast-page-background-enabled":"default","ast-page-background-meta":{"desktop":{"background-color":"var(--ast-global-color-4)","background-image":"","background-repeat":"repeat","background-position":"center center","background-size":"auto","background-attachment":"scroll","background-type":"","background-media":"","overlay-type":"","overlay-color":"","overlay-opacity":"","overlay-gradient":""},"tablet":{"background-color":"","background-image":"","background-repeat":"repeat","background-position":"center center","background-size":"auto","background-attachment":"scroll","background-type":"","background-media":"","overlay-type":"","overlay-color":"","overlay-opacity":"","overlay-gradient":""},"mobile":{"background-color":"","background-image":"","background-repeat":"repeat","background-position":"center center","background-size":"auto","background-attachment":"scroll","background-type":"","background-media":"","overlay-type":"","overlay-color":"","overlay-opacity":"","overlay-gradient":""}},"ast-content-background-meta":{"desktop":{"background-color":"var(--ast-global-color-5)","background-image":"","background-repeat":"repeat","background-position":"center center","background-size":"auto","background-attachment":"scroll","background-type":"","background-media":"","overlay-type":"","overlay-color":"","overlay-opacity":"","overlay-gradient":""},"tablet":{"background-color":"var(--ast-global-color-5)","background-image":"","background-repeat":"repeat","background-position":"center center","background-size":"auto","background-attachment":"scroll","background-type":"","background-media":"","overlay-type":"","overlay-color":"","overlay-opacity":"","overlay-gradient":""},"mobile":{"background-color":"var(--ast-global-color-5)","background-image":"","background-repeat":"repeat","background-position":"center center","background-size":"auto","background-attachment":"scroll","background-type":"","background-media":"","overlay-type":"","overlay-color":"","overlay-opacity":"","overlay-gradient":""}},"footnotes":""},"categories":[65,1,479,294],"tags":[147,396],"class_list":["post-12540","post","type-post","status-publish","format-standard","has-post-thumbnail","hentry","category-crp","category-general","category-biblioteca","category-noticies","tag-el-gust-per-la-lectura","tag-igualtat"],"post_mailing_queue_ids":[],"_links":{"self":[{"href":"https:\/\/serveiseducatius.xtec.cat\/vallesoriental2\/wp-json\/wp\/v2\/posts\/12540","targetHints":{"allow":["GET"]}}],"collection":[{"href":"https:\/\/serveiseducatius.xtec.cat\/vallesoriental2\/wp-json\/wp\/v2\/posts"}],"about":[{"href":"https:\/\/serveiseducatius.xtec.cat\/vallesoriental2\/wp-json\/wp\/v2\/types\/post"}],"author":[{"embeddable":true,"href":"https:\/\/serveiseducatius.xtec.cat\/vallesoriental2\/wp-json\/wp\/v2\/users\/1"}],"replies":[{"embeddable":true,"href":"https:\/\/serveiseducatius.xtec.cat\/vallesoriental2\/wp-json\/wp\/v2\/comments?post=12540"}],"version-history":[{"count":3,"href":"https:\/\/serveiseducatius.xtec.cat\/vallesoriental2\/wp-json\/wp\/v2\/posts\/12540\/revisions"}],"predecessor-version":[{"id":12544,"href":"https:\/\/serveiseducatius.xtec.cat\/vallesoriental2\/wp-json\/wp\/v2\/posts\/12540\/revisions\/12544"}],"wp:featuredmedia":[{"embeddable":true,"href":"https:\/\/serveiseducatius.xtec.cat\/vallesoriental2\/wp-json\/wp\/v2\/media\/12541"}],"wp:attachment":[{"href":"https:\/\/serveiseducatius.xtec.cat\/vallesoriental2\/wp-json\/wp\/v2\/media?parent=12540"}],"wp:term":[{"taxonomy":"category","embeddable":true,"href":"https:\/\/serveiseducatius.xtec.cat\/vallesoriental2\/wp-json\/wp\/v2\/categories?post=12540"},{"taxonomy":"post_tag","embeddable":true,"href":"https:\/\/serveiseducatius.xtec.cat\/vallesoriental2\/wp-json\/wp\/v2\/tags?post=12540"}],"curies":[{"name":"wp","href":"https:\/\/api.w.org\/{rel}","templated":true}]}}