{"id":12078,"date":"2024-02-12T23:59:31","date_gmt":"2024-02-12T22:59:31","guid":{"rendered":"https:\/\/serveiseducatius.xtec.cat\/vallesoriental2\/?p=12078"},"modified":"2024-04-12T08:51:14","modified_gmt":"2024-04-12T06:51:14","slug":"100-anys-explicant-histories","status":"publish","type":"post","link":"https:\/\/serveiseducatius.xtec.cat\/vallesoriental2\/general\/100-anys-explicant-histories\/","title":{"rendered":"Dia mundial de la r\u00e0dio: 100 anys explicant hist\u00f2ries"},"content":{"rendered":"<p><a href=\"https:\/\/serveiseducatius.xtec.cat\/vallesoriental2\/wp-content\/uploads\/usu1134\/2024\/02\/100-ANYS-EXPLICANT-HISTORIES-IMATGE-2.png\"><img loading=\"lazy\" decoding=\"async\" class=\"aligncenter size-full wp-image-12061\" src=\"https:\/\/serveiseducatius.xtec.cat\/vallesoriental2\/wp-content\/uploads\/usu1134\/2024\/02\/100-ANYS-EXPLICANT-HISTORIES-IMATGE-2.png\" alt=\"\" width=\"800\" height=\"200\" srcset=\"https:\/\/serveiseducatius.xtec.cat\/vallesoriental2\/wp-content\/uploads\/usu1134\/2024\/02\/100-ANYS-EXPLICANT-HISTORIES-IMATGE-2.png 800w, https:\/\/serveiseducatius.xtec.cat\/vallesoriental2\/wp-content\/uploads\/usu1134\/2024\/02\/100-ANYS-EXPLICANT-HISTORIES-IMATGE-2-300x75.png 300w, https:\/\/serveiseducatius.xtec.cat\/vallesoriental2\/wp-content\/uploads\/usu1134\/2024\/02\/100-ANYS-EXPLICANT-HISTORIES-IMATGE-2-768x192.png 768w\" sizes=\"auto, (max-width: 800px) 100vw, 800px\" \/><\/a><\/p>\n<p>Aquest 2024 celebrem els\u00a0<strong>100 anys de la r\u00e0dio a Catalunya<\/strong>, commemorant la primera emissi\u00f3 de R\u00e0dio a Catalunya amb l\u2019emissi\u00f3 de R\u00e0dio Barcelona EAJ-1 el 1924. El desembre del 2011 l\u2019Assemblea General de les Nacions Unides va acordar la celebraci\u00f3 del\u00a0<strong>dia Mundial de la R\u00e0dio el 13 de febrer<\/strong>, per ser el dia en qu\u00e8 es va establir la R\u00e0dio de les Nacions Unides el 1946.<\/p>\n<p>Fruit d\u2019aquest conjunt d\u2019efem\u00e8rides s\u2019ha proposat dur a terme la preparaci\u00f3 col\u00b7laborativa d\u2019un programa radiof\u00f2nic al mes de febrer, coincidint amb el dia mundial de la r\u00e0dio, on es convida els centres a enregistrar una pe\u00e7a sonora basada en un conte, llegenda o relat popular.<\/p>\n<p>Llegendes dels centres participants de la nostra zona:<\/p>\n<table style=\"width: 56.5316%;\">\n<tbody>\n<tr>\n<td style=\"width: 39.31%;\"><strong>ESC Sagrada fam\u00edlia<\/strong><\/p>\n<p>La Llagosta<\/td>\n<td style=\"width: 87.3723%;\"><strong>La princesa, la cavallera i el drac<\/strong><\/p>\n<p><!--[if lt IE 9]><script>document.createElement('audio');<\/script><![endif]-->\n<audio class=\"wp-audio-shortcode\" id=\"audio-12078-1\" preload=\"none\" style=\"width: 100%;\" controls=\"controls\"><source type=\"audio\/mpeg\" src=\"https:\/\/serveiseducatius.xtec.cat\/vallesoriental2\/wp-content\/uploads\/usu1134\/2024\/02\/08019711-La-princesa-la-cavallera-i-el-drac.mp3?_=1\" \/><a href=\"https:\/\/serveiseducatius.xtec.cat\/vallesoriental2\/wp-content\/uploads\/usu1134\/2024\/02\/08019711-La-princesa-la-cavallera-i-el-drac.mp3\">https:\/\/serveiseducatius.xtec.cat\/vallesoriental2\/wp-content\/uploads\/usu1134\/2024\/02\/08019711-La-princesa-la-cavallera-i-el-drac.mp3<\/a><\/audio><\/td>\n<\/tr>\n<tr>\n<td style=\"width: 39.31%;\"><strong>ESC Sant Gervasi <\/strong><\/p>\n<p>Mollet del Vall\u00e8s<\/td>\n<td style=\"width: 87.3723%;\"><strong>La llegenda del Pescallunes<\/strong><\/p>\n<p><audio class=\"wp-audio-shortcode\" id=\"audio-12078-2\" preload=\"none\" style=\"width: 100%;\" controls=\"controls\"><source type=\"audio\/mpeg\" src=\"https:\/\/serveiseducatius.xtec.cat\/vallesoriental2\/wp-content\/uploads\/usu1134\/2024\/02\/08021545-La-llegenda-del-pescallunes.mp3?_=2\" \/><a href=\"https:\/\/serveiseducatius.xtec.cat\/vallesoriental2\/wp-content\/uploads\/usu1134\/2024\/02\/08021545-La-llegenda-del-pescallunes.mp3\">https:\/\/serveiseducatius.xtec.cat\/vallesoriental2\/wp-content\/uploads\/usu1134\/2024\/02\/08021545-La-llegenda-del-pescallunes.mp3<\/a><\/audio><\/td>\n<\/tr>\n<tr>\n<td style=\"width: 39.31%;\"><strong>ESC Federico Garcia Lorca <\/strong><\/p>\n<p>Mollet del Vall\u00e8s<\/td>\n<td style=\"width: 87.3723%;\"><strong>L\u2019altre costat del riu<\/strong><\/p>\n<p><audio class=\"wp-audio-shortcode\" id=\"audio-12078-3\" preload=\"none\" style=\"width: 100%;\" controls=\"controls\"><source type=\"audio\/mpeg\" src=\"https:\/\/serveiseducatius.xtec.cat\/vallesoriental2\/wp-content\/uploads\/usu1134\/2024\/02\/08038041-Laltre-costat-del-riu.mp3?_=3\" \/><a href=\"https:\/\/serveiseducatius.xtec.cat\/vallesoriental2\/wp-content\/uploads\/usu1134\/2024\/02\/08038041-Laltre-costat-del-riu.mp3\">https:\/\/serveiseducatius.xtec.cat\/vallesoriental2\/wp-content\/uploads\/usu1134\/2024\/02\/08038041-Laltre-costat-del-riu.mp3<\/a><\/audio><\/td>\n<\/tr>\n<tr>\n<td style=\"width: 39.31%;\"><strong>INS Montmel\u00f3 <\/strong><\/p>\n<p>Montmel\u00f3<\/td>\n<td style=\"width: 87.3723%;\"><strong>El Patufet<\/strong><\/p>\n<p><audio class=\"wp-audio-shortcode\" id=\"audio-12078-4\" preload=\"none\" style=\"width: 100%;\" controls=\"controls\"><source type=\"audio\/mpeg\" src=\"https:\/\/serveiseducatius.xtec.cat\/vallesoriental2\/wp-content\/uploads\/usu1134\/2024\/02\/08052980-Patufet.mp3?_=4\" \/><a href=\"https:\/\/serveiseducatius.xtec.cat\/vallesoriental2\/wp-content\/uploads\/usu1134\/2024\/02\/08052980-Patufet.mp3\">https:\/\/serveiseducatius.xtec.cat\/vallesoriental2\/wp-content\/uploads\/usu1134\/2024\/02\/08052980-Patufet.mp3<\/a><\/audio><\/td>\n<\/tr>\n<tr>\n<td style=\"width: 39.31%;\"><strong>INS Montmel\u00f3 <\/strong><\/p>\n<p>Montmel\u00f3<\/td>\n<td style=\"width: 87.3723%;\"><strong>La Caputxeta Vermella<\/strong><\/p>\n<p><audio class=\"wp-audio-shortcode\" id=\"audio-12078-5\" preload=\"none\" style=\"width: 100%;\" controls=\"controls\"><source type=\"audio\/mpeg\" src=\"https:\/\/serveiseducatius.xtec.cat\/vallesoriental2\/wp-content\/uploads\/usu1134\/2024\/02\/08052980-Caputxeta-Vermella.mp3?_=5\" \/><a href=\"https:\/\/serveiseducatius.xtec.cat\/vallesoriental2\/wp-content\/uploads\/usu1134\/2024\/02\/08052980-Caputxeta-Vermella.mp3\">https:\/\/serveiseducatius.xtec.cat\/vallesoriental2\/wp-content\/uploads\/usu1134\/2024\/02\/08052980-Caputxeta-Vermella.mp3<\/a><\/audio><\/td>\n<\/tr>\n<tr>\n<td style=\"width: 39.31%;\"><strong>ESC Mogent <\/strong><\/p>\n<p>Montorn\u00e8s<\/td>\n<td style=\"width: 87.3723%;\"><strong>El Capit\u00e0 Testafort<\/strong><\/p>\n<p><audio class=\"wp-audio-shortcode\" id=\"audio-12078-6\" preload=\"none\" style=\"width: 100%;\" controls=\"controls\"><source type=\"audio\/mpeg\" src=\"https:\/\/serveiseducatius.xtec.cat\/vallesoriental2\/wp-content\/uploads\/usu1134\/2024\/02\/08059792-Capita-Testafort.mp3?_=6\" \/><a href=\"https:\/\/serveiseducatius.xtec.cat\/vallesoriental2\/wp-content\/uploads\/usu1134\/2024\/02\/08059792-Capita-Testafort.mp3\">https:\/\/serveiseducatius.xtec.cat\/vallesoriental2\/wp-content\/uploads\/usu1134\/2024\/02\/08059792-Capita-Testafort.mp3<\/a><\/audio><\/td>\n<\/tr>\n<tr>\n<td style=\"width: 39.31%;\"><strong>ESC Cal M\u00fasic <\/strong><\/p>\n<p>Mollet del Vall\u00e8s<\/td>\n<td style=\"width: 87.3723%;\"><strong>La hist\u00f2ria de Cal M\u00fasic<\/strong><\/p>\n<p><audio class=\"wp-audio-shortcode\" id=\"audio-12078-7\" preload=\"none\" style=\"width: 100%;\" controls=\"controls\"><source type=\"audio\/mpeg\" src=\"https:\/\/serveiseducatius.xtec.cat\/vallesoriental2\/wp-content\/uploads\/usu1134\/2024\/02\/08060088-Historia-de-Cal-Music.mp3?_=7\" \/><a href=\"https:\/\/serveiseducatius.xtec.cat\/vallesoriental2\/wp-content\/uploads\/usu1134\/2024\/02\/08060088-Historia-de-Cal-Music.mp3\">https:\/\/serveiseducatius.xtec.cat\/vallesoriental2\/wp-content\/uploads\/usu1134\/2024\/02\/08060088-Historia-de-Cal-Music.mp3<\/a><\/audio><\/td>\n<\/tr>\n<tr>\n<td style=\"width: 39.31%;\"><strong>ESC Montseny <\/strong><\/p>\n<p>Mollet del Vall\u00e8s<\/td>\n<td style=\"width: 87.3723%;\"><strong>La llegenda de les Dones d\u2019Aigua a Gallecs<\/strong><\/p>\n<p><audio class=\"wp-audio-shortcode\" id=\"audio-12078-8\" preload=\"none\" style=\"width: 100%;\" controls=\"controls\"><source type=\"audio\/mpeg\" src=\"https:\/\/serveiseducatius.xtec.cat\/vallesoriental2\/wp-content\/uploads\/usu1134\/2024\/02\/08038065-Llegenda-dones-daigua-a-Gallecs.mp3?_=8\" \/><a href=\"https:\/\/serveiseducatius.xtec.cat\/vallesoriental2\/wp-content\/uploads\/usu1134\/2024\/02\/08038065-Llegenda-dones-daigua-a-Gallecs.mp3\">https:\/\/serveiseducatius.xtec.cat\/vallesoriental2\/wp-content\/uploads\/usu1134\/2024\/02\/08038065-Llegenda-dones-daigua-a-Gallecs.mp3<\/a><\/audio><\/td>\n<\/tr>\n<tr>\n<td style=\"width: 39.31%;\"><strong>ESC Mestres Munguet Cort\u00e9s <\/strong><\/p>\n<p>Vilanova del Vall\u00e8s<\/td>\n<td style=\"width: 87.3723%;\"><strong>El Tur\u00f3 de C\u00e9llecs<\/strong><\/p>\n<p><audio class=\"wp-audio-shortcode\" id=\"audio-12078-9\" preload=\"none\" style=\"width: 100%;\" controls=\"controls\"><source type=\"audio\/mpeg\" src=\"https:\/\/serveiseducatius.xtec.cat\/vallesoriental2\/wp-content\/uploads\/usu1134\/2024\/02\/08039264-El-Turo-de-Cellecs.mp3?_=9\" \/><a href=\"https:\/\/serveiseducatius.xtec.cat\/vallesoriental2\/wp-content\/uploads\/usu1134\/2024\/02\/08039264-El-Turo-de-Cellecs.mp3\">https:\/\/serveiseducatius.xtec.cat\/vallesoriental2\/wp-content\/uploads\/usu1134\/2024\/02\/08039264-El-Turo-de-Cellecs.mp3<\/a><\/audio><\/td>\n<\/tr>\n<tr>\n<td style=\"width: 39.31%;\"><strong>ESC Sant Jordi<\/strong><\/p>\n<p>Mollet del Vall\u00e8s<\/td>\n<td style=\"width: 87.3723%;\"><strong>La llegenda de Sant Jordi<\/strong><\/p>\n<p><audio class=\"wp-audio-shortcode\" id=\"audio-12078-10\" preload=\"none\" style=\"width: 100%;\" controls=\"controls\"><source type=\"audio\/mpeg\" src=\"https:\/\/serveiseducatius.xtec.cat\/vallesoriental2\/wp-content\/uploads\/usu1134\/2024\/02\/08032713-Llegenda-de-Sant-Jordi.mp3?_=10\" \/><a href=\"https:\/\/serveiseducatius.xtec.cat\/vallesoriental2\/wp-content\/uploads\/usu1134\/2024\/02\/08032713-Llegenda-de-Sant-Jordi.mp3\">https:\/\/serveiseducatius.xtec.cat\/vallesoriental2\/wp-content\/uploads\/usu1134\/2024\/02\/08032713-Llegenda-de-Sant-Jordi.mp3<\/a><\/audio><\/td>\n<\/tr>\n<tr>\n<td style=\"width: 39.31%;\"><strong>ESC Palau d\u2019Ametlla <\/strong><\/p>\n<p>Montorn\u00e8s<\/td>\n<td style=\"width: 87.3723%;\"><strong>La llegenda de Palau d\u2019Ametlla<\/strong><\/p>\n<p><audio class=\"wp-audio-shortcode\" id=\"audio-12078-11\" preload=\"none\" style=\"width: 100%;\" controls=\"controls\"><source type=\"audio\/mpeg\" src=\"https:\/\/serveiseducatius.xtec.cat\/vallesoriental2\/wp-content\/uploads\/usu1134\/2024\/02\/08068410-Llegenda-Palau-dAmetlla.mp3?_=11\" \/><a href=\"https:\/\/serveiseducatius.xtec.cat\/vallesoriental2\/wp-content\/uploads\/usu1134\/2024\/02\/08068410-Llegenda-Palau-dAmetlla.mp3\">https:\/\/serveiseducatius.xtec.cat\/vallesoriental2\/wp-content\/uploads\/usu1134\/2024\/02\/08068410-Llegenda-Palau-dAmetlla.mp3<\/a><\/audio><\/td>\n<\/tr>\n<tr>\n<td style=\"width: 39.31%;\"><strong>ESC Les Pruneres <\/strong><\/p>\n<p>Martorelles<\/td>\n<td style=\"width: 87.3723%;\"><strong>El cistell de la Lolita<\/strong><\/p>\n<p><audio class=\"wp-audio-shortcode\" id=\"audio-12078-12\" preload=\"none\" style=\"width: 100%;\" controls=\"controls\"><source type=\"audio\/mpeg\" src=\"https:\/\/serveiseducatius.xtec.cat\/vallesoriental2\/wp-content\/uploads\/usu1134\/2024\/02\/08045586-El-cistell-de-la-Lolita.mp3?_=12\" \/><a href=\"https:\/\/serveiseducatius.xtec.cat\/vallesoriental2\/wp-content\/uploads\/usu1134\/2024\/02\/08045586-El-cistell-de-la-Lolita.mp3\">https:\/\/serveiseducatius.xtec.cat\/vallesoriental2\/wp-content\/uploads\/usu1134\/2024\/02\/08045586-El-cistell-de-la-Lolita.mp3<\/a><\/audio><\/td>\n<\/tr>\n<tr>\n<td style=\"width: 39.31%;\"><strong>ESC Pau Casals <\/strong><\/p>\n<p>Montmel\u00f3<\/td>\n<td style=\"width: 87.3723%;\"><strong>El tigre i l\u2019arque\u00f2leg<\/strong><\/p>\n<p><audio class=\"wp-audio-shortcode\" id=\"audio-12078-13\" preload=\"none\" style=\"width: 100%;\" controls=\"controls\"><source type=\"audio\/mpeg\" src=\"https:\/\/serveiseducatius.xtec.cat\/vallesoriental2\/wp-content\/uploads\/usu1134\/2024\/02\/08022011-El-tigre-i-larqueoleg-1.mp3?_=13\" \/><a href=\"https:\/\/serveiseducatius.xtec.cat\/vallesoriental2\/wp-content\/uploads\/usu1134\/2024\/02\/08022011-El-tigre-i-larqueoleg-1.mp3\">https:\/\/serveiseducatius.xtec.cat\/vallesoriental2\/wp-content\/uploads\/usu1134\/2024\/02\/08022011-El-tigre-i-larqueoleg-1.mp3<\/a><\/audio><\/td>\n<\/tr>\n<tr>\n<td style=\"width: 39.31%;\"><strong>ESC Pau Casals <\/strong><\/p>\n<p>Montmel\u00f3<\/td>\n<td style=\"width: 87.3723%;\"><strong>El monstre de les pessigolles de Montmel\u00f3<\/strong><\/p>\n<p><audio class=\"wp-audio-shortcode\" id=\"audio-12078-14\" preload=\"none\" style=\"width: 100%;\" controls=\"controls\"><source type=\"audio\/mpeg\" src=\"https:\/\/serveiseducatius.xtec.cat\/vallesoriental2\/wp-content\/uploads\/usu1134\/2024\/02\/08022011-El-monstre-de-les-pessigolles-de-Montmelo-1.mp3?_=14\" \/><a href=\"https:\/\/serveiseducatius.xtec.cat\/vallesoriental2\/wp-content\/uploads\/usu1134\/2024\/02\/08022011-El-monstre-de-les-pessigolles-de-Montmelo-1.mp3\">https:\/\/serveiseducatius.xtec.cat\/vallesoriental2\/wp-content\/uploads\/usu1134\/2024\/02\/08022011-El-monstre-de-les-pessigolles-de-Montmelo-1.mp3<\/a><\/audio><\/td>\n<\/tr>\n<tr>\n<td style=\"width: 39.31%;\"><strong>ESC Joan Maragall <\/strong><\/p>\n<p>La Llagosta<\/td>\n<td style=\"width: 87.3723%;\"><strong>Anecdotari hist\u00f2ric de La Llagosta: La broma i La Guerra del Franc\u00e8s<\/strong><\/p>\n<p><audio class=\"wp-audio-shortcode\" id=\"audio-12078-15\" preload=\"none\" style=\"width: 100%;\" controls=\"controls\"><source type=\"audio\/mpeg\" src=\"https:\/\/serveiseducatius.xtec.cat\/vallesoriental2\/wp-content\/uploads\/usu1134\/2024\/02\/08019745-Anecdotari-historic-de-La-llagost_La-broma-i-La-Guerra-del-Frances.mp3?_=15\" \/><a href=\"https:\/\/serveiseducatius.xtec.cat\/vallesoriental2\/wp-content\/uploads\/usu1134\/2024\/02\/08019745-Anecdotari-historic-de-La-llagost_La-broma-i-La-Guerra-del-Frances.mp3\">https:\/\/serveiseducatius.xtec.cat\/vallesoriental2\/wp-content\/uploads\/usu1134\/2024\/02\/08019745-Anecdotari-historic-de-La-llagost_La-broma-i-La-Guerra-del-Frances.mp3<\/a><\/audio><\/td>\n<\/tr>\n<tr>\n<td style=\"width: 39.31%;\"><strong>ESC Joan Maragall <\/strong><\/p>\n<p>La Llagosta<\/td>\n<td style=\"width: 87.3723%;\"><strong>Anecdotari hist\u00f2ric de La Llagosta: La doble independ\u00e8ncia i Els bandolers a la Pineda Fosca<\/strong><\/p>\n<p><audio class=\"wp-audio-shortcode\" id=\"audio-12078-16\" preload=\"none\" style=\"width: 100%;\" controls=\"controls\"><source type=\"audio\/mpeg\" src=\"https:\/\/serveiseducatius.xtec.cat\/vallesoriental2\/wp-content\/uploads\/usu1134\/2024\/02\/08019745-Anecdorari-historic-de-la-Llagosta_La-doble-independencia-i-Els-bandolers-a-la-Pineda-Fosca.mp3?_=16\" \/><a href=\"https:\/\/serveiseducatius.xtec.cat\/vallesoriental2\/wp-content\/uploads\/usu1134\/2024\/02\/08019745-Anecdorari-historic-de-la-Llagosta_La-doble-independencia-i-Els-bandolers-a-la-Pineda-Fosca.mp3\">https:\/\/serveiseducatius.xtec.cat\/vallesoriental2\/wp-content\/uploads\/usu1134\/2024\/02\/08019745-Anecdorari-historic-de-la-Llagosta_La-doble-independencia-i-Els-bandolers-a-la-Pineda-Fosca.mp3<\/a><\/audio><\/td>\n<\/tr>\n<tr>\n<td style=\"width: 39.31%;\"><strong>ESC Joan Maragall <\/strong><\/p>\n<p>La Llagosta<\/td>\n<td style=\"width: 87.3723%;\"><strong>Anecdotari hist\u00f2ric de La Llagosta: L&#8217;origen del nom del poble<\/strong><\/p>\n<p><audio class=\"wp-audio-shortcode\" id=\"audio-12078-17\" preload=\"none\" style=\"width: 100%;\" controls=\"controls\"><source type=\"audio\/mpeg\" src=\"https:\/\/serveiseducatius.xtec.cat\/vallesoriental2\/wp-content\/uploads\/usu1134\/2024\/02\/08019745-Anecdotari-historic-de-La-Llagosta_Lorigen-del-nom-del-poble.mp3?_=17\" \/><a href=\"https:\/\/serveiseducatius.xtec.cat\/vallesoriental2\/wp-content\/uploads\/usu1134\/2024\/02\/08019745-Anecdotari-historic-de-La-Llagosta_Lorigen-del-nom-del-poble.mp3\">https:\/\/serveiseducatius.xtec.cat\/vallesoriental2\/wp-content\/uploads\/usu1134\/2024\/02\/08019745-Anecdotari-historic-de-La-Llagosta_Lorigen-del-nom-del-poble.mp3<\/a><\/audio><\/td>\n<\/tr>\n<\/tbody>\n<\/table>\n<p>&nbsp;<\/p>\n<div class=\"wp-block-getwid-section getwid-init\">\n<div class=\"wp-block-getwid-section__wrapper\">\n<div class=\"wp-block-getwid-section__inner-wrapper\">\n<div class=\"wp-block-getwid-section__content\">\n<div class=\"wp-block-getwid-section__inner-content\">\n<div class=\"wp-block-buttons is-content-justification-center is-layout-flex wp-container-1 wp-block-buttons-is-layout-flex\">\n<div class=\"wp-block-button has-custom-font-size\"><a class=\"wp-block-button__link has-text-align-center wp-element-button\" href=\"https:\/\/ja.cat\/100anyshistoriesradioescolar\" target=\"_blank\" rel=\"noreferrer noopener\">EMISSI\u00d3 EN DIRECTE DES D\u2019AQUEST ENLLA\u00c7<\/a><\/div>\n<\/div>\n<\/div>\n<\/div>\n<\/div>\n<\/div>\n<\/div>\n<p>&nbsp;<\/p>\n<p>Tamb\u00e9 podeu accedir a les llegendes d\u2019altres territoris des dels Nodes dels CRP que han col\u00b7laborat a partir dels enlla\u00e7os seg\u00fcents:<\/p>\n<div class=\"wp-block-getwid-section alignwide alignwide getwid-init\">\n<div class=\"wp-block-getwid-section__wrapper\">\n<div class=\"wp-block-getwid-section__inner-wrapper\">\n<div class=\"wp-block-getwid-section__background-holder\">\n<div class=\"wp-block-getwid-section__background\"><\/div>\n<div class=\"wp-block-getwid-section__foreground\"><\/div>\n<\/div>\n<div class=\"wp-block-getwid-section__content\">\n<div class=\"wp-block-getwid-section__inner-content\">\n<div class=\"wp-block-columns is-layout-flex wp-container-8 wp-block-columns-is-layout-flex\">\n<div class=\"wp-block-column is-layout-flow wp-block-column-is-layout-flow\">\n<figure class=\"wp-block-image size-full has-custom-border is-style-default\"><a href=\"https:\/\/serveiseducatius.xtec.cat\/badalona\/categoria\/dinamitzacio\/dia-mundial-de-la-radio\/\" target=\"_blank\" rel=\"noreferrer noopener\"><img loading=\"lazy\" decoding=\"async\" class=\"wp-image-13573\" src=\"https:\/\/projectes.xtec.cat\/canaldereporters\/wp-content\/uploads\/usu2921\/2024\/01\/1.png\" sizes=\"auto, (max-width: 200px) 100vw, 200px\" srcset=\"https:\/\/projectes.xtec.cat\/canaldereporters\/wp-content\/uploads\/usu2921\/2024\/01\/1.png 200w, https:\/\/projectes.xtec.cat\/canaldereporters\/wp-content\/uploads\/usu2921\/2024\/01\/1-150x150.png 150w\" alt=\"\" width=\"200\" height=\"200\" \/><\/a><\/figure>\n<p>&nbsp;<\/p>\n<figure class=\"wp-block-image size-full has-custom-border\"><a href=\"https:\/\/serveiseducatius.xtec.cat\/santadria\/comunitat\/100-anys-explicant-histories\/\" target=\"_blank\" rel=\"noreferrer noopener\"><img loading=\"lazy\" decoding=\"async\" class=\"wp-image-13580\" src=\"https:\/\/projectes.xtec.cat\/canaldereporters\/wp-content\/uploads\/usu2921\/2024\/01\/8.png\" sizes=\"auto, (max-width: 200px) 100vw, 200px\" srcset=\"https:\/\/projectes.xtec.cat\/canaldereporters\/wp-content\/uploads\/usu2921\/2024\/01\/8.png 200w, https:\/\/projectes.xtec.cat\/canaldereporters\/wp-content\/uploads\/usu2921\/2024\/01\/8-150x150.png 150w\" alt=\"\" width=\"200\" height=\"200\" \/><\/a><\/figure>\n<p>&nbsp;<\/p>\n<figure class=\"wp-block-image size-full has-custom-border\"><a href=\"https:\/\/serveiseducatius.xtec.cat\/eixample\/general\/cent-anys-explicant-histories-celebrem-la-radio-escolar\/\" target=\"_blank\" rel=\"noreferrer noopener\"><img loading=\"lazy\" decoding=\"async\" class=\"wp-image-13588\" src=\"https:\/\/projectes.xtec.cat\/canaldereporters\/wp-content\/uploads\/usu2921\/2024\/01\/16.png\" sizes=\"auto, (max-width: 200px) 100vw, 200px\" srcset=\"https:\/\/projectes.xtec.cat\/canaldereporters\/wp-content\/uploads\/usu2921\/2024\/01\/16.png 200w, https:\/\/projectes.xtec.cat\/canaldereporters\/wp-content\/uploads\/usu2921\/2024\/01\/16-150x150.png 150w\" alt=\"\" width=\"200\" height=\"200\" \/><\/a><\/figure>\n<p>&nbsp;<\/p>\n<figure class=\"wp-block-image size-full has-custom-border\"><a href=\"https:\/\/serveiseducatius.xtec.cat\/pladelestany\/radio-a-lescola-100-anys-explicant-histories\/\" target=\"_blank\" rel=\"noreferrer noopener\"><img loading=\"lazy\" decoding=\"async\" class=\"wp-image-13581\" src=\"https:\/\/projectes.xtec.cat\/canaldereporters\/wp-content\/uploads\/usu2921\/2024\/01\/9.png\" sizes=\"auto, (max-width: 200px) 100vw, 200px\" srcset=\"https:\/\/projectes.xtec.cat\/canaldereporters\/wp-content\/uploads\/usu2921\/2024\/01\/9.png 200w, https:\/\/projectes.xtec.cat\/canaldereporters\/wp-content\/uploads\/usu2921\/2024\/01\/9-150x150.png 150w\" alt=\"\" width=\"200\" height=\"200\" \/><\/a><\/figure>\n<p>&nbsp;<\/p>\n<\/div>\n<div class=\"wp-block-column is-layout-flow wp-block-column-is-layout-flow\">\n<figure class=\"wp-block-image size-full has-custom-border\"><a href=\"https:\/\/serveiseducatius.xtec.cat\/lescorts\/portada\/100-anys-explicant-histories\/\" target=\"_blank\" rel=\"noreferrer noopener\"><img loading=\"lazy\" decoding=\"async\" class=\"wp-image-13575\" src=\"https:\/\/projectes.xtec.cat\/canaldereporters\/wp-content\/uploads\/usu2921\/2024\/01\/3.png\" sizes=\"auto, (max-width: 200px) 100vw, 200px\" srcset=\"https:\/\/projectes.xtec.cat\/canaldereporters\/wp-content\/uploads\/usu2921\/2024\/01\/3.png 200w, https:\/\/projectes.xtec.cat\/canaldereporters\/wp-content\/uploads\/usu2921\/2024\/01\/3-150x150.png 150w\" alt=\"\" width=\"200\" height=\"200\" \/><\/a><\/figure>\n<p>&nbsp;<\/p>\n<figure class=\"wp-block-image size-full has-custom-border\"><img loading=\"lazy\" decoding=\"async\" class=\"wp-image-13582\" src=\"https:\/\/projectes.xtec.cat\/canaldereporters\/wp-content\/uploads\/usu2921\/2024\/01\/10.png\" sizes=\"auto, (max-width: 200px) 100vw, 200px\" srcset=\"https:\/\/projectes.xtec.cat\/canaldereporters\/wp-content\/uploads\/usu2921\/2024\/01\/10.png 200w, https:\/\/projectes.xtec.cat\/canaldereporters\/wp-content\/uploads\/usu2921\/2024\/01\/10-150x150.png 150w\" alt=\"\" width=\"200\" height=\"200\" \/><\/figure>\n<p>&nbsp;<\/p>\n<figure class=\"wp-block-image size-full has-custom-border\"><a href=\"https:\/\/serveiseducatius.xtec.cat\/vallesoccidental8\/portada\/radio-a-lescola-100-anys-explicant-histories\/\" target=\"_blank\" rel=\"noreferrer noopener\"><img loading=\"lazy\" decoding=\"async\" class=\"wp-image-13590\" src=\"https:\/\/projectes.xtec.cat\/canaldereporters\/wp-content\/uploads\/usu2921\/2024\/01\/18.png\" sizes=\"auto, (max-width: 200px) 100vw, 200px\" srcset=\"https:\/\/projectes.xtec.cat\/canaldereporters\/wp-content\/uploads\/usu2921\/2024\/01\/18.png 200w, https:\/\/projectes.xtec.cat\/canaldereporters\/wp-content\/uploads\/usu2921\/2024\/01\/18-150x150.png 150w\" alt=\"\" width=\"200\" height=\"200\" \/><\/a><\/figure>\n<p>&nbsp;<\/p>\n<figure class=\"wp-block-image size-full has-custom-border\"><a href=\"https:\/\/serveiseducatius.xtec.cat\/altpenedes\/radioalescola\/cent-anys-explicant-histories\/\" target=\"_blank\" rel=\"noreferrer noopener\"><img loading=\"lazy\" decoding=\"async\" class=\"wp-image-13648\" src=\"https:\/\/projectes.xtec.cat\/canaldereporters\/wp-content\/uploads\/usu2921\/2024\/02\/alt_penedes-1.png\" sizes=\"auto, (max-width: 200px) 100vw, 200px\" srcset=\"https:\/\/projectes.xtec.cat\/canaldereporters\/wp-content\/uploads\/usu2921\/2024\/02\/alt_penedes-1.png 200w, https:\/\/projectes.xtec.cat\/canaldereporters\/wp-content\/uploads\/usu2921\/2024\/02\/alt_penedes-1-150x150.png 150w\" alt=\"\" width=\"200\" height=\"200\" \/><\/a><\/figure>\n<p>&nbsp;<\/p>\n<\/div>\n<div class=\"wp-block-column is-layout-flow wp-block-column-is-layout-flow\">\n<figure class=\"wp-block-image size-full has-custom-border\"><a href=\"https:\/\/serveiseducatius.xtec.cat\/vallesoriental3\/portada\/100-anys-explicant-histories\/\" target=\"_blank\" rel=\"noreferrer noopener\"><img loading=\"lazy\" decoding=\"async\" class=\"wp-image-13576\" src=\"https:\/\/projectes.xtec.cat\/canaldereporters\/wp-content\/uploads\/usu2921\/2024\/01\/4.png\" sizes=\"auto, (max-width: 200px) 100vw, 200px\" srcset=\"https:\/\/projectes.xtec.cat\/canaldereporters\/wp-content\/uploads\/usu2921\/2024\/01\/4.png 200w, https:\/\/projectes.xtec.cat\/canaldereporters\/wp-content\/uploads\/usu2921\/2024\/01\/4-150x150.png 150w\" alt=\"\" width=\"200\" height=\"200\" \/><\/a><\/figure>\n<p>&nbsp;<\/p>\n<figure class=\"wp-block-image size-full has-custom-border\"><a href=\"https:\/\/serveiseducatius.xtec.cat\/vallesoccidental7\/100-anys-de-radio\/\" target=\"_blank\" rel=\"noreferrer noopener\"><img loading=\"lazy\" decoding=\"async\" class=\"wp-image-13583\" src=\"https:\/\/projectes.xtec.cat\/canaldereporters\/wp-content\/uploads\/usu2921\/2024\/01\/11.png\" sizes=\"auto, (max-width: 200px) 100vw, 200px\" srcset=\"https:\/\/projectes.xtec.cat\/canaldereporters\/wp-content\/uploads\/usu2921\/2024\/01\/11.png 200w, https:\/\/projectes.xtec.cat\/canaldereporters\/wp-content\/uploads\/usu2921\/2024\/01\/11-150x150.png 150w\" alt=\"\" width=\"200\" height=\"200\" \/><\/a><\/figure>\n<p>&nbsp;<\/p>\n<figure class=\"wp-block-image size-full has-custom-border\"><a href=\"https:\/\/serveiseducatius.xtec.cat\/baixmaresme\/general\/100-anys-de-radio-100-anys-explicant-histories\/\" target=\"_blank\" rel=\"noreferrer noopener\"><img loading=\"lazy\" decoding=\"async\" class=\"wp-image-13591\" src=\"https:\/\/projectes.xtec.cat\/canaldereporters\/wp-content\/uploads\/usu2921\/2024\/01\/19.png\" sizes=\"auto, (max-width: 200px) 100vw, 200px\" srcset=\"https:\/\/projectes.xtec.cat\/canaldereporters\/wp-content\/uploads\/usu2921\/2024\/01\/19.png 200w, https:\/\/projectes.xtec.cat\/canaldereporters\/wp-content\/uploads\/usu2921\/2024\/01\/19-150x150.png 150w\" alt=\"\" width=\"200\" height=\"200\" \/><\/a><\/figure>\n<p>&nbsp;<\/p>\n<p>&nbsp;<\/p>\n<\/div>\n<div class=\"wp-block-column is-layout-flow wp-block-column-is-layout-flow\">\n<figure class=\"wp-block-image size-full has-custom-border\"><a href=\"https:\/\/serveiseducatius.xtec.cat\/selva2\/general\/dia-mundial-de-la-radio-100-anys-explicant-histories\/\" target=\"_blank\" rel=\"noreferrer noopener\"><img loading=\"lazy\" decoding=\"async\" class=\"wp-image-13577\" src=\"https:\/\/projectes.xtec.cat\/canaldereporters\/wp-content\/uploads\/usu2921\/2024\/01\/5.png\" sizes=\"auto, (max-width: 200px) 100vw, 200px\" srcset=\"https:\/\/projectes.xtec.cat\/canaldereporters\/wp-content\/uploads\/usu2921\/2024\/01\/5.png 200w, https:\/\/projectes.xtec.cat\/canaldereporters\/wp-content\/uploads\/usu2921\/2024\/01\/5-150x150.png 150w\" alt=\"\" width=\"200\" height=\"200\" \/><\/a><\/figure>\n<p>&nbsp;<\/p>\n<figure class=\"wp-block-image size-full has-custom-border\"><a href=\"https:\/\/serveiseducatius.xtec.cat\/alturgell\/radio-a-lescola100-anys-explicant-histories\/\" target=\"_blank\" rel=\"noreferrer noopener\"><img loading=\"lazy\" decoding=\"async\" class=\"wp-image-13584\" src=\"https:\/\/projectes.xtec.cat\/canaldereporters\/wp-content\/uploads\/usu2921\/2024\/01\/12.png\" sizes=\"auto, (max-width: 200px) 100vw, 200px\" srcset=\"https:\/\/projectes.xtec.cat\/canaldereporters\/wp-content\/uploads\/usu2921\/2024\/01\/12.png 200w, https:\/\/projectes.xtec.cat\/canaldereporters\/wp-content\/uploads\/usu2921\/2024\/01\/12-150x150.png 150w\" alt=\"\" width=\"200\" height=\"200\" \/><\/a><\/figure>\n<p>&nbsp;<\/p>\n<figure class=\"wp-block-image size-full has-custom-border\"><a href=\"https:\/\/serveiseducatius.xtec.cat\/vallesoccidental3\/categoria\/dinamitzacio\/radio\/\" target=\"_blank\" rel=\"noreferrer noopener\"><img loading=\"lazy\" decoding=\"async\" class=\"wp-image-13592\" src=\"https:\/\/projectes.xtec.cat\/canaldereporters\/wp-content\/uploads\/usu2921\/2024\/01\/20.png\" sizes=\"auto, (max-width: 200px) 100vw, 200px\" srcset=\"https:\/\/projectes.xtec.cat\/canaldereporters\/wp-content\/uploads\/usu2921\/2024\/01\/20.png 200w, https:\/\/projectes.xtec.cat\/canaldereporters\/wp-content\/uploads\/usu2921\/2024\/01\/20-150x150.png 150w\" alt=\"\" width=\"200\" height=\"200\" \/><\/a><\/figure>\n<p>&nbsp;<\/p>\n<\/div>\n<div class=\"wp-block-column is-layout-flow wp-block-column-is-layout-flow\">\n<figure class=\"wp-block-image size-full has-custom-border\"><a href=\"https:\/\/serveiseducatius.xtec.cat\/vallesoriental2\/categoria\/projectes\/radio-escola\/\" target=\"_blank\" rel=\"noreferrer noopener\"><img loading=\"lazy\" decoding=\"async\" class=\"wp-image-13578\" src=\"https:\/\/projectes.xtec.cat\/canaldereporters\/wp-content\/uploads\/usu2921\/2024\/01\/6.png\" sizes=\"auto, (max-width: 200px) 100vw, 200px\" srcset=\"https:\/\/projectes.xtec.cat\/canaldereporters\/wp-content\/uploads\/usu2921\/2024\/01\/6.png 200w, https:\/\/projectes.xtec.cat\/canaldereporters\/wp-content\/uploads\/usu2921\/2024\/01\/6-150x150.png 150w\" alt=\"\" width=\"200\" height=\"200\" \/><\/a><\/figure>\n<p>&nbsp;<\/p>\n<figure class=\"wp-block-image size-full has-custom-border\"><a href=\"https:\/\/serveiseducatius.xtec.cat\/urgell\/radio-a-lescola100-anys-explicant-histories\/\" target=\"_blank\" rel=\"noreferrer noopener\"><img loading=\"lazy\" decoding=\"async\" class=\"wp-image-13585\" src=\"https:\/\/projectes.xtec.cat\/canaldereporters\/wp-content\/uploads\/usu2921\/2024\/01\/13.png\" sizes=\"auto, (max-width: 200px) 100vw, 200px\" srcset=\"https:\/\/projectes.xtec.cat\/canaldereporters\/wp-content\/uploads\/usu2921\/2024\/01\/13.png 200w, https:\/\/projectes.xtec.cat\/canaldereporters\/wp-content\/uploads\/usu2921\/2024\/01\/13-150x150.png 150w\" alt=\"\" width=\"200\" height=\"200\" \/><\/a><\/figure>\n<p>&nbsp;<\/p>\n<figure class=\"wp-block-image size-full has-custom-border\"><a href=\"https:\/\/serveiseducatius.xtec.cat\/vallesoccidental1\/categoria\/dinamitzacio\/radio\/\" target=\"_blank\" rel=\"noreferrer noopener\"><img loading=\"lazy\" decoding=\"async\" class=\"wp-image-13589\" src=\"https:\/\/projectes.xtec.cat\/canaldereporters\/wp-content\/uploads\/usu2921\/2024\/01\/17.png\" sizes=\"auto, (max-width: 200px) 100vw, 200px\" srcset=\"https:\/\/projectes.xtec.cat\/canaldereporters\/wp-content\/uploads\/usu2921\/2024\/01\/17.png 200w, https:\/\/projectes.xtec.cat\/canaldereporters\/wp-content\/uploads\/usu2921\/2024\/01\/17-150x150.png 150w\" alt=\"\" width=\"200\" height=\"200\" \/><\/a><\/figure>\n<p>&nbsp;<\/p>\n<\/div>\n<div class=\"wp-block-column is-layout-flow wp-block-column-is-layout-flow\">\n<figure class=\"wp-block-image size-full has-custom-border\"><a href=\"https:\/\/serveiseducatius.xtec.cat\/vallesoriental1\/100-anys-explicant-histories\/\" target=\"_blank\" rel=\"noreferrer noopener\"><img loading=\"lazy\" decoding=\"async\" class=\"wp-image-13579\" src=\"https:\/\/projectes.xtec.cat\/canaldereporters\/wp-content\/uploads\/usu2921\/2024\/01\/7.png\" sizes=\"auto, (max-width: 200px) 100vw, 200px\" srcset=\"https:\/\/projectes.xtec.cat\/canaldereporters\/wp-content\/uploads\/usu2921\/2024\/01\/7.png 200w, https:\/\/projectes.xtec.cat\/canaldereporters\/wp-content\/uploads\/usu2921\/2024\/01\/7-150x150.png 150w\" alt=\"\" width=\"200\" height=\"200\" \/><\/a><\/figure>\n<p>&nbsp;<\/p>\n<figure class=\"wp-block-image size-full has-custom-border\"><a href=\"https:\/\/serveiseducatius.xtec.cat\/segria\/radio-escolar\/\" target=\"_blank\" rel=\"noreferrer noopener\"><img loading=\"lazy\" decoding=\"async\" class=\"wp-image-13586\" src=\"https:\/\/projectes.xtec.cat\/canaldereporters\/wp-content\/uploads\/usu2921\/2024\/01\/14.png\" sizes=\"auto, (max-width: 200px) 100vw, 200px\" srcset=\"https:\/\/projectes.xtec.cat\/canaldereporters\/wp-content\/uploads\/usu2921\/2024\/01\/14.png 200w, https:\/\/projectes.xtec.cat\/canaldereporters\/wp-content\/uploads\/usu2921\/2024\/01\/14-150x150.png 150w\" alt=\"\" width=\"200\" height=\"200\" \/><\/a><\/figure>\n<p>&nbsp;<\/p>\n<figure class=\"wp-block-image size-full has-custom-border\"><a href=\"https:\/\/serveiseducatius.xtec.cat\/santacolomag\/100-anys-explicant-histories\/\" target=\"_blank\" rel=\"noreferrer noopener\"><img loading=\"lazy\" decoding=\"async\" class=\"wp-image-13574\" src=\"https:\/\/projectes.xtec.cat\/canaldereporters\/wp-content\/uploads\/usu2921\/2024\/01\/2-1.png\" sizes=\"auto, (max-width: 200px) 100vw, 200px\" srcset=\"https:\/\/projectes.xtec.cat\/canaldereporters\/wp-content\/uploads\/usu2921\/2024\/01\/2-1.png 200w, https:\/\/projectes.xtec.cat\/canaldereporters\/wp-content\/uploads\/usu2921\/2024\/01\/2-1-150x150.png 150w\" alt=\"\" width=\"200\" height=\"200\" \/><\/a><\/figure>\n<\/div>\n<\/div>\n<\/div>\n<\/div>\n<\/div>\n<\/div>\n<\/div>\n<div class=\"wp-block-getwid-section alignwide alignwide getwid-init\">\n<div class=\"wp-block-getwid-section__wrapper\">\n<div class=\"wp-block-getwid-section__inner-wrapper\">\n<div class=\"wp-block-getwid-section__content\">\n<div class=\"wp-block-getwid-section__inner-content\">\n<div class=\"wp-block-columns is-layout-flex wp-container-8 wp-block-columns-is-layout-flex\">\n<div class=\"wp-block-column is-layout-flow wp-block-column-is-layout-flow\">\n<figure class=\"wp-block-image size-full has-custom-border\"><\/figure>\n<p>&nbsp;<\/p>\n<p>&nbsp;<\/p>\n<\/div>\n<\/div>\n<\/div>\n<\/div>\n<\/div>\n<\/div>\n<\/div>\n","protected":false},"excerpt":{"rendered":"<p>Aquest 2024 celebrem els\u00a0100 anys de la r\u00e0dio a Catalunya, commemorant la primera emissi\u00f3 de R\u00e0dio a Catalunya amb l\u2019emissi\u00f3 de R\u00e0dio Barcelona EAJ-1 el 1924. El desembre del 2011 l\u2019Assemblea General de les Nacions Unides va acordar la celebraci\u00f3 del\u00a0dia Mundial de la R\u00e0dio el 13 de febrer, per ser el dia en qu\u00e8 [&hellip;]<\/p>\n","protected":false},"author":1,"featured_media":12061,"comment_status":"closed","ping_status":"closed","sticky":false,"template":"","format":"standard","meta":{"_bbp_topic_count":0,"_bbp_reply_count":0,"_bbp_total_topic_count":0,"_bbp_total_reply_count":0,"_bbp_voice_count":0,"_bbp_anonymous_reply_count":0,"_bbp_topic_count_hidden":0,"_bbp_reply_count_hidden":0,"_bbp_forum_subforum_count":0,"site-sidebar-layout":"default","site-content-layout":"","ast-site-content-layout":"","site-content-style":"default","site-sidebar-style":"default","ast-global-header-display":"","ast-banner-title-visibility":"","ast-main-header-display":"","ast-hfb-above-header-display":"","ast-hfb-below-header-display":"","ast-hfb-mobile-header-display":"","site-post-title":"","ast-breadcrumbs-content":"","ast-featured-img":"","footer-sml-layout":"","theme-transparent-header-meta":"","adv-header-id-meta":"","stick-header-meta":"","header-above-stick-meta":"","header-main-stick-meta":"","header-below-stick-meta":"","astra-migrate-meta-layouts":"default","ast-page-background-enabled":"default","ast-page-background-meta":{"desktop":{"background-color":"var(--ast-global-color-4)","background-image":"","background-repeat":"repeat","background-position":"center center","background-size":"auto","background-attachment":"scroll","background-type":"","background-media":"","overlay-type":"","overlay-color":"","overlay-opacity":"","overlay-gradient":""},"tablet":{"background-color":"","background-image":"","background-repeat":"repeat","background-position":"center center","background-size":"auto","background-attachment":"scroll","background-type":"","background-media":"","overlay-type":"","overlay-color":"","overlay-opacity":"","overlay-gradient":""},"mobile":{"background-color":"","background-image":"","background-repeat":"repeat","background-position":"center center","background-size":"auto","background-attachment":"scroll","background-type":"","background-media":"","overlay-type":"","overlay-color":"","overlay-opacity":"","overlay-gradient":""}},"ast-content-background-meta":{"desktop":{"background-color":"var(--ast-global-color-5)","background-image":"","background-repeat":"repeat","background-position":"center center","background-size":"auto","background-attachment":"scroll","background-type":"","background-media":"","overlay-type":"","overlay-color":"","overlay-opacity":"","overlay-gradient":""},"tablet":{"background-color":"var(--ast-global-color-5)","background-image":"","background-repeat":"repeat","background-position":"center center","background-size":"auto","background-attachment":"scroll","background-type":"","background-media":"","overlay-type":"","overlay-color":"","overlay-opacity":"","overlay-gradient":""},"mobile":{"background-color":"var(--ast-global-color-5)","background-image":"","background-repeat":"repeat","background-position":"center center","background-size":"auto","background-attachment":"scroll","background-type":"","background-media":"","overlay-type":"","overlay-color":"","overlay-opacity":"","overlay-gradient":""}},"footnotes":""},"categories":[65,1,301,294,303],"tags":[548,549],"class_list":["post-12078","post","type-post","status-publish","format-standard","has-post-thumbnail","hentry","category-crp","category-general","category-llengues","category-noticies","category-radio-escola","tag-100anysradio","tag-canaldereporters"],"post_mailing_queue_ids":[],"_links":{"self":[{"href":"https:\/\/serveiseducatius.xtec.cat\/vallesoriental2\/wp-json\/wp\/v2\/posts\/12078","targetHints":{"allow":["GET"]}}],"collection":[{"href":"https:\/\/serveiseducatius.xtec.cat\/vallesoriental2\/wp-json\/wp\/v2\/posts"}],"about":[{"href":"https:\/\/serveiseducatius.xtec.cat\/vallesoriental2\/wp-json\/wp\/v2\/types\/post"}],"author":[{"embeddable":true,"href":"https:\/\/serveiseducatius.xtec.cat\/vallesoriental2\/wp-json\/wp\/v2\/users\/1"}],"replies":[{"embeddable":true,"href":"https:\/\/serveiseducatius.xtec.cat\/vallesoriental2\/wp-json\/wp\/v2\/comments?post=12078"}],"version-history":[{"count":6,"href":"https:\/\/serveiseducatius.xtec.cat\/vallesoriental2\/wp-json\/wp\/v2\/posts\/12078\/revisions"}],"predecessor-version":[{"id":12109,"href":"https:\/\/serveiseducatius.xtec.cat\/vallesoriental2\/wp-json\/wp\/v2\/posts\/12078\/revisions\/12109"}],"wp:featuredmedia":[{"embeddable":true,"href":"https:\/\/serveiseducatius.xtec.cat\/vallesoriental2\/wp-json\/wp\/v2\/media\/12061"}],"wp:attachment":[{"href":"https:\/\/serveiseducatius.xtec.cat\/vallesoriental2\/wp-json\/wp\/v2\/media?parent=12078"}],"wp:term":[{"taxonomy":"category","embeddable":true,"href":"https:\/\/serveiseducatius.xtec.cat\/vallesoriental2\/wp-json\/wp\/v2\/categories?post=12078"},{"taxonomy":"post_tag","embeddable":true,"href":"https:\/\/serveiseducatius.xtec.cat\/vallesoriental2\/wp-json\/wp\/v2\/tags?post=12078"}],"curies":[{"name":"wp","href":"https:\/\/api.w.org\/{rel}","templated":true}]}}