{"id":12062,"date":"2024-02-01T14:04:23","date_gmt":"2024-02-01T13:04:23","guid":{"rendered":"https:\/\/serveiseducatius.xtec.cat\/vallesoriental2\/?p=12062"},"modified":"2024-02-01T14:04:23","modified_gmt":"2024-02-01T13:04:23","slug":"equitat-menstrual","status":"publish","type":"post","link":"https:\/\/serveiseducatius.xtec.cat\/vallesoriental2\/general\/equitat-menstrual\/","title":{"rendered":"Equitat menstrual"},"content":{"rendered":"<p><a href=\"https:\/\/serveiseducatius.xtec.cat\/vallesoriental2\/wp-content\/uploads\/usu1134\/2024\/02\/equitat-menstrual.jpg\"><img loading=\"lazy\" decoding=\"async\" class=\"aligncenter  wp-image-12063\" src=\"https:\/\/serveiseducatius.xtec.cat\/vallesoriental2\/wp-content\/uploads\/usu1134\/2024\/02\/equitat-menstrual.jpg\" alt=\"\" width=\"441\" height=\"199\" srcset=\"https:\/\/serveiseducatius.xtec.cat\/vallesoriental2\/wp-content\/uploads\/usu1134\/2024\/02\/equitat-menstrual.jpg 335w, https:\/\/serveiseducatius.xtec.cat\/vallesoriental2\/wp-content\/uploads\/usu1134\/2024\/02\/equitat-menstrual-300x135.jpg 300w\" sizes=\"auto, (max-width: 441px) 100vw, 441px\" \/><\/a><\/p>\n<p>El Departament d\u2019Educaci\u00f3 posa a disposici\u00f3 de tots els centres educatius de Catalunya la <a href=\"https:\/\/drive.google.com\/file\/d\/1-9Pz9MjESmuxRJZxQp5FjbnQME6N0LGr\/view\" target=\"_blank\" rel=\"noopener\"><strong><em>Guia per al coneixement sobre la menstruaci\u00f3: Equitat menstrual.<\/em><\/strong><\/a><br \/>\nAquesta guia s\u2019emmarca dintre l\u2019Estrat\u00e8gia de Drets Sexuals i Reproductius de la Generalitat de Catalunya, en qu\u00e8 ha col\u00b7laborat el Departament d\u2019Igualtat i Feminisme, i t\u00e9 com a objectiu garantir aquests drets en el conjunt de la poblaci\u00f3 i, en el cas que ens ocupa, en l\u2019\u00e0mbit educatiu, es vol implementar una educaci\u00f3 en sexualitats feminista.<\/p>\n<p><a href=\"https:\/\/serveiseducatius.xtec.cat\/vallesoriental2\/wp-content\/uploads\/usu1134\/2024\/02\/Equitat-Menstrual-.pdf\">Equitat Menstrual<\/a><\/p>\n","protected":false},"excerpt":{"rendered":"<p>El Departament d\u2019Educaci\u00f3 posa a disposici\u00f3 de tots els centres educatius de Catalunya la Guia per al coneixement sobre la menstruaci\u00f3: Equitat menstrual. Aquesta guia s\u2019emmarca dintre l\u2019Estrat\u00e8gia de Drets Sexuals i Reproductius de la Generalitat de Catalunya, en qu\u00e8 ha col\u00b7laborat el Departament d\u2019Igualtat i Feminisme, i t\u00e9 com a objectiu garantir aquests drets [&hellip;]<\/p>\n","protected":false},"author":1,"featured_media":12063,"comment_status":"closed","ping_status":"closed","sticky":false,"template":"","format":"standard","meta":{"_bbp_topic_count":0,"_bbp_reply_count":0,"_bbp_total_topic_count":0,"_bbp_total_reply_count":0,"_bbp_voice_count":0,"_bbp_anonymous_reply_count":0,"_bbp_topic_count_hidden":0,"_bbp_reply_count_hidden":0,"_bbp_forum_subforum_count":0,"site-sidebar-layout":"default","site-content-layout":"","ast-site-content-layout":"","site-content-style":"default","site-sidebar-style":"default","ast-global-header-display":"","ast-banner-title-visibility":"","ast-main-header-display":"","ast-hfb-above-header-display":"","ast-hfb-below-header-display":"","ast-hfb-mobile-header-display":"","site-post-title":"","ast-breadcrumbs-content":"","ast-featured-img":"","footer-sml-layout":"","theme-transparent-header-meta":"","adv-header-id-meta":"","stick-header-meta":"","header-above-stick-meta":"","header-main-stick-meta":"","header-below-stick-meta":"","astra-migrate-meta-layouts":"default","ast-page-background-enabled":"default","ast-page-background-meta":{"desktop":{"background-color":"var(--ast-global-color-4)","background-image":"","background-repeat":"repeat","background-position":"center center","background-size":"auto","background-attachment":"scroll","background-type":"","background-media":"","overlay-type":"","overlay-color":"","overlay-opacity":"","overlay-gradient":""},"tablet":{"background-color":"","background-image":"","background-repeat":"repeat","background-position":"center center","background-size":"auto","background-attachment":"scroll","background-type":"","background-media":"","overlay-type":"","overlay-color":"","overlay-opacity":"","overlay-gradient":""},"mobile":{"background-color":"","background-image":"","background-repeat":"repeat","background-position":"center center","background-size":"auto","background-attachment":"scroll","background-type":"","background-media":"","overlay-type":"","overlay-color":"","overlay-opacity":"","overlay-gradient":""}},"ast-content-background-meta":{"desktop":{"background-color":"var(--ast-global-color-5)","background-image":"","background-repeat":"repeat","background-position":"center center","background-size":"auto","background-attachment":"scroll","background-type":"","background-media":"","overlay-type":"","overlay-color":"","overlay-opacity":"","overlay-gradient":""},"tablet":{"background-color":"var(--ast-global-color-5)","background-image":"","background-repeat":"repeat","background-position":"center center","background-size":"auto","background-attachment":"scroll","background-type":"","background-media":"","overlay-type":"","overlay-color":"","overlay-opacity":"","overlay-gradient":""},"mobile":{"background-color":"var(--ast-global-color-5)","background-image":"","background-repeat":"repeat","background-position":"center center","background-size":"auto","background-attachment":"scroll","background-type":"","background-media":"","overlay-type":"","overlay-color":"","overlay-opacity":"","overlay-gradient":""}},"footnotes":""},"categories":[65,1,294],"tags":[546],"class_list":["post-12062","post","type-post","status-publish","format-standard","has-post-thumbnail","hentry","category-crp","category-general","category-noticies","tag-equitat-menstrual"],"post_mailing_queue_ids":[],"_links":{"self":[{"href":"https:\/\/serveiseducatius.xtec.cat\/vallesoriental2\/wp-json\/wp\/v2\/posts\/12062","targetHints":{"allow":["GET"]}}],"collection":[{"href":"https:\/\/serveiseducatius.xtec.cat\/vallesoriental2\/wp-json\/wp\/v2\/posts"}],"about":[{"href":"https:\/\/serveiseducatius.xtec.cat\/vallesoriental2\/wp-json\/wp\/v2\/types\/post"}],"author":[{"embeddable":true,"href":"https:\/\/serveiseducatius.xtec.cat\/vallesoriental2\/wp-json\/wp\/v2\/users\/1"}],"replies":[{"embeddable":true,"href":"https:\/\/serveiseducatius.xtec.cat\/vallesoriental2\/wp-json\/wp\/v2\/comments?post=12062"}],"version-history":[{"count":1,"href":"https:\/\/serveiseducatius.xtec.cat\/vallesoriental2\/wp-json\/wp\/v2\/posts\/12062\/revisions"}],"predecessor-version":[{"id":12065,"href":"https:\/\/serveiseducatius.xtec.cat\/vallesoriental2\/wp-json\/wp\/v2\/posts\/12062\/revisions\/12065"}],"wp:featuredmedia":[{"embeddable":true,"href":"https:\/\/serveiseducatius.xtec.cat\/vallesoriental2\/wp-json\/wp\/v2\/media\/12063"}],"wp:attachment":[{"href":"https:\/\/serveiseducatius.xtec.cat\/vallesoriental2\/wp-json\/wp\/v2\/media?parent=12062"}],"wp:term":[{"taxonomy":"category","embeddable":true,"href":"https:\/\/serveiseducatius.xtec.cat\/vallesoriental2\/wp-json\/wp\/v2\/categories?post=12062"},{"taxonomy":"post_tag","embeddable":true,"href":"https:\/\/serveiseducatius.xtec.cat\/vallesoriental2\/wp-json\/wp\/v2\/tags?post=12062"}],"curies":[{"name":"wp","href":"https:\/\/api.w.org\/{rel}","templated":true}]}}